{"id":6356,"date":"2020-11-04T18:26:52","date_gmt":"2020-11-04T15:26:52","guid":{"rendered":"http:\/\/mersinekonomipolitikagazetesi.com\/?p=6356"},"modified":"2020-11-04T18:26:52","modified_gmt":"2020-11-04T15:26:52","slug":"toroslar-zabitasindan-pazar-esnafina-3-metre-uyarisi","status":"publish","type":"post","link":"https:\/\/mersinekonomipolitikagazetesi.com\/?p=6356","title":{"rendered":"Toroslar zab\u0131tas\u0131ndan pazar esnaf\u0131na 3 metre uyar\u0131s\u0131"},"content":{"rendered":"<p>Toroslar Belediyesi Zab\u0131ta M\u00fcd\u00fcrl\u00fc\u011f\u00fc ekipleri, il\u00e7e genelinde kurulan semt pazarlar\u0131nda 3 metre kural\u0131na y\u00f6nelik denetimler ger\u00e7ekle\u015ftirdi.\u00a0 \u00a0<br \/>\n\u00a0 Korona vir\u00fcs (Covid-19) salg\u0131n\u0131 ile m\u00fccadele kapsam\u0131nda \u0130\u00e7i\u015fleri Bakanl\u0131\u011f\u0131nca yay\u0131nlanan genelge gere\u011fi, pazar tezgahlar\u0131 aras\u0131nda 3 metre mesafe bulunmas\u0131na ili\u015fkin semt pazarlar\u0131nda denetimler yapan ekipler, ayr\u0131ca pazar esnaf\u0131na eldiven ve maske kullan\u0131m\u0131 konusunda da uyar\u0131larda bulundu. Pazar esnaf\u0131ndan tek kullan\u0131ml\u0131k eldiven kullanmalar\u0131n\u0131 da isteyen ekipler, tezgahlardaki hijyen ve temizli\u011fe daha \u00e7ok dikkat edilmesi ve m\u00fc\u015fterilerin \u00fcr\u00fcnleri dokunarak se\u00e7memeleri gibi konularda da bilgiler verdi.\u00a0<br \/>\n\u00a0 &#8220;Salg\u0131nla m\u00fccadelede sosyal mesafeyi korumal\u0131y\u0131z&#8221;\u00a0<br \/>\n\u00a0 Toroslar Belediye Ba\u015fkan\u0131 Ats\u0131z Af\u015f\u0131n Y\u0131lmaz, vatanda\u015flar\u0131n yo\u011fun olarak kulland\u0131\u011f\u0131 alanlardan olan pazarlarda hijyen, temizlik ve sosyal mesafe kural\u0131na y\u00f6nelik denetimlerini s\u0131kla\u015ft\u0131rd\u0131klar\u0131n\u0131 s\u00f6yledi. Korona vir\u00fcs salg\u0131n\u0131n\u0131 \u00f6nlemenin en \u00f6nemli kural\u0131n\u0131n sosyal mesafeyi korumak ve yak\u0131n temastan ka\u00e7\u0131nmak oldu\u011funu belirten Y\u0131lmaz, &#8220;Ekiplerimiz, il\u00e7emiz genelindeki semt pazarlar\u0131nda yo\u011funlu\u011fu azaltmak amac\u0131yla tezgahlar aras\u0131nda 3 metre mesafenin bulunmas\u0131na ili\u015fkin denetimler yap\u0131yor. Bu salg\u0131n\u0131n \u00f6nlenmesi i\u00e7in sosyal mesafeyi korumal\u0131y\u0131z. Bu nedenle vatanda\u015flar\u0131m\u0131zdan maksimum evde kalarak d\u0131\u015far\u0131ya \u00e7\u0131kmalar\u0131n\u0131 istiyoruz. Toroslar Belediyesi olarak korona vir\u00fcs ile ilgili m\u00fccadele kapsam\u0131nda al\u0131nmas\u0131 gereken t\u00fcm tedbirleri uyguluyoruz&#8221; dedi.\u00a0<\/p>\n","protected":false},"excerpt":{"rendered":"<p>Toroslar Belediyesi Zab\u0131ta M\u00fcd\u00fcrl\u00fc\u011f\u00fc ekipleri, il\u00e7e genelinde kurulan semt pazarlar\u0131nda 3 metre kural\u0131na y\u00f6nelik denetimler ger\u00e7ekle\u015ftirdi.\u00a0 \u00a0 \u00a0 Korona vir\u00fcs (Covid-19) salg\u0131n\u0131 ile m\u00fccadele kapsam\u0131nda \u0130\u00e7i\u015fleri Bakanl\u0131\u011f\u0131nca yay\u0131nlanan genelge gere\u011fi, &hellip; <a href=\"https:\/\/mersinekonomipolitikagazetesi.com\/?p=6356\" class=\"more-link\">Devam\u0131n\u0131 Oku&#8230;<\/a><\/p>\n","protected":false},"author":1,"featured_media":0,"comment_status":"open","ping_status":"open","sticky":false,"template":"","format":"standard","meta":[],"categories":[],"tags":[],"_links":{"self":[{"href":"https:\/\/mersinekonomipolitikagazetesi.com\/index.php?rest_route=\/wp\/v2\/posts\/6356"}],"collection":[{"href":"https:\/\/mersinekonomipolitikagazetesi.com\/index.php?rest_route=\/wp\/v2\/posts"}],"about":[{"href":"https:\/\/mersinekonomipolitikagazetesi.com\/index.php?rest_route=\/wp\/v2\/types\/post"}],"author":[{"embeddable":true,"href":"https:\/\/mersinekonomipolitikagazetesi.com\/index.php?rest_route=\/wp\/v2\/users\/1"}],"replies":[{"embeddable":true,"href":"https:\/\/mersinekonomipolitikagazetesi.com\/index.php?rest_route=%2Fwp%2Fv2%2Fcomments&post=6356"}],"version-history":[{"count":0,"href":"https:\/\/mersinekonomipolitikagazetesi.com\/index.php?rest_route=\/wp\/v2\/posts\/6356\/revisions"}],"wp:attachment":[{"href":"https:\/\/mersinekonomipolitikagazetesi.com\/index.php?rest_route=%2Fwp%2Fv2%2Fmedia&parent=6356"}],"wp:term":[{"taxonomy":"category","embeddable":true,"href":"https:\/\/mersinekonomipolitikagazetesi.com\/index.php?rest_route=%2Fwp%2Fv2%2Fcategories&post=6356"},{"taxonomy":"post_tag","embeddable":true,"href":"https:\/\/mersinekonomipolitikagazetesi.com\/index.php?rest_route=%2Fwp%2Fv2%2Ftags&post=6356"}],"curies":[{"name":"wp","href":"https:\/\/api.w.org\/{rel}","templated":true}]}}