{"id":6357,"date":"2020-11-04T18:26:52","date_gmt":"2020-11-04T15:26:52","guid":{"rendered":"http:\/\/mersinekonomipolitikagazetesi.com\/?p=6357"},"modified":"2020-11-04T18:26:52","modified_gmt":"2020-11-04T15:26:52","slug":"basarir-kizilay-nerede","status":"publish","type":"post","link":"https:\/\/mersinekonomipolitikagazetesi.com\/?p=6357","title":{"rendered":"BA\u015eARIR: \u201cKIZILAY NEREDE?\u201d"},"content":{"rendered":"<p>CHP\u2019li Ba\u015far\u0131r, T\u00fcrk K\u0131z\u0131lay\u2019\u0131n\u0131n Covid-19 vir\u00fcs\u00fc ile m\u00fccadele noktas\u0131nda neler yapt\u0131\u011f\u0131na ili\u015fkin TBMM\u2019ye yaz\u0131l\u0131 soru \u00f6nergesi verdi.<\/p>\n<p>CHP Mersin Milletvekili Ali Mahir Ba\u015far\u0131r, Cumhurba\u015fkan\u0131 Yard\u0131mc\u0131s\u0131 Fuat Oktay\u2019\u0131n yan\u0131tlamas\u0131 istemi ile TBMM\u2019ye verdi\u011fi soru \u00f6nergesinde \u00fclkemizde Covid-19 vir\u00fcs\u00fc nedeniyle 131 vatanda\u015f\u0131m\u0131z\u0131n hayat\u0131n\u0131 kaybetti\u011fini hat\u0131rlatarak, K\u0131z\u0131lay\u2019\u0131n vir\u00fcs ile m\u00fccadele noktas\u0131nda neler yapt\u0131\u011f\u0131n\u0131 sordu. Ba\u015far\u0131r ayr\u0131ca 150\u2019den fazla mobil arac\u0131 olan K\u0131z\u0131lay\u2019\u0131n bu ara\u00e7lar\u0131 vir\u00fcs ile m\u00fccadelede kullan\u0131p kullanmad\u0131\u011f\u0131n\u0131, kullan\u0131lmakta ise hangi b\u00f6lgelerde kullan\u0131ld\u0131\u011f\u0131n\u0131 sordu.<\/p>\n<p>\n\u00a0&#8220;B\u00f6ylesine \u00f6nemli bir s\u00fcre\u00e7te K\u0131z\u0131lay&#8217;a \u00f6nemli g\u00f6revler d\u00fc\u015fmektedir&#8221;<\/p>\n<p>CHP\u2019li Ali Mahir Ba\u015far\u0131r \u00f6nergesinde; \u201cCovid-19 vir\u00fcs\u00fc salg\u0131n\u0131, \u00fclkemiz ve d\u00fcnyada etkili olmu\u015f ve olmaya da devam etmektedir. Bug\u00fcne kadar \u00fclkemizde Sa\u011fl\u0131k Bakan\u0131\u2019n\u0131n a\u00e7\u0131klamalar\u0131na g\u00f6re Covid-19 vir\u00fcs\u00fc nedeniyle 9 bin 217 vaka tespit edilmi\u015f ve ne yaz\u0131k ki 131 vatanda\u015f\u0131m\u0131z hayat\u0131n\u0131 kaybetmi\u015ftir. B\u00f6ylesine \u00f6nemli bir s\u00fcre\u00e7te; afet ve ola\u011fan\u00fcst\u00fc durumlarda ihtiya\u00e7 sahiplerine ve korumas\u0131zlara y\u00f6nelik yard\u0131m sa\u011flamak, toplumda yard\u0131mla\u015fmay\u0131 geli\u015ftirmek ve insanlar\u0131n zarar g\u00f6rebilirli\u011fini azaltmak amac\u0131n\u0131 ta\u015f\u0131yan T\u00fcrk K\u0131z\u0131lay kurulu\u015funa \u00f6nemli g\u00f6revler d\u00fc\u015fmektedir. Ancak K\u0131z\u0131lay\u2019\u0131n nerede ve nas\u0131l bir \u00e7al\u0131\u015fma y\u00fcr\u00fctt\u00fc\u011f\u00fc kamuoyu taraf\u0131ndan bilinmemektedir\u201d a\u00e7\u0131klamalar\u0131na yer verdi.\u00a0<\/p>\n<p>&#8220;K\u0131z\u0131lay, vir\u00fcsle m\u00fccadele kapsam\u0131nda ka\u00e7 vatanda\u015f\u0131m\u0131za el uzatm\u0131\u015ft\u0131r?&#8221;<\/p>\n<p>Mahir Ba\u015far\u0131r, \u015fu sorular\u0131n yan\u0131tlanmas\u0131n\u0131 istedi:<br \/>\n&#8220;Covid-19 vir\u00fcs\u00fcn\u00fcn \u00fclkemizi ve d\u00fcnyay\u0131 kas\u0131p kavurdu\u011fu bir d\u00f6nemde T\u00fcrk K\u0131z\u0131lay\u2019\u0131 vir\u00fcsle m\u00fccadele konusunda nerede, hangi \u00e7al\u0131\u015fmalar\u0131 y\u00fcr\u00fctmektedir? Covid-19 vir\u00fcs\u00fcn\u00fcn \u00fclkemizde g\u00f6r\u00fclmesinden bu yana K\u0131z\u0131lay, vir\u00fcsle m\u00fccadele kapsam\u0131nda ka\u00e7 vatanda\u015f\u0131m\u0131za el uzatm\u0131\u015ft\u0131r?<br \/>\nK\u0131z\u0131lay\u2019\u0131n s\u00f6z konusu vir\u00fcs\u00fcn \u00fclkemizde ba\u015f g\u00f6stermesinden bu zamana kadar kurdu\u011fu \u00e7ad\u0131r hastane, sa\u011fl\u0131k \u00e7ad\u0131rlar\u0131, kan laboratuvarlar\u0131 vs gibi birimler var m\u0131d\u0131r? Varsa nerelerde kurulmu\u015ftur? Yoksa, K\u0131z\u0131lay bu konuda ne zaman harekete ge\u00e7meyi d\u00fc\u015f\u00fcnmektedir?<br \/>\n150\u2019den fazla mobil arac\u0131 olan K\u0131z\u0131lay\u2019\u0131n bu ara\u00e7lar\u0131, Covid-19 vir\u00fcs\u00fc ile m\u00fccadele noktas\u0131nda kullan\u0131lmakta m\u0131d\u0131r? Kullan\u0131lmakta ise bu ara\u00e7lar nerelerde veya hangi b\u00f6lgelerde kullan\u0131lmaktad\u0131r?&#8221;<\/p>\n","protected":false},"excerpt":{"rendered":"<p>CHP\u2019li Ba\u015far\u0131r, T\u00fcrk K\u0131z\u0131lay\u2019\u0131n\u0131n Covid-19 vir\u00fcs\u00fc ile m\u00fccadele noktas\u0131nda neler yapt\u0131\u011f\u0131na ili\u015fkin TBMM\u2019ye yaz\u0131l\u0131 soru \u00f6nergesi verdi. CHP Mersin Milletvekili Ali Mahir Ba\u015far\u0131r, Cumhurba\u015fkan\u0131 Yard\u0131mc\u0131s\u0131 Fuat Oktay\u2019\u0131n yan\u0131tlamas\u0131 istemi ile &hellip; <a href=\"https:\/\/mersinekonomipolitikagazetesi.com\/?p=6357\" class=\"more-link\">Devam\u0131n\u0131 Oku&#8230;<\/a><\/p>\n","protected":false},"author":1,"featured_media":0,"comment_status":"open","ping_status":"open","sticky":false,"template":"","format":"standard","meta":[],"categories":[],"tags":[],"_links":{"self":[{"href":"https:\/\/mersinekonomipolitikagazetesi.com\/index.php?rest_route=\/wp\/v2\/posts\/6357"}],"collection":[{"href":"https:\/\/mersinekonomipolitikagazetesi.com\/index.php?rest_route=\/wp\/v2\/posts"}],"about":[{"href":"https:\/\/mersinekonomipolitikagazetesi.com\/index.php?rest_route=\/wp\/v2\/types\/post"}],"author":[{"embeddable":true,"href":"https:\/\/mersinekonomipolitikagazetesi.com\/index.php?rest_route=\/wp\/v2\/users\/1"}],"replies":[{"embeddable":true,"href":"https:\/\/mersinekonomipolitikagazetesi.com\/index.php?rest_route=%2Fwp%2Fv2%2Fcomments&post=6357"}],"version-history":[{"count":0,"href":"https:\/\/mersinekonomipolitikagazetesi.com\/index.php?rest_route=\/wp\/v2\/posts\/6357\/revisions"}],"wp:attachment":[{"href":"https:\/\/mersinekonomipolitikagazetesi.com\/index.php?rest_route=%2Fwp%2Fv2%2Fmedia&parent=6357"}],"wp:term":[{"taxonomy":"category","embeddable":true,"href":"https:\/\/mersinekonomipolitikagazetesi.com\/index.php?rest_route=%2Fwp%2Fv2%2Fcategories&post=6357"},{"taxonomy":"post_tag","embeddable":true,"href":"https:\/\/mersinekonomipolitikagazetesi.com\/index.php?rest_route=%2Fwp%2Fv2%2Ftags&post=6357"}],"curies":[{"name":"wp","href":"https:\/\/api.w.org\/{rel}","templated":true}]}}