{"id":6358,"date":"2020-11-04T18:26:52","date_gmt":"2020-11-04T15:26:52","guid":{"rendered":"http:\/\/mersinekonomipolitikagazetesi.com\/?p=6358"},"modified":"2020-11-04T18:26:52","modified_gmt":"2020-11-04T15:26:52","slug":"biz-senin-icin-tarladayiz-sen-evde-kal","status":"publish","type":"post","link":"https:\/\/mersinekonomipolitikagazetesi.com\/?p=6358","title":{"rendered":"B\u0130Z SEN\u0130N \u0130\u00c7\u0130N TARLADAYIZ SEN EVDE KAL"},"content":{"rendered":"<p>TZOB Genel Ba\u015fkan\u0131 \u015eemsi Bayraktar, salg\u0131n\u0131n etkisini devam ettirmesi durumunda k\u00fcresel \u00e7apta bir g\u0131da k\u0131tl\u0131\u011f\u0131 ile kar\u015f\u0131 kar\u015f\u0131ya kal\u0131nabileci\u011fini belirtti. Bayraktar, &#8220;G\u0131da g\u00fcvencemizi korumak istiyorsak, \u00fcreticilerimize daha fazla destek vermek, tar\u0131msal \u00fcretimimizi art\u0131rmak zorunday\u0131z.&#8221; dedi.\u00a0<\/p>\n<p>T\u00fcrkiye Ziraat Odalar\u0131 Birli\u011fi (TZOB) Genel Ba\u015fkan\u0131 Bayraktar, vatanda\u015flar\u0131 evde kalmaya davet ederken, \u00e7ift\u00e7ilerin ise g\u0131da ihtiyac\u0131n\u0131 kar\u015f\u0131lamak i\u00e7in b\u00fcy\u00fck bir \u00f6zveriyle \u00fcretmeye devam etti\u011fini bildirdi.<br \/>\nT\u00fcm kesimlere \u201cevde kal\u201d \u00e7a\u011fr\u0131s\u0131 yap\u0131l\u0131rken \u00e7ift\u00e7ilerin \u00e7al\u0131\u015fmak zorunda oldu\u011funu vurgulayan Bayraktar, \u201cSalg\u0131nla m\u00fccadele etti\u011fimiz bu s\u00fcre\u00e7te g\u0131daya eri\u015fimde s\u0131k\u0131nt\u0131 ya\u015fam\u0131yorsak, \u00e7ift\u00e7ilerimizin g\u00f6sterdi\u011fi fedakarl\u0131k sayesindedir. Biz senin i\u00e7in tarladay\u0131z sen evde kal T\u00fcrkiyem\u201d diye konu\u015ftu.<\/p>\n<p>\u201c\u00dcreticilerimize daha fazla destek vermek,\u00a0<br \/>\ntar\u0131msal \u00fcretimimizi art\u0131rmak zorunday\u0131z\u201d<\/p>\n<p>Beslenmenin hayati bir gereklilik oldu\u011funu vurgulayan Bayraktar, \u201c\u00c7ift\u00e7ilerimiz de herkes gibi endi\u015feli ancak \u00fclkemizin g\u0131da ihtiyac\u0131n\u0131 kar\u015f\u0131lamak i\u00e7in evlerinden \u00e7\u0131kmak, tarlaya gitmek durumundalar. \u00dcretimin aksamamas\u0131 i\u00e7in, \u00e7ift\u00e7ilerimizin sa\u011fl\u0131\u011f\u0131 g\u00fcvence alt\u0131na al\u0131nmal\u0131, acil \u00e7\u00f6z\u00fcm bekleyen sorunlar\u0131 \u00e7\u00f6z\u00fcme kavu\u015fturulmal\u0131d\u0131r. \u0130klim de\u011fi\u015fikli\u011fiyle, do\u011fal afetlerle m\u00fccadele eden d\u00fcnyam\u0131z bug\u00fcn ise uluslararas\u0131 \u00f6l\u00e7ekte etkili olan koronavir\u00fcs salg\u0131n\u0131 ile sava\u015f veriyor. Ya\u015fanan bu geli\u015fmeler tar\u0131msal \u00fcretimi do\u011frudan etkiliyor. Di\u011fer \u00fclkelerden gelen, marketlerin ya\u011fmaland\u0131\u011f\u0131, insanlar\u0131n g\u0131da sto\u011fu yapmak i\u00e7in yar\u0131\u015ft\u0131\u011f\u0131 g\u00f6r\u00fcnt\u00fcler tar\u0131msal \u00fcretimin ne kadar \u00f6nemli oldu\u011funu g\u00f6zler \u00f6n\u00fcne seriyor. Hen\u00fcz kontrol alt\u0131na al\u0131namayan bu salg\u0131n\u0131n etkisini devam ettirmesi durumunda k\u00fcresel \u00e7apta bir g\u0131da k\u0131tl\u0131\u011f\u0131 ile kar\u015f\u0131 kar\u015f\u0131ya kalabiliriz. G\u0131da g\u00fcvencemizi korumak istiyorsak, \u00fcreticilerimize daha fazla destek vermek, tar\u0131msal \u00fcretimimizi art\u0131rmak zorunday\u0131z.\u201d ifadelerini kulland\u0131.\u00a0<\/p>\n<p>\u201cRisk alarak evinden \u00e7\u0131kan ve \u00fcretmeye devam eden \u00e7ift\u00e7ilerimize bor\u00e7luyuz\u201d<\/p>\n<p>Koronavir\u00fcsle m\u00fccadele edebilmek i\u00e7in g\u00fc\u00e7l\u00fc bir ba\u011f\u0131\u015f\u0131kl\u0131k sistemine sahip olmak gerekti\u011fini vurgulayan Bayraktar, \u201cBa\u011f\u0131\u015f\u0131kl\u0131\u011f\u0131m\u0131z\u0131n g\u00fc\u00e7l\u00fc olmas\u0131 i\u00e7in yeterli ve dengeli beslenmemiz gerekiyor. \u00c7ift\u00e7ilerimiz \u00fcretemezse g\u0131daya eri\u015femeyiz, bedenimizi vir\u00fcslere kar\u015f\u0131 sava\u015fta g\u00fc\u00e7s\u00fcz b\u0131rak\u0131r\u0131z\u201d diye konu\u015ftu.<br \/>\nBayraktar, evlerimizden \u00e7\u0131kmamam\u0131z gereken \u015fu g\u00fcnlerde market, pazar ve manavlarda her t\u00fcrl\u00fc g\u0131dan\u0131n bulundu\u011funa i\u015faret ederek, \u201cHepimiz risk alarak evinden \u00e7\u0131kan ve \u00fcretmeye devam eden \u00e7ift\u00e7ilerimize bor\u00e7luyuz\u201d dedi.<\/p>\n","protected":false},"excerpt":{"rendered":"<p>TZOB Genel Ba\u015fkan\u0131 \u015eemsi Bayraktar, salg\u0131n\u0131n etkisini devam ettirmesi durumunda k\u00fcresel \u00e7apta bir g\u0131da k\u0131tl\u0131\u011f\u0131 ile kar\u015f\u0131 kar\u015f\u0131ya kal\u0131nabileci\u011fini belirtti. Bayraktar, &#8220;G\u0131da g\u00fcvencemizi korumak istiyorsak, \u00fcreticilerimize daha fazla destek vermek, &hellip; <a href=\"https:\/\/mersinekonomipolitikagazetesi.com\/?p=6358\" class=\"more-link\">Devam\u0131n\u0131 Oku&#8230;<\/a><\/p>\n","protected":false},"author":1,"featured_media":0,"comment_status":"open","ping_status":"open","sticky":false,"template":"","format":"standard","meta":[],"categories":[],"tags":[],"_links":{"self":[{"href":"https:\/\/mersinekonomipolitikagazetesi.com\/index.php?rest_route=\/wp\/v2\/posts\/6358"}],"collection":[{"href":"https:\/\/mersinekonomipolitikagazetesi.com\/index.php?rest_route=\/wp\/v2\/posts"}],"about":[{"href":"https:\/\/mersinekonomipolitikagazetesi.com\/index.php?rest_route=\/wp\/v2\/types\/post"}],"author":[{"embeddable":true,"href":"https:\/\/mersinekonomipolitikagazetesi.com\/index.php?rest_route=\/wp\/v2\/users\/1"}],"replies":[{"embeddable":true,"href":"https:\/\/mersinekonomipolitikagazetesi.com\/index.php?rest_route=%2Fwp%2Fv2%2Fcomments&post=6358"}],"version-history":[{"count":0,"href":"https:\/\/mersinekonomipolitikagazetesi.com\/index.php?rest_route=\/wp\/v2\/posts\/6358\/revisions"}],"wp:attachment":[{"href":"https:\/\/mersinekonomipolitikagazetesi.com\/index.php?rest_route=%2Fwp%2Fv2%2Fmedia&parent=6358"}],"wp:term":[{"taxonomy":"category","embeddable":true,"href":"https:\/\/mersinekonomipolitikagazetesi.com\/index.php?rest_route=%2Fwp%2Fv2%2Fcategories&post=6358"},{"taxonomy":"post_tag","embeddable":true,"href":"https:\/\/mersinekonomipolitikagazetesi.com\/index.php?rest_route=%2Fwp%2Fv2%2Ftags&post=6358"}],"curies":[{"name":"wp","href":"https:\/\/api.w.org\/{rel}","templated":true}]}}