{"id":6359,"date":"2020-11-04T18:26:52","date_gmt":"2020-11-04T15:26:52","guid":{"rendered":"http:\/\/mersinekonomipolitikagazetesi.com\/?p=6359"},"modified":"2020-11-04T18:26:52","modified_gmt":"2020-11-04T15:26:52","slug":"poliproplen-fabrikasi-yani-ozel-endustri-bolgesi-oldu-mersinin-gelecegini-katledecekler","status":"publish","type":"post","link":"https:\/\/mersinekonomipolitikagazetesi.com\/?p=6359","title":{"rendered":"POL\u0130PROPLEN FABR\u0130KASI YANI \u2018\u00d6ZEL END\u00dcSTR\u0130 B\u00d6LGES\u0130\u2019 OLDU..!  MERS\u0130N\u2019\u0130N GELECE\u011e\u0130N\u0130 KATLEDECEKLER..!"},"content":{"rendered":"<p>Koronavir\u00fcs salg\u0131n\u0131 ile m\u00fccadelede Mersinliler evlerinde kal\u0131rken, Tekfen Grubu\u2019na ait Poliproplen Fabrikas\u0131 yap\u0131lmas\u0131 planlanan alan\u0131n, \u00d6zel End\u00fcstri B\u00f6lgesi ilan edilmesi b\u00fcy\u00fck tepki toplad\u0131.<\/p>\n<p>Mersin\u2019de y\u0131llard\u0131r STK\u2019lar, i\u015f insanlar\u0131, \u00e7evreciler ve Mersin halk\u0131n\u0131n\u00a0 yo\u011fun tepki g\u00f6stererek kar\u015f\u0131 \u00e7\u0131kt\u0131\u011f\u0131 Polipropilen tesisi alan\u0131n, korona vir\u00fcsle m\u00fccadele d\u00f6neminde \u00d6zel End\u00fcstri B\u00f6lgesi ilan edilmesi herkesi \u015fok etti.<\/p>\n<p>Akdeniz \u0130l\u00e7esi Karaduvar Mahallesi\u2019nde yap\u0131lmas\u0131 planlanan alan, Cumhurba\u015fkanl\u0131\u011f\u0131 karar\u0131 ile \u00d6zel End\u00fcstri B\u00f6lgesi ilan edildi.<br \/>\nMersin Kent Konseyi, Mersin\u2019in gelece\u011finin katledilece\u011fini belirterek, karar\u0131 d\u00fc\u015f\u00fcnd\u00fcr\u00fcc\u00fc olarak de\u011ferlendirdi. Konsey, yapt\u0131\u011f\u0131 yaz\u0131l\u0131 a\u00e7\u0131klamada; \u201cSerbest B\u00f6lge ve Karaduvar aras\u0131nda kalan Tekfen grubuna ait Poliproplen Fabrikas\u0131 yap\u0131lmas\u0131 planlanan alan\u0131n, \u00d6zel End\u00fcstri B\u00f6lgesi ilan edilmesi d\u00fc\u015f\u00fcnd\u00fcr\u00fcc\u00fcd\u00fcr. Mersin;in \u00fczerinde kirlilik ve olumsuz \u00e7evresel etkileri ile y\u00fck olmu\u015f olan tesislerin varl\u0131\u011f\u0131na ilaveten, ayn\u0131 b\u00f6lgede Polipropilen tesisisin yap\u0131lmas\u0131, Karaduvar halk\u0131n\u0131n ge\u00e7im kayna\u011f\u0131 olan bal\u0131k\u00e7\u0131l\u0131k ve sebze yeti\u015ftiricili\u011fi faaliyetlerini sona erdirecektir. B\u00f6lgenin \u00e7evre y\u00fck\u00fcn\u00fc daha da artt\u0131r\u0131p, Mersin yerelinde halk ve \u00e7evre sa\u011fl\u0131\u011f\u0131n\u0131 olumsuz y\u00f6nde etkilemesi ise ka\u00e7\u0131n\u0131lmazd\u0131r. Daha da \u00f6nemlisi Liman ve Serbest B\u00f6lge geli\u015fimini sekteye u\u011fratarak, her anlamda Mersin\u2019in gelece\u011fini katledecektir.\u201d ifadelerini kulland\u0131.<\/p>\n<p>\u201cBu alan\u0131n Polipropilen fabrikas\u0131na kurban edilmesine seyirci kalmayaca\u011f\u0131z\u201d<\/p>\n<p>Mersin Kent Konseyi, s\u00f6z konusu alan\u0131n Mersin B\u00fcy\u00fck\u015fehir Belediyesi Ekim\/2016 Meclis toplant\u0131s\u0131nda, \u201cSerbest B\u00f6lge Geni\u015fleme Alan\u0131 ile Mersin Ana Konteyner Liman\u0131 depolama alan\u0131\u201d olarak 1\/1000.0000 \u00c7evre D\u00fczeni Plan\u0131na i\u015flenmesi karar\u0131 al\u0131nd\u0131\u011f\u0131n\u0131 hat\u0131rlatt\u0131. Konseyin yapt\u0131\u011f\u0131 a\u00e7\u0131klaman\u0131n devam\u0131nda; \u201cHalk\u0131n hakl\u0131 taleplerine, sivil toplum kurulu\u015flar\u0131n\u0131n uyar\u0131lar\u0131na, ilgili kurum ve kurulu\u015flar\u0131n itirazlar\u0131na ra\u011fmen, bu projeyi hayata ge\u00e7irecek ad\u0131mlar\u0131n at\u0131lmas\u0131 akla ve vicdana s\u0131\u011facak kararlar de\u011fildir. Mersin, 2 bin ki\u015fiden fazla insana istihdam sa\u011flayacak, d\u0131\u015f ticaret hacmini 1 milyar dolar artt\u0131racak bu projenin Polipropilen fabrikas\u0131na kurban edilmesine seyirci kalmayacakt\u0131r. Meslek kurulu\u015flar\u0131, STK\u2019lar ve halk konunun yeniden de\u011ferlendirilmesini talep etmektedir. Bir kentin gelece\u011fine daha g\u00fc\u00e7l\u00fc katk\u0131 sunacak proje ortada dururken, Polipropilen fabrikas\u0131 karar\u0131n\u0131n de\u011fi\u015ftirilmesi en ak\u0131lc\u0131 yol olacakt\u0131r. Mersin\u2019in gelece\u011fi i\u00e7in, Mersin i\u00e7in t\u00fcm siyasi partiler, ilgili kurum ve kurulu\u015flar ve sivil toplum \u00f6rg\u00fctleri ile hep birlikte hareket edip irademizin dikkate al\u0131nmas\u0131n\u0131 sa\u011flayaca\u011f\u0131z.\u2019\u2019 ifadeleri yer ald\u0131.\u00a0<\/p>\n<p>\u201cMersin&#8217;in kalbine saplanan bir han\u00e7erdir\u201d<\/p>\n<p>Mersin Sanayici ve \u0130\u015f \u0130nsanlar\u0131 Derne\u011fi (MES\u0130AD) Ba\u015fkan\u0131 Hasan Engin, s\u00f6z konusu olay\u0131, \u201cBu Mersin&#8217;in kalbine saplanan bir han\u00e7erdir\u201d ifadeleriyle de\u011ferlendirdi.<br \/>\nEngin, s\u00f6z konusu yerin serbest b\u00f6lgenin geni\u015fleme alan\u0131 oldu\u011funu hat\u0131rlatarak 1\/100.000&#8217;lik planlarda ise Mersin Konteyner Ana Liman\u0131 olarak i\u015faretlendi\u011fini dile getirdi.\u00a0<\/p>\n<p>\u201c\u015eok olduk\u201d<\/p>\n<p>\u00c7evre M\u00fchendisleri Odas\u0131 Ba\u015fkan\u0131 Sinan Can, ise karar\u0131 do\u011fru bulmad\u0131klar\u0131n\u0131 belirterek,\u201cOda olarak \u00c7ED raporunu inceleyip raporumuzu olu\u015fturduk. \u00d6n\u00fcm\u00fczdeki g\u00fcnlerde bu kapsaml\u0131 raporu a\u00e7\u0131klayacakken End\u00fcstri B\u00f6lgesi ilan edilmesiyle adeta \u015fok olduk. B\u00f6lgede Mersin\u2019in \u00fczerinde bir y\u00fck olmu\u015f olan sanayi tesislerinin varl\u0131\u011f\u0131 ve ilave olarak Polipropilen tesisisin yap\u0131lmas\u0131 durumda b\u00f6lgenin \u00e7evre y\u00fck\u00fcn\u00fc a\u015facak olumsuzluklar yarataca\u011f\u0131 ve Mersin yerelinde halk ve \u00e7evre sa\u011fl\u0131\u011f\u0131n\u0131 olumsuz y\u00f6nde etkilenmesi ka\u00e7\u0131n\u0131lmaz olacakt\u0131r. T\u00fcm \u00fclke salg\u0131n ile m\u00fccadele ederken insanlar canlar\u0131 ile u\u011fra\u015f\u0131rken tart\u0131\u015f\u0131labilir bir d\u00fczlemden \u00e7\u0131karak bu gibi kararlar\u0131n \u00e7\u0131kmas\u0131n\u0131 do\u011fru bulmuyoruz.\u201d diye konu\u015ftu.<\/p>\n<p>\n\u201cEvlerimizde kal\u0131rken gelece\u011fi kimlere emanet ediyoruz\u201d<\/p>\n<p>GreenpeaceT\u00fcrkiye&#8217;nin resmi websitesinden ve sosyal medya hesab\u0131 \u00fczerinden\u00a0 yapt\u0131\u011f\u0131 payla\u015f\u0131ma g\u00f6re, havas\u0131 en kirli \u015fehirler aras\u0131nda Mersin 3. s\u0131rada yer al\u0131yor. Hava kirlili\u011fi a\u00e7\u0131s\u0131ndan en k\u00f6t\u00fc \u015fehirler aras\u0131nda yer alan Mersin&#8217;de vatanda\u015flar, \u201cZaten havam\u0131z gittik\u00e7e kirleniyor. Herg\u00fcn zehir soluyacak hale geldik. Y\u00f6neticelerin havam\u0131z\u0131 temizleyici tedbirler alac\u0131\u011f\u0131na mersin\u2019in g\u00f6be\u011fine end\u00fcstri b\u00f6lgesi yap\u0131lma karar\u0131 ak\u0131l al\u0131r gibi de\u011fil. Koronavir\u00fcs salg\u0131n\u0131 ile m\u00fccadelede biz evlerimizde kal\u0131rken, gelece\u011fimizi kimlere emanet ediyoruz. Bu durum salg\u0131ndan daha tehlikeli. Kasap et, koyun can derdinde&#8230;\u201d diyerek tepkilerini dile getirdiler.<\/p>\n","protected":false},"excerpt":{"rendered":"<p>Koronavir\u00fcs salg\u0131n\u0131 ile m\u00fccadelede Mersinliler evlerinde kal\u0131rken, Tekfen Grubu\u2019na ait Poliproplen Fabrikas\u0131 yap\u0131lmas\u0131 planlanan alan\u0131n, \u00d6zel End\u00fcstri B\u00f6lgesi ilan edilmesi b\u00fcy\u00fck tepki toplad\u0131. Mersin\u2019de y\u0131llard\u0131r STK\u2019lar, i\u015f insanlar\u0131, \u00e7evreciler ve &hellip; <a href=\"https:\/\/mersinekonomipolitikagazetesi.com\/?p=6359\" class=\"more-link\">Devam\u0131n\u0131 Oku&#8230;<\/a><\/p>\n","protected":false},"author":1,"featured_media":0,"comment_status":"open","ping_status":"open","sticky":false,"template":"","format":"standard","meta":[],"categories":[],"tags":[],"_links":{"self":[{"href":"https:\/\/mersinekonomipolitikagazetesi.com\/index.php?rest_route=\/wp\/v2\/posts\/6359"}],"collection":[{"href":"https:\/\/mersinekonomipolitikagazetesi.com\/index.php?rest_route=\/wp\/v2\/posts"}],"about":[{"href":"https:\/\/mersinekonomipolitikagazetesi.com\/index.php?rest_route=\/wp\/v2\/types\/post"}],"author":[{"embeddable":true,"href":"https:\/\/mersinekonomipolitikagazetesi.com\/index.php?rest_route=\/wp\/v2\/users\/1"}],"replies":[{"embeddable":true,"href":"https:\/\/mersinekonomipolitikagazetesi.com\/index.php?rest_route=%2Fwp%2Fv2%2Fcomments&post=6359"}],"version-history":[{"count":0,"href":"https:\/\/mersinekonomipolitikagazetesi.com\/index.php?rest_route=\/wp\/v2\/posts\/6359\/revisions"}],"wp:attachment":[{"href":"https:\/\/mersinekonomipolitikagazetesi.com\/index.php?rest_route=%2Fwp%2Fv2%2Fmedia&parent=6359"}],"wp:term":[{"taxonomy":"category","embeddable":true,"href":"https:\/\/mersinekonomipolitikagazetesi.com\/index.php?rest_route=%2Fwp%2Fv2%2Fcategories&post=6359"},{"taxonomy":"post_tag","embeddable":true,"href":"https:\/\/mersinekonomipolitikagazetesi.com\/index.php?rest_route=%2Fwp%2Fv2%2Ftags&post=6359"}],"curies":[{"name":"wp","href":"https:\/\/api.w.org\/{rel}","templated":true}]}}