{"id":6360,"date":"2020-11-04T18:26:52","date_gmt":"2020-11-04T15:26:52","guid":{"rendered":"http:\/\/mersinekonomipolitikagazetesi.com\/?p=6360"},"modified":"2020-11-04T18:26:52","modified_gmt":"2020-11-04T15:26:52","slug":"tarimda-bilim-kurulu-olusturulmali-borclar-silinsin-destek-verilsin","status":"publish","type":"post","link":"https:\/\/mersinekonomipolitikagazetesi.com\/?p=6360","title":{"rendered":"&#8220;TARIMDA B\u0130L\u0130M KURULU OLU\u015eTURULMALI..!&#8221;   BOR\u00c7LAR S\u0130L\u0130NS\u0130N, DESTEK VER\u0130LS\u0130N"},"content":{"rendered":"<p>CHP\u2019li vekil Ayhan Barut, tar\u0131m ve hayvanc\u0131l\u0131k olmadan gelecekten s\u00f6z edilemeyece\u011fini belirterek, salg\u0131nla m\u00fccadelede \u00e7ift\u00e7i ve yeti\u015ftiricilere daha fazla destek verilmesi gerekti\u011finin \u00f6nemine vurgu yapt\u0131. Barut, \u201cTar\u0131m ve hayvanc\u0131l\u0131k olmadan gelecekten s\u00f6z edilemez. Vakit kaybetmeden kararl\u0131l\u0131kla ad\u0131m atal\u0131m. Tar\u0131mda Bilim Kurulu olu\u015fturulmal\u0131\u201d dedi.<\/p>\n<p>\u00a0<\/p>\n<p>Cumhuriyet Halk Partisi CHP Adana Milletvekili, TBMM Tar\u0131m, Orman ve K\u00f6yi\u015fleri Komisyonu \u00dcyesi Ayhan Barut, a\u00e7\u0131klanan destek paketlerinde tar\u0131m, \u00fcretici ve yeti\u015ftiricilerden hi\u00e7 bahsedilmedi\u011fini vurgulad\u0131. Barut, &#8220;Bu salg\u0131n sa\u011fl\u0131\u011f\u0131m\u0131z\u0131 ve ekonomimizi tehdit ediyor. Bu tehdidi ortadan kald\u0131rman\u0131n yolu; etkin \u00f6nlem almak, tar\u0131m ve hayvanc\u0131l\u0131\u011f\u0131n ilgili ve yetkin t\u00fcm payda\u015flar\u0131n\u0131 bar\u0131nd\u0131ran Bilim Kurulu olu\u015fturup \u00fcretim odakl\u0131 ve destekleyici politikalar geli\u015ftirmektir. Gelin daha fazla vakit kaybetmeden kararl\u0131l\u0131kla ve ortak ak\u0131lla ad\u0131m atal\u0131m. Yar\u0131n \u00e7ok ge\u00e7 olmas\u0131n&#8221; dedi.<\/p>\n<p>&#8220;BOR\u00c7LAR S\u0130L\u0130NS\u0130N, DESTEK VER\u0130LS\u0130N&#8221;<\/p>\n<p>Salg\u0131n nedeniyle g\u00fcvenli g\u0131daya eri\u015fimin, hayvanc\u0131l\u0131k ve tar\u0131m\u0131n \u00f6neminin \u00e7ok net olarak yine g\u00f6r\u00fcld\u00fc\u011f\u00fcn\u00fc kaydeden Ayhan Barut, \u015funlar\u0131 belirtti: &#8220;Tar\u0131m ve hayvanc\u0131l\u0131k arazilerini korumayan, girdi maliyetlerini d\u00fc\u015f\u00fcrmeyen, \u00fcretime ve \u00fcreticiye destek vermeyen, yaln\u0131zca ithalata dayal\u0131 politikalarla \u00e7\u00f6z\u00fcm bulmak m\u00fcmk\u00fcn de\u011fil. Derhal kamusal ve ulusal tar\u0131m politikalar\u0131 hayat bulmal\u0131d\u0131r. Tar\u0131m ve hayvanc\u0131l\u0131k alanlar\u0131 korunarak, hayvan varl\u0131\u011f\u0131m\u0131z geli\u015ftirilerek, \u00fcretim, yeti\u015ftirici ve \u00fcretici odakl\u0131 \u00e7\u00f6z\u00fcmler \u00fcretmeliyiz. Bu \u00e7\u00f6z\u00fcmlerin de kal\u0131c\u0131 hale getirilmesi gerekir. \u00dcretim artt\u0131r\u0131lmal\u0131, \u00fcr\u00fcn \u00e7e\u015fitlili\u011fi ve \u00fcretim s\u00fcreklili\u011fini sa\u011flayan tar\u0131msal \u00fcretim planlamas\u0131yla kesin \u00e7areler bulunmal\u0131d\u0131r. \u00dcretim, yeti\u015ftirici ve \u00fcreticiye destek anlay\u0131\u015f\u0131yla tar\u0131msal destekler yeterli d\u00fczeye getirilmelidir. Her ko\u015fulda \u00fcretmeye devam etmek, \u00fcretimi ve \u00fcretenleri desteklemek temel ama\u00e7 olmal\u0131d\u0131r. Tar\u0131mda, hayvanc\u0131l\u0131kta ve g\u0131dada, kendimize yetebilmemiz i\u00e7in, g\u0131da g\u00fcvenli\u011fi ve g\u0131da g\u00fcvencesi i\u00e7in, gecikmeden, derhal, yerli \u00fcretime ve istihdama dayal\u0131 bir seferberlik ba\u015flat\u0131lmas\u0131n\u0131 istiyoruz. Bu do\u011frultuda, ekim-dikim zaman\u0131 \u00fcreticilerimizin tar\u0131msal faaliyetlerine daha \u00e7ok destek olunmal\u0131, tohum, g\u00fcbre, zirai ila\u00e7 ve temel girdiler i\u00e7in harekete ge\u00e7ilmelidir. \u00dcreticilerin bor\u00e7lar\u0131 faizsiz ertelenmeli, destek \u00f6demeleri pe\u015fin ve acil olarak yap\u0131lmal\u0131, \u00fcreticiye \u00fcretimi s\u00fcrd\u00fcrmesi i\u00e7in faizsiz kredi deste\u011fi, ayni ve nakdi yard\u0131m yap\u0131lmal\u0131d\u0131r.\u201d<\/p>\n<p>&#8220;BAKANLIK Z\u0130RAAT M\u00dcHEND\u0130SLER\u0130N\u0130 YOK SAYIYOR&#8221;<\/p>\n<p>Koronavir\u00fcs salg\u0131n\u0131yla m\u00fccadele kapsam\u0131nda Tar\u0131m ve Orman Bakanl\u0131\u011f\u0131&#8217;nca 9 ki\u015fiden olu\u015fturulan komisyonda bir tane ziraat m\u00fchendisinin yer almad\u0131\u011f\u0131n\u0131 aktaran Ayhan Barut, &#8220;Koronavir\u00fcs salg\u0131n\u0131yla ilgili Tar\u0131m ve Orman Bakanl\u0131\u011f\u0131, 9 ki\u015filik &#8216;Bilim Kurulu&#8217; niteli\u011finde COVID-19 Komisyonu kurmu\u015f. Salg\u0131n nedeniyle tar\u0131m, hayvanc\u0131l\u0131k ve g\u0131da alan\u0131nda kararlar almas\u0131 beklenen komisyon \u00fcyeleri aras\u0131nda g\u0131da m\u00fchendisi, veteriner, t\u0131p doktoru var ama tek bir ziraat m\u00fchendisi bile yok. Elbette bu meslek gruplar\u0131 komisyonlarda olmal\u0131. Ancak aralar\u0131nda ziraat m\u00fchendislerinin de yer almas\u0131 gerekmez mi? Ziraat m\u00fchendisi olmadan tar\u0131mla ilgili nas\u0131l karar al\u0131p tavsiyeler verilecek? Bakanl\u0131ktan a\u00e7\u0131klama bekliyor, ziraat m\u00fchendislerini yok sayan anlay\u0131\u015f\u0131 k\u0131n\u0131yoruz&#8221; diye konu\u015ftu.<\/p>\n<p>&#8220;UYDURUK DE\u011e\u0130L B\u0130L\u0130MSEL OLSUN&#8221;<\/p>\n<p>K\u00fcresel ve ulusal \u00e7apta Koronavir\u00fcs salg\u0131n\u0131n\u0131n sa\u011fl\u0131k ve ekonomiyi tehdit etti\u011fini ifade eden Ayhan Barut, \u015funlar\u0131 vurgulad\u0131: &#8220;Bu tehdidi ortadan kald\u0131rman\u0131n yolu; etkin \u00f6nlem almak, tar\u0131m ve hayvanc\u0131l\u0131\u011f\u0131n ilgili ve yetkin t\u00fcm payda\u015flar\u0131n\u0131 bir araya getirip \u00e7areler bulmakt\u0131r. &#8216;Uyduruk&#8217;, &#8216;Dostlar al\u0131\u015fveri\u015fte g\u00f6rs\u00fcn&#8217;, &#8216;Yapt\u0131k, olduk&#8217; veya &#8216;\u0130\u015fte kurduk&#8217; diye de\u011fil, ger\u00e7ek anlamda tar\u0131m\u0131n ve hayvanc\u0131l\u0131\u011f\u0131n t\u00fcm bile\u015fenlerini, uzmanlar\u0131, akademisyenleri ve konunun t\u00fcm muhataplar\u0131n\u0131 bar\u0131nd\u0131ran &#8216;Tar\u0131mda Bilim Kurulu&#8217; olu\u015fturulmal\u0131. Bu konuda hi\u00e7 vakit kaybetmeden, Cumhuriyetin kurulu\u015f ilkelerini ve bug\u00fcne \u0131\u015f\u0131k tutmaya devam eden d\u00f6nemin tar\u0131ma y\u00f6nelik bak\u0131\u015f esas alan bir ad\u0131m at\u0131lmal\u0131d\u0131r. Ulusal bir tar\u0131m politikas\u0131 belirlenerek ger\u00e7ek\u00e7i ve bilimsel y\u00f6ntemlerle yakla\u015fan uygulamalara h\u0131z verilmelidir. Bunun s\u00fcrd\u00fcr\u00fclebilir olmas\u0131 i\u00e7in de kararl\u0131l\u0131kla m\u00fccadele edilmelidir. E\u011fer bu y\u00f6nde bir ad\u0131m at\u0131lacak veya giri\u015fimde bulunulacak olursa siyasi ayr\u0131m g\u00f6zetmeden amas\u0131z ve ko\u015fulsuz t\u00fcm g\u00fcc\u00fcm\u00fczle biz de destek veririz. \u00c7\u00fcnk\u00fc biliyoruz ki tar\u0131m ve hayvanc\u0131l\u0131k olmadan g\u00fcvenli bir gelecekten daha da do\u011frusu yar\u0131nlara ula\u015fmaktan s\u00f6z bile edilemez. Gelin akl\u0131 ba\u015f\u0131nda herkesin dile getirdi\u011fi bu \u00e7a\u011fr\u0131m\u0131za kulak verin. Yar\u0131n \u00e7ok ge\u00e7 olmadan tar\u0131m ve hayvanc\u0131l\u0131\u011f\u0131m\u0131z i\u00e7in yani \u00e7ocuklar\u0131m\u0131z\u0131n ve \u00fclkemizin gelece\u011fi i\u00e7in kararl\u0131 bir ad\u0131m atal\u0131m, sorunlar\u0131 k\u00f6k\u00fcnden \u00e7\u00f6zecek politikalar geli\u015ftirelim.\u201d<\/p>\n","protected":false},"excerpt":{"rendered":"<p>CHP\u2019li vekil Ayhan Barut, tar\u0131m ve hayvanc\u0131l\u0131k olmadan gelecekten s\u00f6z edilemeyece\u011fini belirterek, salg\u0131nla m\u00fccadelede \u00e7ift\u00e7i ve yeti\u015ftiricilere daha fazla destek verilmesi gerekti\u011finin \u00f6nemine vurgu yapt\u0131. Barut, \u201cTar\u0131m ve hayvanc\u0131l\u0131k olmadan &hellip; <a href=\"https:\/\/mersinekonomipolitikagazetesi.com\/?p=6360\" class=\"more-link\">Devam\u0131n\u0131 Oku&#8230;<\/a><\/p>\n","protected":false},"author":1,"featured_media":0,"comment_status":"open","ping_status":"open","sticky":false,"template":"","format":"standard","meta":[],"categories":[],"tags":[],"_links":{"self":[{"href":"https:\/\/mersinekonomipolitikagazetesi.com\/index.php?rest_route=\/wp\/v2\/posts\/6360"}],"collection":[{"href":"https:\/\/mersinekonomipolitikagazetesi.com\/index.php?rest_route=\/wp\/v2\/posts"}],"about":[{"href":"https:\/\/mersinekonomipolitikagazetesi.com\/index.php?rest_route=\/wp\/v2\/types\/post"}],"author":[{"embeddable":true,"href":"https:\/\/mersinekonomipolitikagazetesi.com\/index.php?rest_route=\/wp\/v2\/users\/1"}],"replies":[{"embeddable":true,"href":"https:\/\/mersinekonomipolitikagazetesi.com\/index.php?rest_route=%2Fwp%2Fv2%2Fcomments&post=6360"}],"version-history":[{"count":0,"href":"https:\/\/mersinekonomipolitikagazetesi.com\/index.php?rest_route=\/wp\/v2\/posts\/6360\/revisions"}],"wp:attachment":[{"href":"https:\/\/mersinekonomipolitikagazetesi.com\/index.php?rest_route=%2Fwp%2Fv2%2Fmedia&parent=6360"}],"wp:term":[{"taxonomy":"category","embeddable":true,"href":"https:\/\/mersinekonomipolitikagazetesi.com\/index.php?rest_route=%2Fwp%2Fv2%2Fcategories&post=6360"},{"taxonomy":"post_tag","embeddable":true,"href":"https:\/\/mersinekonomipolitikagazetesi.com\/index.php?rest_route=%2Fwp%2Fv2%2Ftags&post=6360"}],"curies":[{"name":"wp","href":"https:\/\/api.w.org\/{rel}","templated":true}]}}