{"id":6361,"date":"2020-11-04T18:26:52","date_gmt":"2020-11-04T15:26:52","guid":{"rendered":"http:\/\/mersinekonomipolitikagazetesi.com\/?p=6361"},"modified":"2020-11-04T18:26:52","modified_gmt":"2020-11-04T15:26:52","slug":"mersinin-hava-kalitesi-arttirilmali","status":"publish","type":"post","link":"https:\/\/mersinekonomipolitikagazetesi.com\/?p=6361","title":{"rendered":"Mersin&#8217;in hava kalitesi artt\u0131r\u0131lmal\u0131..!"},"content":{"rendered":"<p>Mersin&#8217;de hava kirlili\u011fi sa\u011fl\u0131k \u00fczerine olumsuz etki yarat\u0131yor. GreenpeaceT\u00fcrkiye&#8217;nin resmi websitesinden ve sosyal medya hesab\u0131 \u00fczerinden, hava kirli\u011fi en \u00e7ok ve en az olan 3 \u015fehir a\u00e7\u0131klad\u0131.<\/p>\n<p>Yap\u0131lan payla\u015f\u0131ma g\u00f6re, havas\u0131 en kirli \u015fehirler aras\u0131nda Mersin 3. s\u0131rada yer al\u0131yor..!<\/p>\n<p>\u201cArt\u0131k alarm zilleri \u00e7almaya ba\u015flad\u0131\u201c<\/p>\n<p>Hava kirlili\u011fi a\u00e7\u0131s\u0131ndan en k\u00f6t\u00fc \u015fehirler aras\u0131nda yer alan Mersin&#8217;de, solunan her nefes zehirliyor!<br \/>\nArt\u0131k alarm zillerinin \u00e7almaya ba\u015flad\u0131\u011f\u0131 Mersin&#8217;in hava kirlili\u011fini, GreenpeaceT\u00fcrkiye&#8217;de payla\u015ft\u0131.<br \/>\nOlduk\u00e7a sa\u011fl\u0131ks\u0131z olan hava kirlili\u011finin \u00f6nlenmesi amac\u0131yla t\u00fcm \u015fehirler i\u00e7in imza kampanyas\u0131 ba\u015flat\u0131ld\u0131. Havam\u0131z\u0131 kirleten en tehlikeli madde olan Pm 2.5 de\u011feri i\u00e7in, D\u00fcnya Sa\u011fl\u0131k \u00d6rg\u00fct\u00fc&#8217;n\u00fcn s\u0131n\u0131r\u0131 10\u03bcg\/m3 olarak belirtiliyor. T\u00fcm iller aras\u0131nda Mersin, 56\u03bcg\/m3 olarak ilk s\u0131ralarda yer al\u0131yor..!<br \/>\nVatanda\u015flar, hava kirlili\u011finin en b\u00fcy\u00fck nedeninin kent i\u00e7inde bulunan dev sanayi kurulu\u015flar\u0131, filtreleri olmayan bacalar oldu\u011funu d\u00fc\u015f\u00fcn\u00fcyor.<br \/>\nAyr\u0131ca k\u0131\u015f aylar\u0131nda yak\u0131lan kalitesiz k\u00f6m\u00fcrlerin de hava kirlili\u011finde etken rol oynad\u0131\u011f\u0131 biliniyor.\u00a0\u00a0<\/p>\n<p>&#8220;Hava kirlili\u011fi, anne karn\u0131ndaki bebe\u011fi bile etkiliyor!&#8221;<\/p>\n<p>Hava kirlil\u011fi bir \u00e7ok hastal\u0131\u011fa sebep oluyor.<br \/>\nHava kirlili\u011fi d\u00fcnyada her y\u0131l sekiz milyon erken \u00f6l\u00fcme yol a\u00e7\u0131yor.<br \/>\nHava kirlili\u011fi solunum, kalp, damar ve n\u00f6rolojik sistem ba\u015fta olmak \u00fczere sa\u011fl\u0131k etkileri \u00e7ok geni\u015f.<br \/>\nKanser, d\u00fc\u015f\u00fck do\u011fum a\u011f\u0131rl\u0131klar\u0131, diyabet, metabolik sendrom, geli\u015fme bozukluklar\u0131, do\u011fum bozukluklar\u0131 gibi bir \u00e7ok hastal\u0131\u011f\u0131 tetikliyor.<br \/>\nHava kirlili\u011fi, anne karn\u0131ndaki bebe\u011fi bile etkiliyor!<\/p>\n<p>Uluslararas\u0131 Kanser Ajans\u0131, \u201cPartik\u00fcl madde kirlili\u011fi kanserojendir\u201d<\/p>\n<p>D\u00fcnya Sa\u011fl\u0131k \u00d6rg\u00fct\u00fc hava kirlili\u011fi i\u00e7in \u201cT\u00fct\u00fcnden bile zararl\u0131!\u201d a\u00e7\u0131klamas\u0131 yaparken, Uluslararas\u0131 Kanser Ajans\u0131 partik\u00fcl madde kirlili\u011fini \u201ckanserojen\u201d olarak s\u0131n\u0131fland\u0131r\u0131yor.<br \/>\nBu kirlili\u011fin \u00f6n\u00fc ge\u00e7mek i\u00e7in, vatanda\u015flar Mersinli y\u00f6neticilerden bu kirlili\u011fin \u00f6n\u00fcne ge\u00e7ecek acil \u00f6nlemler almalar\u0131 i\u00e7in \u00e7al\u0131\u015fmalar\u0131 ba\u015flatmalar\u0131n\u0131 istiyor.<br \/>\nAyr\u0131ca t\u00fcm sivil toplum kurulu\u015flar\u0131n\u0131n da \u00e7ok \u00f6nemli olan bu hayati sorunun takip\u00e7isi olmas\u0131 gerekti\u011fini \u00f6nemle vurguluyor&#8230;<\/p>\n","protected":false},"excerpt":{"rendered":"<p>Mersin&#8217;de hava kirlili\u011fi sa\u011fl\u0131k \u00fczerine olumsuz etki yarat\u0131yor. GreenpeaceT\u00fcrkiye&#8217;nin resmi websitesinden ve sosyal medya hesab\u0131 \u00fczerinden, hava kirli\u011fi en \u00e7ok ve en az olan 3 \u015fehir a\u00e7\u0131klad\u0131. Yap\u0131lan payla\u015f\u0131ma g\u00f6re, &hellip; <a href=\"https:\/\/mersinekonomipolitikagazetesi.com\/?p=6361\" class=\"more-link\">Devam\u0131n\u0131 Oku&#8230;<\/a><\/p>\n","protected":false},"author":1,"featured_media":0,"comment_status":"open","ping_status":"open","sticky":false,"template":"","format":"standard","meta":[],"categories":[],"tags":[],"_links":{"self":[{"href":"https:\/\/mersinekonomipolitikagazetesi.com\/index.php?rest_route=\/wp\/v2\/posts\/6361"}],"collection":[{"href":"https:\/\/mersinekonomipolitikagazetesi.com\/index.php?rest_route=\/wp\/v2\/posts"}],"about":[{"href":"https:\/\/mersinekonomipolitikagazetesi.com\/index.php?rest_route=\/wp\/v2\/types\/post"}],"author":[{"embeddable":true,"href":"https:\/\/mersinekonomipolitikagazetesi.com\/index.php?rest_route=\/wp\/v2\/users\/1"}],"replies":[{"embeddable":true,"href":"https:\/\/mersinekonomipolitikagazetesi.com\/index.php?rest_route=%2Fwp%2Fv2%2Fcomments&post=6361"}],"version-history":[{"count":0,"href":"https:\/\/mersinekonomipolitikagazetesi.com\/index.php?rest_route=\/wp\/v2\/posts\/6361\/revisions"}],"wp:attachment":[{"href":"https:\/\/mersinekonomipolitikagazetesi.com\/index.php?rest_route=%2Fwp%2Fv2%2Fmedia&parent=6361"}],"wp:term":[{"taxonomy":"category","embeddable":true,"href":"https:\/\/mersinekonomipolitikagazetesi.com\/index.php?rest_route=%2Fwp%2Fv2%2Fcategories&post=6361"},{"taxonomy":"post_tag","embeddable":true,"href":"https:\/\/mersinekonomipolitikagazetesi.com\/index.php?rest_route=%2Fwp%2Fv2%2Ftags&post=6361"}],"curies":[{"name":"wp","href":"https:\/\/api.w.org\/{rel}","templated":true}]}}