{"id":6362,"date":"2020-11-04T18:26:52","date_gmt":"2020-11-04T15:26:52","guid":{"rendered":"http:\/\/mersinekonomipolitikagazetesi.com\/?p=6362"},"modified":"2020-11-04T18:26:52","modified_gmt":"2020-11-04T15:26:52","slug":"kktcden-gelen-332-kisi-daha-karamanda-karantinaya-alindi","status":"publish","type":"post","link":"https:\/\/mersinekonomipolitikagazetesi.com\/?p=6362","title":{"rendered":"KKTC&#8217;den gelen 332 ki\u015fi daha Karaman&#8217;da karantinaya al\u0131nd\u0131"},"content":{"rendered":"<p><span style=\"line-height: 1.6em;\">Karaman&#8217;a, Kuzey K\u0131br\u0131s T\u00fcrk Cumhuriyeti&#8217;nden (KKTC) getirilen 332 ki\u015fi daha g\u00f6zlem alt\u0131nda tutulacaklar\u0131 yurda yerle\u015ftirildi.\u00a0<\/span><\/p>\n<p>KKTC&#8217;den feribotla Mersin Liman\u0131&#8217;na getirilen aralar\u0131nda \u00f6\u011frencilerinde bulundu\u011fu 332 ki\u015fi, polis e\u015fli\u011finde otob\u00fcslerle Y\u00fcksek \u00d6\u011frenim Kredi ve Yurtlar Kurumu&#8217;na ba\u011fl\u0131 Nefise Sultan K\u0131z \u00d6\u011frenci Yurdu&#8217;na getirildi. Burada polis ekipleri ve \u00f6zel k\u0131yafetli g\u00f6revliler haz\u0131r bulundu. 28 Mart Cumartesi g\u00fcn\u00fc KKTC&#8217;den karantina alt\u0131na al\u0131nmak \u00fczere Karaman&#8217;a getirilen 141 ki\u015fiyle birlikte burada g\u00f6zlem alt\u0131na al\u0131nan ki\u015fi say\u0131s\u0131 473&#8217;e ula\u015fm\u0131\u015f oldu.\u00a0<\/p>\n","protected":false},"excerpt":{"rendered":"<p>Karaman&#8217;a, Kuzey K\u0131br\u0131s T\u00fcrk Cumhuriyeti&#8217;nden (KKTC) getirilen 332 ki\u015fi daha g\u00f6zlem alt\u0131nda tutulacaklar\u0131 yurda yerle\u015ftirildi.\u00a0 KKTC&#8217;den feribotla Mersin Liman\u0131&#8217;na getirilen aralar\u0131nda \u00f6\u011frencilerinde bulundu\u011fu 332 ki\u015fi, polis e\u015fli\u011finde otob\u00fcslerle Y\u00fcksek \u00d6\u011frenim &hellip; <a href=\"https:\/\/mersinekonomipolitikagazetesi.com\/?p=6362\" class=\"more-link\">Devam\u0131n\u0131 Oku&#8230;<\/a><\/p>\n","protected":false},"author":1,"featured_media":0,"comment_status":"open","ping_status":"open","sticky":false,"template":"","format":"standard","meta":[],"categories":[],"tags":[],"_links":{"self":[{"href":"https:\/\/mersinekonomipolitikagazetesi.com\/index.php?rest_route=\/wp\/v2\/posts\/6362"}],"collection":[{"href":"https:\/\/mersinekonomipolitikagazetesi.com\/index.php?rest_route=\/wp\/v2\/posts"}],"about":[{"href":"https:\/\/mersinekonomipolitikagazetesi.com\/index.php?rest_route=\/wp\/v2\/types\/post"}],"author":[{"embeddable":true,"href":"https:\/\/mersinekonomipolitikagazetesi.com\/index.php?rest_route=\/wp\/v2\/users\/1"}],"replies":[{"embeddable":true,"href":"https:\/\/mersinekonomipolitikagazetesi.com\/index.php?rest_route=%2Fwp%2Fv2%2Fcomments&post=6362"}],"version-history":[{"count":0,"href":"https:\/\/mersinekonomipolitikagazetesi.com\/index.php?rest_route=\/wp\/v2\/posts\/6362\/revisions"}],"wp:attachment":[{"href":"https:\/\/mersinekonomipolitikagazetesi.com\/index.php?rest_route=%2Fwp%2Fv2%2Fmedia&parent=6362"}],"wp:term":[{"taxonomy":"category","embeddable":true,"href":"https:\/\/mersinekonomipolitikagazetesi.com\/index.php?rest_route=%2Fwp%2Fv2%2Fcategories&post=6362"},{"taxonomy":"post_tag","embeddable":true,"href":"https:\/\/mersinekonomipolitikagazetesi.com\/index.php?rest_route=%2Fwp%2Fv2%2Ftags&post=6362"}],"curies":[{"name":"wp","href":"https:\/\/api.w.org\/{rel}","templated":true}]}}