{"id":6363,"date":"2020-11-04T18:26:52","date_gmt":"2020-11-04T15:26:52","guid":{"rendered":"http:\/\/mersinekonomipolitikagazetesi.com\/?p=6363"},"modified":"2020-11-04T18:26:52","modified_gmt":"2020-11-04T15:26:52","slug":"ankara-buyuksehir-belediyesinden-dayanisma-icin-6-milyon-tek-yurek-bagis-kampanyasi","status":"publish","type":"post","link":"https:\/\/mersinekonomipolitikagazetesi.com\/?p=6363","title":{"rendered":"Ankara B\u00fcy\u00fck\u015fehir Belediyesinden \u201cDayan\u0131\u015fma \u0130\u00e7in 6 Milyon Tek Y\u00fcrek\u201d ba\u011f\u0131\u015f kampanyas\u0131"},"content":{"rendered":"<p><span style=\"line-height: 1.6em;\">\u00a0Ankara B\u00fcy\u00fck\u015fehir Belediyesi, korona vir\u00fcs sebebi ile ba\u015flatt\u0131\u011f\u0131 \u201cDayan\u0131\u015fma \u0130\u00e7in 6 Milyon Tek Y\u00fcrek\u201d ba\u011f\u0131\u015f kampanyas\u0131n\u0131n detaylar\u0131n\u0131 kamuoyu ile payla\u015ft\u0131.\u00a0<\/span><\/p>\n<p>T\u00fcm d\u00fcnyay\u0131 etkisi alt\u0131na alan korona vir\u00fcs nedeniyle \u00f6nlemlerini almaya devam eden Ankara B\u00fcy\u00fck\u015fehir Belediyesi, ge\u00e7ti\u011fimiz g\u00fcnlerde ba\u015flatt\u0131\u011f\u0131 \u201cDayan\u0131\u015fma \u0130\u00e7in 6 Milyon Tek Y\u00fcrek\u201d ba\u011f\u0131\u015f kampanyas\u0131n\u0131n detaylar\u0131n\u0131 da a\u00e7\u0131klad\u0131. \u201cEkonomik Koruma Paketi\u201dni bug\u00fcn hayata ge\u00e7irdiklerini belirten Belediye Ba\u015fkan\u0131 Mansur Yava\u015f, haz\u0131rl\u0131klar\u0131n\u0131 500 bin aileye d\u00fczenli g\u0131da yard\u0131m\u0131 yapacak \u015fekilde tamamlad\u0131klar\u0131n\u0131, g\u0131da paketlerinin i\u00e7eriklerini beslenme uzmanlar\u0131n\u0131n belirledi\u011fini s\u00f6yledi. Korona vir\u00fcse kar\u015f\u0131 m\u00fccadelenin etkili olabilmesi i\u00e7in \u015fimdiye kadar ald\u0131klar\u0131 \u00f6nlemlerin ekonomik katk\u0131larla desteklenmesi gerekti\u011fini vurgulayan Yava\u015f, \u201cAksi takdirde vatanda\u015flar\u0131m\u0131z\u0131n s\u00fcre\u00e7 boyunca giderek artan sorunlar ve ma\u011fduriyetler ya\u015fayaca\u011f\u0131n\u0131 d\u00fc\u015f\u00fcn\u00fcyoruz. Bu kayg\u0131yla \u015fu ana kadar vatanda\u015flar\u0131m\u0131z\u0131n bize yapmas\u0131 gereken \u00f6demelerle ilgili her t\u00fcrl\u00fc kolayl\u0131\u011f\u0131 g\u00f6sterdik ve t\u00fcm \u00f6demeleri erteledik. Ama bunlar\u0131n da yeterli olmayaca\u011f\u0131 a\u015fikard\u0131r. Salg\u0131n nedeniyle soka\u011fa \u00e7\u0131kamayan ve yeterli geliri olmayan insanlar\u0131n g\u0131da ihtiya\u00e7lar\u0131n\u0131n kar\u015f\u0131lanmas\u0131 gerekti\u011fi gibi bu s\u00fcre\u00e7te i\u015fini veya gelir olanaklar\u0131n\u0131 kaybetmek durumunda kalan berberden terziye, garsondan k\u00fc\u00e7\u00fck esnafa, pazarc\u0131dan taksiciye var\u0131ncaya kadar \u00e7ok say\u0131da Ankaral\u0131n\u0131n ekonomik olarak da desteklenmesi gerekiyor. Bu ba\u011flamda hem B\u00fcy\u00fck\u015fehir Belediyemizin imkanlar\u0131n\u0131 zorlayarak hem de Ankaral\u0131lar\u0131n birbiriyle dayan\u0131\u015fmas\u0131n\u0131 te\u015fvik ederek salg\u0131na kar\u015f\u0131 kapsaml\u0131 bir ekonomik m\u00fccadele vermeyi planlad\u0131k\u201d diye konu\u015ftu.\u00a0<\/p>\n<p>\u201cBiz yard\u0131msever Ankaral\u0131lara \u2018\u0130\u015fte \u015fimdi tam zaman\u0131\u2019 diyoruz\u201d\u00a0<br \/>\nYasal olarak bir vatanda\u015f\u0131n istedi\u011fi zaman belediyelere ba\u011f\u0131\u015f yapabildi\u011fini hat\u0131rlatan Yava\u015f, a\u00e7\u0131klamas\u0131na \u015f\u00f6yle devam etti:\u00a0<br \/>\n\u201cKanunlar\u0131m\u0131z buna izin veriyor. Biz yard\u0131msever Ankaral\u0131lara \u2018\u0130\u015fte \u015fimdi tam zaman\u0131\u2019 diyoruz. Bu ama\u00e7la resmi hesaplar\u0131m\u0131z\u0131 t\u00fcm ileti\u015fim kanallar\u0131ndan Ankaral\u0131lara duyuraca\u011f\u0131z. Bize ne kadar \u00e7ok ba\u011f\u0131\u015f gelirse, bizim ma\u011fdur vatanda\u015flar\u0131m\u0131z i\u00e7in kullanaca\u011f\u0131m\u0131z b\u00fct\u00e7emiz o kadar \u00e7o\u011falacakt\u0131r. G\u00fcn dayan\u0131\u015fma g\u00fcn\u00fcd\u00fcr ve zorluklar ancak birlikte a\u015f\u0131l\u0131r. Yard\u0131msever vatanda\u015flar\u0131m\u0131z\u0131 bize ba\u011f\u0131\u015f yapmaya davet ediyoruz. Yap\u0131lan ba\u011f\u0131\u015flar\u0131n ba\u015fka hi\u00e7bir ama\u00e7la kullan\u0131lmayaca\u011f\u0131n\u0131, sadece ve sadece g\u0131da ve Acil Nakit Deste\u011fi ile yine Ankaral\u0131lara d\u00f6nece\u011fini buradan bir kere daha duyurmak istiyorum. Bize nakit olarak ba\u011f\u0131\u015fta bulunabilecekleri gibi, g\u0131da ba\u011f\u0131\u015f\u0131 da yapabilirler. Bu ama\u00e7la bize ba\u015fvuracak yard\u0131mseverlerin g\u0131da ba\u011f\u0131\u015flar\u0131n\u0131 kendilerinden al\u0131p lojistik merkezimize aktar\u0131yoruz ve orada daha \u00f6nce beslenme uzmanlar\u0131nca belirlendi\u011fini s\u00f6yledi\u011fim standartlara g\u00f6re paketleyip vatanda\u015flar\u0131m\u0131za ula\u015ft\u0131raca\u011f\u0131z.\u201d\u00a0<br \/>\nZor bir s\u00fcre\u00e7ten ge\u00e7ildi\u011fini belirten Yava\u015f, \u201cHerkesin yapabilece\u011fi i\u015fler oldu\u011funu ben bir kez daha hat\u0131rlatmak istiyorum. 6 milyon tek y\u00fcrek olursak \u00fcstesinden gelemeyece\u011fimiz sorun olamaz. Biz vir\u00fcsten daha g\u00fc\u00e7l\u00fcy\u00fcz. Ankara vir\u00fcse teslim olmayacak\u201d dedi.\u00a0<\/p>\n<p>Desteklerden yararlanmak i\u00e7in ne yapmak gerekiyor?\u00a0<br \/>\nYap\u0131lacak kontrollerde herhangi bir gelire sahip olmad\u0131\u011f\u0131 belirlenen ailelere acil nakit deste\u011fi sa\u011flanaca\u011f\u0131 ve bunun hayat ko\u015fullar\u0131 normale d\u00f6n\u00fcnceye kadar s\u00fcrece\u011fi belirtildi. G\u0131da veya acil nakit deste\u011finden yararlanmak isteyen vatanda\u015flar, belediyeye gitmeden Ba\u015fkent Mobil uygulamas\u0131ndan ya da Ba\u015fkent 153&#8217;\u00fc arayarak ba\u015fvuru yapabilecek. Ba\u015fvuru yap\u0131labilecek \u00fc\u00e7\u00fcnc\u00fc kanal ise Ankara B\u00fcy\u00fck\u015fehir Belediyesinin kurumsal internet sitesinden Dayan\u0131\u015fma Platformu olacak.<\/p>\n","protected":false},"excerpt":{"rendered":"<p>\u00a0Ankara B\u00fcy\u00fck\u015fehir Belediyesi, korona vir\u00fcs sebebi ile ba\u015flatt\u0131\u011f\u0131 \u201cDayan\u0131\u015fma \u0130\u00e7in 6 Milyon Tek Y\u00fcrek\u201d ba\u011f\u0131\u015f kampanyas\u0131n\u0131n detaylar\u0131n\u0131 kamuoyu ile payla\u015ft\u0131.\u00a0 T\u00fcm d\u00fcnyay\u0131 etkisi alt\u0131na alan korona vir\u00fcs nedeniyle \u00f6nlemlerini almaya &hellip; <a href=\"https:\/\/mersinekonomipolitikagazetesi.com\/?p=6363\" class=\"more-link\">Devam\u0131n\u0131 Oku&#8230;<\/a><\/p>\n","protected":false},"author":1,"featured_media":0,"comment_status":"open","ping_status":"open","sticky":false,"template":"","format":"standard","meta":[],"categories":[],"tags":[],"_links":{"self":[{"href":"https:\/\/mersinekonomipolitikagazetesi.com\/index.php?rest_route=\/wp\/v2\/posts\/6363"}],"collection":[{"href":"https:\/\/mersinekonomipolitikagazetesi.com\/index.php?rest_route=\/wp\/v2\/posts"}],"about":[{"href":"https:\/\/mersinekonomipolitikagazetesi.com\/index.php?rest_route=\/wp\/v2\/types\/post"}],"author":[{"embeddable":true,"href":"https:\/\/mersinekonomipolitikagazetesi.com\/index.php?rest_route=\/wp\/v2\/users\/1"}],"replies":[{"embeddable":true,"href":"https:\/\/mersinekonomipolitikagazetesi.com\/index.php?rest_route=%2Fwp%2Fv2%2Fcomments&post=6363"}],"version-history":[{"count":0,"href":"https:\/\/mersinekonomipolitikagazetesi.com\/index.php?rest_route=\/wp\/v2\/posts\/6363\/revisions"}],"wp:attachment":[{"href":"https:\/\/mersinekonomipolitikagazetesi.com\/index.php?rest_route=%2Fwp%2Fv2%2Fmedia&parent=6363"}],"wp:term":[{"taxonomy":"category","embeddable":true,"href":"https:\/\/mersinekonomipolitikagazetesi.com\/index.php?rest_route=%2Fwp%2Fv2%2Fcategories&post=6363"},{"taxonomy":"post_tag","embeddable":true,"href":"https:\/\/mersinekonomipolitikagazetesi.com\/index.php?rest_route=%2Fwp%2Fv2%2Ftags&post=6363"}],"curies":[{"name":"wp","href":"https:\/\/api.w.org\/{rel}","templated":true}]}}