{"id":6371,"date":"2020-11-04T18:26:53","date_gmt":"2020-11-04T15:26:53","guid":{"rendered":"http:\/\/mersinekonomipolitikagazetesi.com\/?p=6371"},"modified":"2020-11-04T18:26:53","modified_gmt":"2020-11-04T15:26:53","slug":"korona-viruse-karadeniz-usulu-cozum-paralari-100-derecede-kaynatiyor","status":"publish","type":"post","link":"https:\/\/mersinekonomipolitikagazetesi.com\/?p=6371","title":{"rendered":"Korona vir\u00fcse Karadeniz usul\u00fc \u00e7\u00f6z\u00fcm: \u201cParalar\u0131 100 derecede kaynat\u0131yor\u201d"},"content":{"rendered":"<p>\u00a0Ordulu esnaf, korona vir\u00fcs\u00fcne (Covid-19) kar\u015f\u0131 ald\u0131\u011f\u0131 \u00f6nlemler kapsam\u0131nda, i\u015f yerine gelen m\u00fc\u015fterilerden ald\u0131\u011f\u0131 paralar\u0131, 100 derecelik kaynar suda kaynatarak dezenfekte ediyor. Vir\u00fcse kar\u015f\u0131 Karadeniz usul\u00fc \u00e7\u00f6z\u00fcm\u00fc g\u00f6renler ise \u015fa\u015f\u0131r\u0131yor.\u00a0<br \/>\nOrdu&#8217;nun Alt\u0131nordu il\u00e7esinde 25 y\u0131ld\u0131r bakkal d\u00fckkan\u0131 i\u015fleten 55 ya\u015f\u0131ndaki Orhan Sar\u0131, t\u00fcm d\u00fcnyay\u0131 etkisi alt\u0131na alan ve \u00e7ok say\u0131da ki\u015finin \u00f6l\u00fcm\u00fcne yol a\u00e7an korona vir\u00fcs\u00fcne kar\u015f\u0131 Karadeniz usul\u00fc bir \u00e7\u00f6z\u00fcm buldu. G\u00fcn i\u00e7erisinde elden ele dola\u015fan paralardan vir\u00fcs yay\u0131lma riskinin \u00e7ok y\u00fcksek oldu\u011funu s\u00f6yleyen Sar\u0131, i\u015f yerine gelen m\u00fc\u015fterilerden ald\u0131\u011f\u0131 paralar\u0131, 100 derecede kaynatt\u0131\u011f\u0131 suyun i\u00e7erisine yerle\u015ftirerek, dezenfekte ediyor, ard\u0131ndan da kurutuyor. Paralar\u0131, \u00e7orba gibi kar\u0131\u015ft\u0131rmaya gerek olmad\u0131\u011f\u0131n\u0131 ve banknotlar\u0131n asla zarar g\u00f6rmedi\u011fini ifade eden Sar\u0131, korona vir\u00fcs\u00fc yay\u0131lmadan \u00f6nce de paralar\u0131 aral\u0131klarla kolonya ile dezenfekte etti\u011fini belirtiyor. Esnaf\u0131n buldu\u011fu bireysel \u00e7\u00f6z\u00fcm ise ak\u0131llara, \u2018Karadeniz f\u0131kralar\u0131n\u0131\u2019 getiriyor.\u00a0<\/p>\n<p>\u201cParalar birikince kaynar suya at\u0131yorum\u201d\u00a0<br \/>\nG\u00fcnl\u00fck biriken paralar\u0131, belirli bir miktar birikince 100 derece kaynayan suya at\u0131p dezenfekte etti\u011fini ifade eden Orhan Sar\u0131, \u201cBiraz birikince kaynar suya at\u0131yorum. Zaten paralar\u0131 kaynar suya at\u0131p-\u00e7\u0131kart\u0131nca dahi yeterli oluyor, paralara zarar\u0131 olmuyor. Kaynar suya at\u0131 temizledi\u011fim paralar\u0131 sonras\u0131nda da kurutuyorum. M\u00fc\u015fteriye verdi\u011fim paralar da bu sayede temiz oluyor\u201d dedi.\u00a0<\/p>\n<p>\u201c\u00c7ama\u015f\u0131r suyuna koymay\u0131 d\u00fc\u015f\u00fcnd\u00fcm\u201d\u00a0<br \/>\nEn \u00e7ok mikrop bar\u0131nd\u0131ranlar aras\u0131nda paralar\u0131n da yer ald\u0131\u011f\u0131n\u0131 ve insanlar\u0131n daha dikkatli olmalar\u0131 gerekti\u011fini ifade eden Sar\u0131, dezenfekte a\u015famas\u0131nda banknotlar\u0131 \u00e7ama\u015f\u0131r suyu ile dahi temizlemeyi d\u00fc\u015f\u00fcnd\u00fc\u011f\u00fc s\u00f6yledi. Sar\u0131, \u015fu ifadelere yer verdi:\u00a0<br \/>\n\u201cParalar elden ele dola\u015f\u0131yor, g\u00fcnl\u00fck y\u00fcz ki\u015finin eline ge\u00e7iyor. Kimisi ister istemez t\u00fck\u00fcr\u00fckle bile para sayabiliyor. O y\u00fczden ben de dikkat ediyorum. Benim de akl\u0131ma b\u00f6yle bir fikir geldi. Dezenfekte etmek i\u00e7in \u00e7ama\u015f\u0131r suyuna koymay\u0131 d\u00fc\u015f\u00fcnd\u00fcm, paran\u0131n yap\u0131s\u0131n\u0131 bozaca\u011f\u0131 i\u00e7in vazge\u00e7tim. Ben de bu sayede bireysel tedbirimi ald\u0131m. D\u00fckkan\u0131n kap\u0131s\u0131n\u0131 da kapatt\u0131m, kimseyi i\u00e7eriye alm\u0131yorum. Bir \u015feyler isteyenlere de kap\u0131dan veriyorum. Takip mesafesini de koruyorum.\u201d\u00a0<\/p>\n<p>Kimi be\u011feniyor, kimi gereksiz g\u00f6r\u00fcyor\u00a0<br \/>\n\u0130nsanlar\u0131n, vir\u00fcsten ve di\u011fer salg\u0131n hastal\u0131klardan korunmas\u0131 i\u00e7in temizli\u011fe ve dezenfekteye \u00f6nem vermeleri gerekti\u011fine de vurgu yapan Sar\u0131, en \u00e7ok vir\u00fcs\u00fcn parada oldu\u011funu belirterek, baz\u0131 insanlar\u0131n uygulamay\u0131 takdir etti\u011fini, kimilerinin ise gereksiz buldu\u011funu s\u00f6zlerine ekledi.\u00a0<\/p>\n","protected":false},"excerpt":{"rendered":"<p>\u00a0Ordulu esnaf, korona vir\u00fcs\u00fcne (Covid-19) kar\u015f\u0131 ald\u0131\u011f\u0131 \u00f6nlemler kapsam\u0131nda, i\u015f yerine gelen m\u00fc\u015fterilerden ald\u0131\u011f\u0131 paralar\u0131, 100 derecelik kaynar suda kaynatarak dezenfekte ediyor. Vir\u00fcse kar\u015f\u0131 Karadeniz usul\u00fc \u00e7\u00f6z\u00fcm\u00fc g\u00f6renler ise \u015fa\u015f\u0131r\u0131yor.\u00a0 &hellip; <a href=\"https:\/\/mersinekonomipolitikagazetesi.com\/?p=6371\" class=\"more-link\">Devam\u0131n\u0131 Oku&#8230;<\/a><\/p>\n","protected":false},"author":1,"featured_media":0,"comment_status":"open","ping_status":"open","sticky":false,"template":"","format":"standard","meta":[],"categories":[],"tags":[],"_links":{"self":[{"href":"https:\/\/mersinekonomipolitikagazetesi.com\/index.php?rest_route=\/wp\/v2\/posts\/6371"}],"collection":[{"href":"https:\/\/mersinekonomipolitikagazetesi.com\/index.php?rest_route=\/wp\/v2\/posts"}],"about":[{"href":"https:\/\/mersinekonomipolitikagazetesi.com\/index.php?rest_route=\/wp\/v2\/types\/post"}],"author":[{"embeddable":true,"href":"https:\/\/mersinekonomipolitikagazetesi.com\/index.php?rest_route=\/wp\/v2\/users\/1"}],"replies":[{"embeddable":true,"href":"https:\/\/mersinekonomipolitikagazetesi.com\/index.php?rest_route=%2Fwp%2Fv2%2Fcomments&post=6371"}],"version-history":[{"count":0,"href":"https:\/\/mersinekonomipolitikagazetesi.com\/index.php?rest_route=\/wp\/v2\/posts\/6371\/revisions"}],"wp:attachment":[{"href":"https:\/\/mersinekonomipolitikagazetesi.com\/index.php?rest_route=%2Fwp%2Fv2%2Fmedia&parent=6371"}],"wp:term":[{"taxonomy":"category","embeddable":true,"href":"https:\/\/mersinekonomipolitikagazetesi.com\/index.php?rest_route=%2Fwp%2Fv2%2Fcategories&post=6371"},{"taxonomy":"post_tag","embeddable":true,"href":"https:\/\/mersinekonomipolitikagazetesi.com\/index.php?rest_route=%2Fwp%2Fv2%2Ftags&post=6371"}],"curies":[{"name":"wp","href":"https:\/\/api.w.org\/{rel}","templated":true}]}}