{"id":6372,"date":"2020-11-04T18:26:53","date_gmt":"2020-11-04T15:26:53","guid":{"rendered":"http:\/\/mersinekonomipolitikagazetesi.com\/?p=6372"},"modified":"2020-11-04T18:26:53","modified_gmt":"2020-11-04T15:26:53","slug":"turk-ciftcisi-uretmeye-devam-ediyor","status":"publish","type":"post","link":"https:\/\/mersinekonomipolitikagazetesi.com\/?p=6372","title":{"rendered":"T\u00fcrk \u00e7ift\u00e7isi \u00fcretmeye devam ediyor"},"content":{"rendered":"<p><span style=\"line-height: 1.6em;\">\u00a0Mersin&#8217;de \u00e7ift\u00e7iler hayat\u0131 durma noktas\u0131na getiren korona vir\u00fcse inat \u00fcretime devam ediyor. Korona vir\u00fcsle ciddi bir s\u0131nav verildi\u011fini ifade eden \u00fcreticiler, s\u00fcrece \u00fcretime devam ederek destek olduklar\u0131n\u0131 belirttiler. Fiyat\u0131n b\u00f6yle bir d\u00f6nemde ikinci planda kald\u0131\u011f\u0131n\u0131 dile getiren baz\u0131 \u00fcreticiler ise gerekti\u011fi takdirde \u00fcr\u00fcnlerini ihtiyac\u0131 olanlara \u00fccretsiz ula\u015ft\u0131rabileceklerini s\u00f6yledi.\u00a0<\/span><\/p>\n<p>12 ay aral\u0131ks\u0131z tar\u0131msal \u00fcretim ger\u00e7ekle\u015ftirilen Erdemli il\u00e7esindeki \u00fcreticiler, korona vir\u00fcs m\u00fccadelesinde \u00e7ift\u00e7iye d\u00fc\u015fen g\u00f6revin her \u015feye ra\u011fmen kaliteli \u00fcr\u00fcn yeti\u015ftirmek oldu\u011funu belirttiler.\u00a0<\/p>\n<p>&#8220;\u00dcreticiyiz, \u00fcretmek zorunday\u0131z&#8221;\u00a0<br \/>\n\u00dcretici Mehmet Kayan, &#8220;\u015eu an \u00fclkemiz korona vir\u00fcsle m\u00fccadele ediyor. Biz \u00fcreticiler de g\u00fczel mahsuller \u00fcretmek i\u00e7in u\u011fra\u015f\u0131yoruz. Bu mahsulleri en iyi \u015fekilde vatanda\u015flar\u0131m\u0131za ula\u015ft\u0131rmaya \u00e7al\u0131\u015f\u0131yoruz. Allah hepimize sab\u0131rlar versin. Koronadan dolay\u0131 hayat durma noktas\u0131na geldi ama \u00e7ift\u00e7ilerimiz durmuyor. \u00dcr\u00fcnlerine bakmak, beslemek ve ellerinden \u00e7\u0131karmak zorundalar. \u00dcreticiyiz, \u00fcretmek zorunday\u0131z, \u00fcretmeye devam edece\u011fiz. Allah&#8217;\u0131n izniyle bu korona vir\u00fcs\u00fcn\u00fc de atlataca\u011f\u0131z&#8221; dedi.\u00a0<br \/>\nSerada fasulye yeti\u015ftiricili\u011fi yapan \u0130brahim G\u00f6ken de, &#8220;Koronadan dolay\u0131 kendi i\u015fimizi kendimiz yapmak zorunday\u0131z. Yevmiyeci bulam\u0131yoruz, sonu\u00e7ta \u00fcretmek zorunday\u0131z. Allah t\u00fcm \u00e7ift\u00e7ilerimize, \u00fcreticilerimize yard\u0131mc\u0131 olsun&#8221; diye konu\u015ftu.\u00a0<\/p>\n<p>&#8220;\u00dcr\u00fcnlerimizi gerekirse ba\u011f\u0131\u015flar\u0131z&#8221;\u00a0<br \/>\nSeras\u0131nda salatal\u0131k \u00fcretimi yapan Soner Ko\u00e7 ise, &#8220;Bu korona belas\u0131ndan in\u015fallah bir an \u00f6nce kurtuluruz. \u0130\u015f\u00e7i bulam\u0131yoruz. D\u0131\u015far\u0131ya \u00e7\u0131k\u0131lmad\u0131\u011f\u0131 i\u00e7in seralar\u0131m\u0131zda kimse \u00e7al\u0131\u015fm\u0131yor. Kendimiz de zorunluluk d\u0131\u015f\u0131nda \u00e7\u0131km\u0131yoruz&#8221; dedi.\u00a0<br \/>\nKo\u00e7, &#8220;\u015eu an \u00fcr\u00fcn ikinci planda. \u00d6nce can, gerekirse ihtiya\u00e7 sahiplerine \u00fcr\u00fcnlerimizi ula\u015ft\u0131rabiliriz. Devletimiz elinden geleni yap\u0131yor, biz de elimizi ta\u015f\u0131n alt\u0131na koyar\u0131z. \u00dcr\u00fcn\u00fcm\u00fcz\u00fc gerekti\u011finde devletimize, vatanda\u015flar\u0131m\u0131za ba\u011f\u0131\u015flayabiliriz&#8221; \u015feklinde konu\u015ftu.\u00a0<\/p>\n<p>&#8220;Gelece\u011fimiz ve \u00fclkemiz i\u00e7in \u00fcretiyoruz&#8221;\u00a0<br \/>\nLimon ve domates \u00fcreticisi Sinan U\u011fuz da, &#8220;B\u00fct\u00fcn d\u00fcnyay\u0131 kas\u0131p kavuran korona vir\u00fcs dolay\u0131s\u0131yla hayat durma noktas\u0131na gelmi\u015f olmas\u0131na ra\u011fmen, biz Mersin Erdemli \u00e7ift\u00e7ileri olarak, kendimiz, ailemiz, \u00e7ocuklar\u0131m\u0131z, gelece\u011fimiz ve \u00fclkemiz i\u00e7in \u00fcretmeye devam ediyoruz. H\u0131z kesmeden b\u00f6lgemizde domates, fasulye, limon ve salatal\u0131k ba\u015fta olmak \u00fczere bir\u00e7ok tar\u0131m \u00fcr\u00fcn\u00fcn\u00fc \u00fclkemiz i\u00e7in \u00fcretiyoruz&#8221; dedi.\u00a0<\/p>\n","protected":false},"excerpt":{"rendered":"<p>\u00a0Mersin&#8217;de \u00e7ift\u00e7iler hayat\u0131 durma noktas\u0131na getiren korona vir\u00fcse inat \u00fcretime devam ediyor. Korona vir\u00fcsle ciddi bir s\u0131nav verildi\u011fini ifade eden \u00fcreticiler, s\u00fcrece \u00fcretime devam ederek destek olduklar\u0131n\u0131 belirttiler. Fiyat\u0131n b\u00f6yle &hellip; <a href=\"https:\/\/mersinekonomipolitikagazetesi.com\/?p=6372\" class=\"more-link\">Devam\u0131n\u0131 Oku&#8230;<\/a><\/p>\n","protected":false},"author":1,"featured_media":0,"comment_status":"open","ping_status":"open","sticky":false,"template":"","format":"standard","meta":[],"categories":[],"tags":[],"_links":{"self":[{"href":"https:\/\/mersinekonomipolitikagazetesi.com\/index.php?rest_route=\/wp\/v2\/posts\/6372"}],"collection":[{"href":"https:\/\/mersinekonomipolitikagazetesi.com\/index.php?rest_route=\/wp\/v2\/posts"}],"about":[{"href":"https:\/\/mersinekonomipolitikagazetesi.com\/index.php?rest_route=\/wp\/v2\/types\/post"}],"author":[{"embeddable":true,"href":"https:\/\/mersinekonomipolitikagazetesi.com\/index.php?rest_route=\/wp\/v2\/users\/1"}],"replies":[{"embeddable":true,"href":"https:\/\/mersinekonomipolitikagazetesi.com\/index.php?rest_route=%2Fwp%2Fv2%2Fcomments&post=6372"}],"version-history":[{"count":0,"href":"https:\/\/mersinekonomipolitikagazetesi.com\/index.php?rest_route=\/wp\/v2\/posts\/6372\/revisions"}],"wp:attachment":[{"href":"https:\/\/mersinekonomipolitikagazetesi.com\/index.php?rest_route=%2Fwp%2Fv2%2Fmedia&parent=6372"}],"wp:term":[{"taxonomy":"category","embeddable":true,"href":"https:\/\/mersinekonomipolitikagazetesi.com\/index.php?rest_route=%2Fwp%2Fv2%2Fcategories&post=6372"},{"taxonomy":"post_tag","embeddable":true,"href":"https:\/\/mersinekonomipolitikagazetesi.com\/index.php?rest_route=%2Fwp%2Fv2%2Ftags&post=6372"}],"curies":[{"name":"wp","href":"https:\/\/api.w.org\/{rel}","templated":true}]}}