{"id":6374,"date":"2020-11-04T18:26:53","date_gmt":"2020-11-04T15:26:53","guid":{"rendered":"http:\/\/mersinekonomipolitikagazetesi.com\/?p=6374"},"modified":"2020-11-04T18:26:53","modified_gmt":"2020-11-04T15:26:53","slug":"secer-esnaf-vatandas-ve-saglik-alaninda-verecekleri-destekleri-acikladi","status":"publish","type":"post","link":"https:\/\/mersinekonomipolitikagazetesi.com\/?p=6374","title":{"rendered":"Se\u00e7er, esnaf, vatanda\u015f ve sa\u011fl\u0131k alan\u0131nda verecekleri destekleri a\u00e7\u0131klad\u0131"},"content":{"rendered":"<p><span style=\"line-height: 1.6em;\">\u00a0Mersin B\u00fcy\u00fck\u015fehir Belediye Ba\u015fkan\u0131 Vahap Se\u00e7er, korona vir\u00fcs salg\u0131n\u0131 nedeniyle zor g\u00fcnler ge\u00e7iren dar gelirlilere ve esnafa nefes ald\u0131racak destek ve \u00f6nlem paketini a\u00e7\u0131klad\u0131. Geliri olmayan ya da \u00e7ok d\u00fc\u015f\u00fck gelirli ailelerin 10 metrek\u00fcpe kadar olan su kullan\u0131m \u00fccretlerini B\u00fcy\u00fck\u015fehir Belediyesi \u00f6deyecek. Nisan ay\u0131nda meskenlerde saya\u00e7 okumas\u0131 yap\u0131lmayacak, son 1 y\u0131l\u0131n ortalamas\u0131 al\u0131narak fatura kesilecek. Son 1 y\u0131lda 0-75 metrek\u00fcp su kullanan esnafa nisan ay\u0131nda fatura d\u00fczenlenmeyecek.\u00a0<\/span><\/p>\n<p>B\u00fcy\u00fck\u015fehir Belediye Ba\u015fkan\u0131 Se\u00e7er, yapt\u0131\u011f\u0131 a\u00e7\u0131klamada, korona vir\u00fcs salg\u0131n\u0131na kar\u015f\u0131 ald\u0131klar\u0131 \u00f6nlemleri ve bu s\u00fcre\u00e7 i\u00e7inde vatanda\u015flara yap\u0131lacak sosyal yard\u0131mlar\u0131 anlatt\u0131. Belediye b\u00fcnyesindeki Kriz Merkezinin 16 Mart\u2019ta kuruldu\u011funu, bu merkezin 7\/24 esas\u0131na g\u00f6re \u00e7al\u0131\u015farak, yurtta\u015flar\u0131n taleplerini ald\u0131\u011f\u0131n\u0131 belirten Ba\u015fkan Se\u00e7er, \u201cBu talepler s\u0131cak yemek, g\u0131da, ila\u00e7, dezenfeksiyon, temizlik malzemesi ve psikolojik destek gibi ihtiya\u00e7lardan olu\u015fuyor. Belediye olarak bu talepleri s\u00fcratle kar\u015f\u0131l\u0131yoruz\u201d dedi.\u00a0<br \/>\nSalg\u0131n riski ba\u015f g\u00f6sterdi\u011finde, meskenlerde ve i\u015f yerlerinde, su borcundan dolay\u0131 abonelerin sular\u0131n\u0131 kesmeme, kesik olanlar\u0131 a\u00e7ma karar\u0131 ald\u0131klar\u0131n\u0131 hat\u0131rlatan Se\u00e7er, bu uygulaman\u0131n devam edece\u011fini vurgulad\u0131.\u00a0<\/p>\n<p>Yoksullara ve esnafa su deste\u011fi\u00a0<br \/>\nHayat normale d\u00f6nene kadar su abonelerinin saya\u00e7lar\u0131n\u0131n okunmayaca\u011f\u0131n\u0131 s\u00f6yleyen Se\u00e7er, \u201cHalk Kart sahibi 8 bin 500 yoksul ailemizin 10 metrek\u00fcp su t\u00fcketimine kadar kulland\u0131\u011f\u0131 suyun bedeli belediyemizce kar\u015f\u0131lanacakt\u0131r. Meskenlerde abonelerimizin nisan faturalar\u0131 son 12 ay\u0131n su t\u00fcketim ortalamas\u0131na g\u00f6re d\u00fczenlenecektir. \u0130\u015f yerlerinde ise abonelerimizin y\u00fczde 97\u2019sini olu\u015fturan, son 12 ay ortalamas\u0131 0-75 metrek\u00fcp aras\u0131 su t\u00fcketenlere fatura d\u00fczenlenmeyecektir. 2020 y\u0131l\u0131n\u0131n ilk 3 ay\u0131nda su t\u00fcketimi olmayan i\u015f yeri ve mesken abonelerimize fatura d\u00fczenlenmeyecektir. Tekrar \u00f6nemle belirtmeliyim ki, su borcundan dolay\u0131 meskenlerde ve i\u015f yerlerinde su kesintisi yap\u0131lmayacakt\u0131r. Barajlardaki doluluk oranlar\u0131 yeterli miktardad\u0131r, endi\u015fe edecek bir durum yoktur. MESK\u0130, temiz i\u00e7me suyu tedarikinde herhangi bir sorun ya\u015fanmamas\u0131 i\u00e7in titizlikle \u00e7al\u0131\u015fmaktad\u0131r\u201d ifadelerini kulland\u0131.\u00a0<\/p>\n<p>\u201c120 bin g\u0131da kolisi haz\u0131r, 3 bin 500 ki\u015fiye s\u0131cak yemek veriyoruz\u201d\u00a0<br \/>\nSalg\u0131n riski dolay\u0131s\u0131yla evden \u00e7\u0131kmamalar\u0131 tavsiye edilen yurtta\u015flara g\u0131da yard\u0131mlar\u0131n\u0131n devam etti\u011fini belirten Se\u00e7er, \u201cYakla\u015f\u0131k 120 bin g\u0131da kolisi haz\u0131r olup, da\u011f\u0131t\u0131mlar\u0131na devam ediyoruz. \u0130htiya\u00e7 do\u011frultusunda bu say\u0131y\u0131 art\u0131raca\u011f\u0131z. Bug\u00fcn itibariyle yakla\u015f\u0131k 3 bin 500 yurtta\u015f\u0131m\u0131za s\u0131cak yemek hizmeti veriyoruz. Bu say\u0131 da her ge\u00e7en g\u00fcn art\u0131yor. Talepler do\u011frultusunda hizmetimizi devam ettirece\u011fiz. Ekmek fabrikam\u0131zda \u00fcretti\u011fimiz ekme\u011fe talep art\u0131\u015f\u0131 oldu. Bu talepleri hijyenik ko\u015fullarda kar\u015f\u0131lamaya devam ediyoruz. Yakla\u015f\u0131k g\u00fcnl\u00fck 55-60 bin civar\u0131nda ekmek \u00fcretimi ger\u00e7ekle\u015ftiriyoruz\u201d diye konu\u015ftu.\u00a0<br \/>\nBu s\u00fcre\u00e7ten olumsuz etkilenen vatanda\u015flara 8 psikolog vas\u0131tas\u0131yla destek verildi\u011fini kaydeden Se\u00e7er, \u201cYa\u015f alm\u0131\u015f vatanda\u015flar\u0131m\u0131z ile kronik rahats\u0131zl\u0131\u011f\u0131 olanlara evde bak\u0131m hizmetlerimiz kontroll\u00fc olarak devam etmektedir. Ayr\u0131ca, hastanelerden taburcu edilen vatanda\u015flar\u0131m\u0131z\u0131n nakilleriyle ilgili ambulanslar\u0131m\u0131z gerekli hizmeti vermektedir\u201d \u015feklinde konu\u015ftu.\u00a0<\/p>\n<p>\u201cPersonel, korona ile m\u00fccadele i\u00e7in seferber edildi\u201d\u00a0<br \/>\nSalg\u0131n riskinin T\u00fcrkiye\u2019de hissedilmesinden bu yana B\u00fcy\u00fck\u015fehir Belediyesinde toplam 9 bin 927 \u00e7al\u0131\u015fandan 2 bin 622\u2019sinin, yani y\u00fczde 26,4\u2019\u00fcn\u00fcn izinli oldu\u011funu ya da evden \u00e7al\u0131\u015ft\u0131\u011f\u0131n\u0131 dile getiren Se\u00e7er, \u015funlar\u0131 s\u00f6yledi:\u00a0<br \/>\n\u201cZorunlu yap\u0131lmas\u0131 gereken i\u015fler d\u0131\u015f\u0131nda, di\u011fer \u00e7al\u0131\u015fmalar\u0131 durdurduk. Personel dezenfeksiyon, ila\u00e7lama, sosyal yard\u0131m gibi korona ile m\u00fccadele alanlar\u0131na y\u00f6nlendirildi. Rutin olarak dezenfeksiyon i\u015flemlerine devam ediyoruz. D\u00fczenli olarak her sefer aras\u0131nda otob\u00fcslerimiz temizleniyor ve dezenfeksiyon i\u015flemine tabi tutuluyor. Belediye otob\u00fcslerinde yolcu ta\u015f\u0131ma kapasitesini sosyal mesafeyi koruyacak \u015fekilde yeniden d\u00fczenledik. Koltuklar aras\u0131nda sar\u0131 uyar\u0131 bantlar\u0131 \u00e7ekildi, dezenfektan kiti konuldu. Zab\u0131ta ekiplerimiz toplu ta\u015f\u0131ma ara\u00e7lar\u0131, marketler, f\u0131r\u0131nlar gibi t\u00fcm alanlarda etkin denetimlerini s\u00fcrd\u00fcr\u00fcyor. \u00c7\u00f6plerden evsel at\u0131k toplayan yurtta\u015flar\u0131m\u0131z\u0131n bu s\u00fcre\u00e7te i\u015flerine ara vermesi i\u00e7in di\u011fer kamu kurumlar\u0131yla gerekli giri\u015fimlerde bulunduk. Onlara g\u0131da ve yemek yard\u0131m\u0131 yap\u0131yoruz. Ya\u015f meyve ve sebze \u00fcretim merkezi olan ilimizdeki hallerimizde hijyene en \u00fcst seviyede \u00f6nem veriyoruz. Gerekli \u00f6nlemleri ald\u0131k ve denetimleri yap\u0131yoruz. Sokak hayvanlar\u0131 i\u00e7in beslenme odaklar\u0131 ve di\u011fer alanlara mama ve su b\u0131rak\u0131yoruz. Veterinerlik hizmetlerimizi de devam ettiriyoruz. T\u00fcm mecralarda, sosyal medya, billboardlar, otob\u00fcs arkalar\u0131, yaz\u0131l\u0131, g\u00f6rsel ve i\u015fitsel bas\u0131nda halk\u0131n bilin\u00e7lenmesi maksad\u0131yla korona ile m\u00fccadeleyle ilgili yay\u0131nlar yap\u0131l\u0131yor. Zorlu bir s\u00fcre\u00e7ten ge\u00e7iyoruz. Bu s\u00fcreci hi\u00e7 \u015f\u00fcphem yok ki, birlik, beraberlik ve dayan\u0131\u015fma i\u00e7erisinde a\u015faca\u011f\u0131z. L\u00fctfen, uyar\u0131lar\u0131 dikkate al\u0131n, sa\u011fl\u0131\u011f\u0131m\u0131z i\u00e7in evde kal\u0131n.\u201d\u00a0<\/p>\n<p>\u201cSa\u011fl\u0131k \u00e7al\u0131\u015fanlar\u0131n\u0131n bar\u0131nmalar\u0131 i\u00e7in 156 yatakl\u0131 tesisi haz\u0131r hale getirdik\u201d\u00a0<br \/>\nB\u00fcy\u00fck\u015fehir Belediyesinin ald\u0131\u011f\u0131 yeni \u00f6nlemler ve sosyal destekler hakk\u0131nda da bilgi veren Se\u00e7er, bu \u00f6nlem ve desteklerin, hayat normale d\u00f6nene kadar uygulanaca\u011f\u0131n\u0131 belirtti. Se\u00e7er, \u00f6nlem ve destekleri \u015f\u00f6yle s\u0131ralad\u0131:\u00a0<br \/>\n\u201cKendi at\u00f6lyelerimizde maske, sa\u011fl\u0131k \u00e7al\u0131\u015fanlar\u0131 i\u00e7in siperlik maske ve MESK\u0130 laboratuvar\u0131nda dezenfektan \u00fcretiyoruz. Bug\u00fcn itibariyle 200 bin yurtta\u015f\u0131m\u0131za ula\u015ft\u0131r\u0131lmak \u00fczere temizlik paketi da\u011f\u0131tmaya ba\u015flad\u0131k. Bu paketin i\u00e7erisinde sabun, maske, s\u0131v\u0131 dezenfektan ve bilgilendirme bro\u015f\u00fcr\u00fcm\u00fcz bulunuyor. Halk Kart uygulamam\u0131zdan yararlanan yakla\u015f\u0131k 8 bin 500 ailenin ay sonlar\u0131nda hesaplar\u0131na ge\u00e7en yard\u0131mlar\u0131n\u0131 nisan ay\u0131nda erkene \u00e7ekerek, ay\u0131n ilk haftas\u0131nda hesaplar\u0131na yat\u0131raca\u011f\u0131z. Halk Kart arac\u0131l\u0131\u011f\u0131yla i\u015fbirli\u011fi yapt\u0131\u011f\u0131m\u0131z 125 market, Halk Kart sahiplerine servis hizmeti vermeye devam ediyor. Tar\u0131msal \u00fcretime destek vermek amac\u0131yla \u00e7ad\u0131rlarda ya\u015fayan tar\u0131m i\u015f\u00e7ilerine temiz su, temizlik malzemesi, yemek ve g\u0131da yard\u0131m\u0131 yap\u0131yoruz. Ayr\u0131ca, sa\u011fl\u0131k ekiplerimiz de kontroller yaparak, hastal\u0131k belirtileri ta\u015f\u0131y\u0131p ta\u015f\u0131mad\u0131klar\u0131n\u0131 tespit ediyor. Daha \u00f6nceki plan ve programlar\u0131m\u0131z \u00e7er\u00e7evesinde tar\u0131msal desteklerimiz devam ediyor. Bu s\u00fcre\u00e7te yo\u011fun emek sarf eden sa\u011fl\u0131k \u00e7al\u0131\u015fanlar\u0131n\u0131n bar\u0131nmalar\u0131 i\u00e7in b\u00fcnyemizde bulunan 156 yatakl\u0131 tesisi haz\u0131r hale getirdik. Kriz Merkezimiz \u00fczerinden talepte bulunan sa\u011fl\u0131k \u00e7al\u0131\u015fanlar\u0131 buradan \u00fccretsiz olarak yararlan\u0131yor. T\u00fcm sa\u011fl\u0131k \u00e7al\u0131\u015fanlar\u0131, toplu ta\u015f\u0131ma hizmetimizden \u00fccretsiz olarak yararlanmaktad\u0131r. Bunun yan\u0131nda Aile Sa\u011fl\u0131\u011f\u0131 Merkezindeki t\u00fcm sa\u011fl\u0131k \u00e7al\u0131\u015fanlar\u0131na, talep etmeleri halinde ula\u015f\u0131m i\u00e7in \u00f6zel servis ve yemek hizmetleri veriyoruz. Talep eden hastaneler i\u00e7in \u00f6n muayene \u00e7ad\u0131rlar\u0131 kurmaya ba\u015flad\u0131k. Bir hastanemizde de \u00e7ad\u0131r kurulumunu ger\u00e7ekle\u015ftirdik. \u0130htiya\u00e7 duyulmas\u0131 halinde \u2018Sahra Hastanesi\u2019 olu\u015fturacak alanlar\u0131 tespit ettik ve haz\u0131rl\u0131klar\u0131m\u0131z\u0131 yapt\u0131k. Ayr\u0131 bir noktada hastane hizmeti verebilecek 100 yatakl\u0131 tesisimizi haz\u0131r hale getirdik. 13 il\u00e7emizde evlere g\u00fcnl\u00fck 12 bin paket s\u00fct da\u011f\u0131t\u0131m\u0131na ba\u015flad\u0131k. \u0130lk\u00f6\u011fretim d\u00fczeyindeki \u00e7ocuklar\u0131m\u0131za ilk etapta 5 bin kitap da\u011f\u0131t\u0131yoruz. Belediyemizden e\u011fitim yard\u0131m\u0131 alan 7 bin 384 \u00f6\u011frencimizin hesab\u0131na 1 Nisan\u2019da yard\u0131mlar yat\u0131r\u0131lacak. Mersin\u2019de e\u011fitim g\u00f6ren ve evlerine d\u00f6nemeyen \u00fcniversite \u00f6\u011frencilerinin de g\u0131da ihtiya\u00e7lar\u0131n\u0131 kar\u015f\u0131l\u0131yoruz. Belediyemizin kirac\u0131s\u0131 olan toplam bin 186 esnaf\u0131m\u0131z\u0131n bu s\u00fcre\u00e7teki ma\u011fduriyetlerini gidermek \u00fczere her t\u00fcrl\u00fc kolayl\u0131\u011f\u0131 g\u00f6steriyoruz, g\u00f6stermeye devam edece\u011fiz.\u201d\u00a0<\/p>\n","protected":false},"excerpt":{"rendered":"<p>\u00a0Mersin B\u00fcy\u00fck\u015fehir Belediye Ba\u015fkan\u0131 Vahap Se\u00e7er, korona vir\u00fcs salg\u0131n\u0131 nedeniyle zor g\u00fcnler ge\u00e7iren dar gelirlilere ve esnafa nefes ald\u0131racak destek ve \u00f6nlem paketini a\u00e7\u0131klad\u0131. Geliri olmayan ya da \u00e7ok d\u00fc\u015f\u00fck &hellip; <a href=\"https:\/\/mersinekonomipolitikagazetesi.com\/?p=6374\" class=\"more-link\">Devam\u0131n\u0131 Oku&#8230;<\/a><\/p>\n","protected":false},"author":1,"featured_media":0,"comment_status":"open","ping_status":"open","sticky":false,"template":"","format":"standard","meta":[],"categories":[],"tags":[],"_links":{"self":[{"href":"https:\/\/mersinekonomipolitikagazetesi.com\/index.php?rest_route=\/wp\/v2\/posts\/6374"}],"collection":[{"href":"https:\/\/mersinekonomipolitikagazetesi.com\/index.php?rest_route=\/wp\/v2\/posts"}],"about":[{"href":"https:\/\/mersinekonomipolitikagazetesi.com\/index.php?rest_route=\/wp\/v2\/types\/post"}],"author":[{"embeddable":true,"href":"https:\/\/mersinekonomipolitikagazetesi.com\/index.php?rest_route=\/wp\/v2\/users\/1"}],"replies":[{"embeddable":true,"href":"https:\/\/mersinekonomipolitikagazetesi.com\/index.php?rest_route=%2Fwp%2Fv2%2Fcomments&post=6374"}],"version-history":[{"count":0,"href":"https:\/\/mersinekonomipolitikagazetesi.com\/index.php?rest_route=\/wp\/v2\/posts\/6374\/revisions"}],"wp:attachment":[{"href":"https:\/\/mersinekonomipolitikagazetesi.com\/index.php?rest_route=%2Fwp%2Fv2%2Fmedia&parent=6374"}],"wp:term":[{"taxonomy":"category","embeddable":true,"href":"https:\/\/mersinekonomipolitikagazetesi.com\/index.php?rest_route=%2Fwp%2Fv2%2Fcategories&post=6374"},{"taxonomy":"post_tag","embeddable":true,"href":"https:\/\/mersinekonomipolitikagazetesi.com\/index.php?rest_route=%2Fwp%2Fv2%2Ftags&post=6374"}],"curies":[{"name":"wp","href":"https:\/\/api.w.org\/{rel}","templated":true}]}}