{"id":6375,"date":"2020-11-04T18:26:53","date_gmt":"2020-11-04T15:26:53","guid":{"rendered":"http:\/\/mersinekonomipolitikagazetesi.com\/?p=6375"},"modified":"2020-11-04T18:26:53","modified_gmt":"2020-11-04T15:26:53","slug":"izinsiz-yardim-toplanamayacak","status":"publish","type":"post","link":"https:\/\/mersinekonomipolitikagazetesi.com\/?p=6375","title":{"rendered":"\u0130zinsiz yard\u0131m toplanamayacak!"},"content":{"rendered":"<p><span style=\"line-height: 1.6em;\">Kamu yarar\u0131na uygun olarak muhta\u00e7 ki\u015filere ,hay\u0131r kurumlar\u0131n\u0131n, dernek, vak\u0131f ve kurumlara yard\u0131m toplama esaslar\u0131 yeniden belirlendi.\u00a0<\/span><\/p>\n<p>\u0130\u00e7i\u015fleri Bakanl\u0131\u011f\u0131n\u0131n 81 il valili\u011fine g\u00f6nderdi\u011fi genelgede, &#8220;Kamu yarar\u0131na uygun olarak, ama\u00e7lar\u0131n\u0131 ger\u00e7ekle\u015ftirmek, muhta\u00e7 ki\u015filere yard\u0131m sa\u011flamak ve kamu hizmetlerinden bir veya birka\u00e7\u0131n\u0131 ger\u00e7ekle\u015ftirmek ya da destek olmak \u00fczere &#8220;ger\u00e7ek ki\u015filer, dernekler, kurumlar, vak\u0131flar, spor kul\u00fcpleri, gazete ve dergilerin&#8221; yard\u0131m toplayabilecekleri 2860 say\u0131l\u0131 Yard\u0131m Toplama Kanununda d\u00fczenlenmi\u015ftir. An\u0131lan Kanun ile ger\u00e7ek ki\u015filer, kurumlar, dernek ve vak\u0131flar\u0131n, a\u00e7t\u0131klar\u0131 banka hesab\u0131 \u00fczerinden ki\u015filerin para yat\u0131rmas\u0131 veya bir makbuz kar\u015f\u0131l\u0131\u011f\u0131nda para toplanmas\u0131na ili\u015fkin usul ve esaslar belirlenmi\u015ftir. Bu kapsamda Kanunun 6. maddesinde yard\u0131m toplayacak ger\u00e7ek ki\u015filer ve kurumlar\u0131n yetkili makamdan izin alma zorunlulu\u011fu d\u00fczenlenmi\u015f 7. maddesinde ise yard\u0131m toplama faaliyeti bir ilin birden fazla il\u00e7esini kaps\u0131yorsa o ilin valisi, yard\u0131m toplama faaliyeti birden fazla ili kaps\u0131yorsa yard\u0131m toplama faaliyetine giri\u015fecek ger\u00e7ek veya t\u00fczel ki\u015filerin yerle\u015fim yerinin bulundu\u011fu ilin valisinden izin al\u0131naca\u011f\u0131 ve izni veren valilik taraf\u0131ndan ilgili valiliklere ve \u0130\u00e7i\u015fleri Bakanl\u0131\u011f\u0131na bilgi verilece\u011fi h\u00fck\u00fcm alt\u0131na al\u0131nm\u0131\u015ft\u0131r. Son g\u00fcnlerde baz\u0131 yerel y\u00f6netimler ba\u015fta olmak \u00fczere kurum, vak\u0131f ve derneklerin 2860 say\u0131l\u0131 Yard\u0131m Toplama Kanununun a\u00e7\u0131k h\u00fck\u00fcmlerine ra\u011fmen herhangi bir izin almadan baz\u0131 hesaplar\u0131 ilan ederek yard\u0131m toplama faaliyetine giri\u015ftikleri g\u00f6r\u00fclm\u00fc\u015ft\u00fcr. Yasalar\u0131m\u0131zda yerel y\u00f6netimlerin Yard\u0131m Toplama Kanunundan muaf olduklar\u0131na dair herhangi bir h\u00fck\u00fcm bulunmamaktad\u0131r. Dolay\u0131s\u0131yla belirli banka hesaplar\u0131 ilan ederek vatanda\u015flardan yard\u0131m talep etmek gibi yard\u0131m toplama faaliyetlerine ili\u015fkin t\u00fcm i\u015f ve i\u015flemleri Yard\u0131m Toplama Kanunu h\u00fck\u00fcmlerine uygun olarak yapmak zorundad\u0131rlar. Bu \u00e7er\u00e7evede, s\u00f6z konusu kurum, dernek ve vak\u0131flar\u0131n faaliyetlerini ve uygulamalar\u0131n\u0131 Yard\u0131m Toplama Kanununun h\u00fck\u00fcmlerine uygun y\u00fcr\u00fctmeleri uyar\u0131lara ra\u011fmen mevzuata uygun faaliyet y\u00fcr\u00fctmeyenler ile ilgili an\u0131lan Kanunun 6. maddesinin &#8220;\u0130zin al\u0131nmadan giri\u015filen yard\u0131m toplama faaliyetleri g\u00fcvenlik kuvvetlerince derhal menedilir ve sorumlular hakk\u0131nda kovu\u015fturma yap\u0131l\u0131r&#8221; h\u00fckm\u00fc \u00e7er\u00e7evesinde gerekli i\u015flemler yap\u0131lacakt\u0131r.\u00a0<\/p>\n","protected":false},"excerpt":{"rendered":"<p>Kamu yarar\u0131na uygun olarak muhta\u00e7 ki\u015filere ,hay\u0131r kurumlar\u0131n\u0131n, dernek, vak\u0131f ve kurumlara yard\u0131m toplama esaslar\u0131 yeniden belirlendi.\u00a0 \u0130\u00e7i\u015fleri Bakanl\u0131\u011f\u0131n\u0131n 81 il valili\u011fine g\u00f6nderdi\u011fi genelgede, &#8220;Kamu yarar\u0131na uygun olarak, ama\u00e7lar\u0131n\u0131 ger\u00e7ekle\u015ftirmek, &hellip; <a href=\"https:\/\/mersinekonomipolitikagazetesi.com\/?p=6375\" class=\"more-link\">Devam\u0131n\u0131 Oku&#8230;<\/a><\/p>\n","protected":false},"author":1,"featured_media":0,"comment_status":"open","ping_status":"open","sticky":false,"template":"","format":"standard","meta":[],"categories":[],"tags":[],"_links":{"self":[{"href":"https:\/\/mersinekonomipolitikagazetesi.com\/index.php?rest_route=\/wp\/v2\/posts\/6375"}],"collection":[{"href":"https:\/\/mersinekonomipolitikagazetesi.com\/index.php?rest_route=\/wp\/v2\/posts"}],"about":[{"href":"https:\/\/mersinekonomipolitikagazetesi.com\/index.php?rest_route=\/wp\/v2\/types\/post"}],"author":[{"embeddable":true,"href":"https:\/\/mersinekonomipolitikagazetesi.com\/index.php?rest_route=\/wp\/v2\/users\/1"}],"replies":[{"embeddable":true,"href":"https:\/\/mersinekonomipolitikagazetesi.com\/index.php?rest_route=%2Fwp%2Fv2%2Fcomments&post=6375"}],"version-history":[{"count":0,"href":"https:\/\/mersinekonomipolitikagazetesi.com\/index.php?rest_route=\/wp\/v2\/posts\/6375\/revisions"}],"wp:attachment":[{"href":"https:\/\/mersinekonomipolitikagazetesi.com\/index.php?rest_route=%2Fwp%2Fv2%2Fmedia&parent=6375"}],"wp:term":[{"taxonomy":"category","embeddable":true,"href":"https:\/\/mersinekonomipolitikagazetesi.com\/index.php?rest_route=%2Fwp%2Fv2%2Fcategories&post=6375"},{"taxonomy":"post_tag","embeddable":true,"href":"https:\/\/mersinekonomipolitikagazetesi.com\/index.php?rest_route=%2Fwp%2Fv2%2Ftags&post=6375"}],"curies":[{"name":"wp","href":"https:\/\/api.w.org\/{rel}","templated":true}]}}