{"id":6378,"date":"2020-11-04T18:26:53","date_gmt":"2020-11-04T15:26:53","guid":{"rendered":"http:\/\/mersinekonomipolitikagazetesi.com\/?p=6378"},"modified":"2020-11-04T18:26:53","modified_gmt":"2020-11-04T15:26:53","slug":"mersinli-ciftciden-milli-dayanisma-kampanyasina-anlamli-destek","status":"publish","type":"post","link":"https:\/\/mersinekonomipolitikagazetesi.com\/?p=6378","title":{"rendered":"Mersinli \u00e7ift\u00e7iden Milli Dayan\u0131\u015fma Kampanyas\u0131na anlaml\u0131 destek"},"content":{"rendered":"<p><span style=\"line-height: 1.6em;\">\u00a0Mersin&#8217;de 69 ya\u015f\u0131ndaki 4 \u00e7ocuk babas\u0131 \u00e7ift\u00e7i Ali Soy, Cumhurba\u015fkan\u0131 Recep Tayyip Erdo\u011fan&#8217;\u0131n &#8216;Biz bize yeteriz T\u00fcrkiyem&#8217; ad\u0131yla ba\u015flatt\u0131\u011f\u0131 Milli Dayan\u0131\u015fma Kampanyas\u0131na 200 liral\u0131k destekte bulunarak olduk\u00e7a anlaml\u0131 ve \u00f6rnek bir davran\u0131\u015fa imza att\u0131.\u00a0<\/span><\/p>\n<p>Merkez Toroslar il\u00e7esi \u00c7avak Mahallesi&#8217;nde \u00e7ift\u00e7ilik yaparak zor \u015fartlar alt\u0131nda ya\u015fam\u0131n\u0131 s\u00fcrd\u00fcren 69 ya\u015f\u0131ndaki 4 \u00e7ocuk babas\u0131 Ali Soy, 65 ya\u015f ve \u00fcst\u00fc ya\u015fl\u0131lar\u0131n soka\u011fa \u00e7\u0131kmas\u0131n\u0131n k\u0131s\u0131tl\u0131 olmas\u0131ndan dolay\u0131 jandarma ekiplerini telefonla arayarak, Cumhurba\u015fkan\u0131 Erdo\u011fan&#8217;\u0131n ba\u015flatt\u0131\u011f\u0131 Milli Dayan\u0131\u015fma Kampanyas\u0131na imkanlar\u0131 \u00f6l\u00e7\u00fcs\u00fcnde destek olmak istedi\u011fini bildirdi. Ya\u015fl\u0131 adam, talebi \u00fczerine eve gelen jandarma ekiplerine 200 TL vererek, dar gelirli vatanda\u015flara ilave destek sa\u011flamak amac\u0131yla Cumhurba\u015fkan\u0131 Recep Tayyip Erdo\u011fan taraf\u0131ndan ba\u015flat\u0131lan Milli Dayan\u0131\u015fma Kampanyas\u0131na ba\u011f\u0131\u015f yapmak istedi\u011fini s\u00f6yledi.\u00a0<br \/>\nJandarma ekipleri, \u00e7ift\u00e7i Ali Soy&#8217;a g\u00f6sterdi\u011fi \u00f6rnek davran\u0131\u015ftan dolay\u0131 te\u015fekk\u00fcr ederek verdi\u011fi paray\u0131 kampanya hesab\u0131na yat\u0131r\u0131p dekontunu da ya\u015fl\u0131 adama teslim etti.\u00a0<\/p>\n","protected":false},"excerpt":{"rendered":"<p>\u00a0Mersin&#8217;de 69 ya\u015f\u0131ndaki 4 \u00e7ocuk babas\u0131 \u00e7ift\u00e7i Ali Soy, Cumhurba\u015fkan\u0131 Recep Tayyip Erdo\u011fan&#8217;\u0131n &#8216;Biz bize yeteriz T\u00fcrkiyem&#8217; ad\u0131yla ba\u015flatt\u0131\u011f\u0131 Milli Dayan\u0131\u015fma Kampanyas\u0131na 200 liral\u0131k destekte bulunarak olduk\u00e7a anlaml\u0131 ve \u00f6rnek &hellip; <a href=\"https:\/\/mersinekonomipolitikagazetesi.com\/?p=6378\" class=\"more-link\">Devam\u0131n\u0131 Oku&#8230;<\/a><\/p>\n","protected":false},"author":1,"featured_media":0,"comment_status":"open","ping_status":"open","sticky":false,"template":"","format":"standard","meta":[],"categories":[],"tags":[],"_links":{"self":[{"href":"https:\/\/mersinekonomipolitikagazetesi.com\/index.php?rest_route=\/wp\/v2\/posts\/6378"}],"collection":[{"href":"https:\/\/mersinekonomipolitikagazetesi.com\/index.php?rest_route=\/wp\/v2\/posts"}],"about":[{"href":"https:\/\/mersinekonomipolitikagazetesi.com\/index.php?rest_route=\/wp\/v2\/types\/post"}],"author":[{"embeddable":true,"href":"https:\/\/mersinekonomipolitikagazetesi.com\/index.php?rest_route=\/wp\/v2\/users\/1"}],"replies":[{"embeddable":true,"href":"https:\/\/mersinekonomipolitikagazetesi.com\/index.php?rest_route=%2Fwp%2Fv2%2Fcomments&post=6378"}],"version-history":[{"count":0,"href":"https:\/\/mersinekonomipolitikagazetesi.com\/index.php?rest_route=\/wp\/v2\/posts\/6378\/revisions"}],"wp:attachment":[{"href":"https:\/\/mersinekonomipolitikagazetesi.com\/index.php?rest_route=%2Fwp%2Fv2%2Fmedia&parent=6378"}],"wp:term":[{"taxonomy":"category","embeddable":true,"href":"https:\/\/mersinekonomipolitikagazetesi.com\/index.php?rest_route=%2Fwp%2Fv2%2Fcategories&post=6378"},{"taxonomy":"post_tag","embeddable":true,"href":"https:\/\/mersinekonomipolitikagazetesi.com\/index.php?rest_route=%2Fwp%2Fv2%2Ftags&post=6378"}],"curies":[{"name":"wp","href":"https:\/\/api.w.org\/{rel}","templated":true}]}}