{"id":6379,"date":"2020-11-04T18:26:53","date_gmt":"2020-11-04T15:26:53","guid":{"rendered":"http:\/\/mersinekonomipolitikagazetesi.com\/?p=6379"},"modified":"2020-11-04T18:26:53","modified_gmt":"2020-11-04T15:26:53","slug":"yamanyilmaz-gida-paketlerine-sut-ve-sut-urunleri-dahil-edilmeli","status":"publish","type":"post","link":"https:\/\/mersinekonomipolitikagazetesi.com\/?p=6379","title":{"rendered":"Yamany\u0131lmaz: &#8220;G\u0131da paketlerine s\u00fct ve s\u00fct \u00fcr\u00fcnleri dahil edilmeli&#8221;"},"content":{"rendered":"<p><span style=\"line-height: 1.6em;\">\u00a0Akdeniz Su \u00dcr\u00fcnleri ve Hayvansal Mamuller \u0130hracat\u00e7\u0131lar\u0131 Birli\u011fi (ASH\u0130B) Ba\u015fkan\u0131 Ali Can Yamany\u0131lmaz, korona vir\u00fcs salg\u0131n\u0131 nedeniyle yiyecek ve konaklama tesislerinin kapal\u0131 olmas\u0131ndan dolay\u0131 s\u00fct ve s\u00fct \u00fcr\u00fcnleri t\u00fcketiminde ciddi daralma oldu\u011funu, \u00e7ift\u00e7ilerin, \u00fcretici ve ihracat\u00e7\u0131 firmalar\u0131n ayakta kalabilmesi i\u00e7in dar gelirli vatanda\u015flara yap\u0131lacak yard\u0131mlarda \u00f6zellikle s\u00fct ve s\u00fct \u00fcr\u00fcnlerinin yer almas\u0131 gerekti\u011fini belirtti.\u00a0<\/span><\/p>\n<p>Yamany\u0131lmaz, yapt\u0131\u011f\u0131 a\u00e7\u0131klamada, T\u00fcrkiye \u0130statistik Kurumu\u2019nun verilerine g\u00f6re \u00fclke genelinde ayl\u0131k 1 milyon 180 bin ton s\u00fct ve s\u00fct \u00fcr\u00fcnleri elde edildi\u011fini belirterek, bula\u015f\u0131c\u0131 hastal\u0131\u011f\u0131n \u00f6nlenmesine y\u00f6nelik tedbirler kapsam\u0131nda toplu t\u00fcketim yap\u0131lan yiyecek ve konaklama tesislerinin kapal\u0131 olmas\u0131ndan dolay\u0131 talebin b\u00fcy\u00fck oranlarda azald\u0131\u011f\u0131n\u0131, buna ba\u011fl\u0131 olarak hem hayvanc\u0131l\u0131k yapan \u00e7ift\u00e7ilerin hem de \u00fcretici ve ihracat\u00e7\u0131 firmalar\u0131n \u00e7ok s\u0131k\u0131nt\u0131l\u0131 g\u00fcnler ya\u015famaya ba\u015flad\u0131\u011f\u0131n\u0131 vurgulad\u0131.\u00a0<\/p>\n<p>&#8220;S\u00fct ve s\u00fct \u00fcr\u00fcnleri yerel \u00fcreticilerden tedarik edilmeli&#8221;\u00a0<br \/>\nYamany\u0131lmaz, y\u00fcksek \u00fcretim kapasitesine ve depolama imkanlar\u0131na sahip firmalar\u0131n \u00e7ift\u00e7ilerden ald\u0131klar\u0131 s\u00fctleri peynir ve tereya\u011f\u0131na d\u00f6n\u00fc\u015ft\u00fcrd\u00fc\u011f\u00fcn\u00fc, ancak bu durumun da s\u00fcrd\u00fcr\u00fclebilir olmad\u0131\u011f\u0131n\u0131 kaydetti. Yamany\u0131lmaz, \u201c\u00dclkemizde koronavir\u00fcs salg\u0131n\u0131 nedeniyle g\u0131da yard\u0131m\u0131 yap\u0131lacak dar gelirli vatanda\u015flar\u0131m\u0131za \u00f6zellikle s\u00fct ve s\u00fct \u00fcr\u00fcnlerinin da\u011f\u0131t\u0131lmas\u0131 gerekiyor. Bu yap\u0131l\u0131rken, s\u00fct ve s\u00fct \u00fcr\u00fcnlerinin yerel tedarik\u00e7ilerden ve toptanc\u0131lardan temin edilmesine \u00f6zen g\u00f6sterilmesi k\u00fc\u00e7\u00fck ve orta \u00f6l\u00e7ekli firmalar\u0131m\u0131z\u0131n ayakta kalmas\u0131, \u00fcretimlerini devam ettirebilmeleri a\u00e7\u0131s\u0131ndan b\u00fcy\u00fck \u00f6nem ta\u015f\u0131yor\u201d diye konu\u015ftu.\u00a0<br \/>\nYamany\u0131lmaz, s\u00fct\u00fcn\u00fc satamayan \u00e7ift\u00e7ilerin yem maliyetini kar\u015f\u0131layamad\u0131\u011f\u0131 i\u00e7in ineklerini kesime g\u00f6ndermeye ba\u015flad\u0131\u011f\u0131n\u0131 vurgulay\u0131p, \u00f6n\u00fcm\u00fczdeki s\u00fcre\u00e7te devlet yetkililerinin \u00f6zendirici ve te\u015fvik edici yakla\u015f\u0131m g\u00f6stermemesi halinde \u00e7\u00f6z\u00fcm\u00fc \u00e7ok zor bir s\u00fct krizinin ba\u015f g\u00f6sterece\u011fine dikkat \u00e7ekti.\u00a0<br \/>\nASH\u0130B \u00fcyelerinden Fahri Ketre ise son tedbir kararlar\u0131yla lokantalar\u0131n, toplu yemek fabrikalar\u0131n\u0131n kapal\u0131 oldu\u011funu, pastanelerin de y\u00fczde 20 kapasite ile \u00e7al\u0131\u015ft\u0131\u011f\u0131n\u0131 s\u00f6yleyip, \u201cG\u00fcnl\u00fck 5-6 ton olan yo\u011furt, ayran ve peynir \u00fcretimimizi 3 tona kadar d\u00fc\u015f\u00fcrd\u00fck. Birka\u00e7 g\u00fcne kalmaz 1 tona kadar inece\u011fiz. S\u00fct\u00fcn\u00fc alamayaca\u011f\u0131m\u0131 s\u00f6yledi\u011fim k\u00f6yl\u00fcler, ineklerini kasaplara satmaktan ba\u015fka \u00e7areleri olmad\u0131\u011f\u0131n\u0131 ifade ediyorlar. Valiliklerle, belediyelerin bir organizasyon i\u00e7inde ihtiya\u00e7 sahibi vatanda\u015flar\u0131m\u0131za taze s\u00fct, yo\u011furt, ayran gibi \u00fcr\u00fcnlerin da\u011f\u0131t\u0131m\u0131na ba\u015flamas\u0131 gerekiyor. Belediyeler bize yard\u0131mc\u0131 olursa hem k\u00f6yl\u00fcy\u00fc kurtar\u0131r\u0131z, hem sekt\u00f6r ayakta kal\u0131r, hem de evde kalan vatanda\u015flar sa\u011fl\u0131kl\u0131 taze s\u00fct ve s\u00fct \u00fcr\u00fcnleri yiyebilir\u201d dedi.\u00a0<\/p>\n<p>&#8220;S\u00fct tozu tesisi kurulmal\u0131&#8221;\u00a0<br \/>\nS\u00fct \u00fcr\u00fcnleri firmas\u0131n\u0131n sahibi \u0130smail Y\u00fccel de Adana b\u00f6lgesinde s\u00fct tozu fabrikas\u0131 bulunmad\u0131\u011f\u0131 i\u00e7in hem k\u00f6yl\u00fclerin, hem de \u00fcretici \u015firketlerin g\u00fcnl\u00fck s\u00fctleri de\u011ferlendirmekte zorland\u0131\u011f\u0131n\u0131, KOB\u0130 \u00f6l\u00e7\u00fcs\u00fcnde \u00e7al\u0131\u015fan \u015firketlerin ald\u0131klar\u0131 s\u00fctlerden yapt\u0131klar\u0131 peynirlerin depolara kald\u0131r\u0131ld\u0131\u011f\u0131n\u0131 ve art\u0131k depolarda da yer kalmad\u0131\u011f\u0131n\u0131 s\u00f6yledi. Bu \u015fekilde devam eder ise sekt\u00f6r\u00fcn en fazla bir ay dayanabilece\u011fini kaydeden \u0130smail Y\u00fccel, s\u00fct ve s\u00fct \u00fcretiminde telafisi m\u00fcmk\u00fcn olmayan zararlar\u0131n olu\u015faca\u011f\u0131n\u0131 ifade etti. Y\u00fccel, ivedilikle valiliklerin ve belediyelerin yerel \u00fcreticilerin stoklad\u0131\u011f\u0131 \u00fcr\u00fcnleri sat\u0131n al\u0131p, halka da\u011f\u0131tmas\u0131 gerekti\u011fini, bu sayede stok maliyeti ve nakit d\u00f6ng\u00fcs\u00fcn\u00fcn sa\u011flanabilece\u011fini, uzan vadede ise \u00c7ukurova y\u00f6resinde s\u00fct tozu tesisi kurulmas\u0131na ihtiya\u00e7 oldu\u011funu belirtti.\u00a0<br \/>\nS\u00fct \u00fcr\u00fcnleri \u00fcreticisi Ramazan \u00d6z de salg\u0131n hastal\u0131ktan dolay\u0131 sekt\u00f6rde sat\u0131\u015f kanallar\u0131n\u0131n de\u011fi\u015fti\u011fini, para ak\u0131\u015f\u0131 h\u0131zl\u0131 olan restoranlar ve catering firmalar\u0131n\u0131n faaliyetlerini durdurmas\u0131ndan dolay\u0131 zorluklar ya\u015fand\u0131\u011f\u0131n\u0131, marketlerin ortalama 80-90 g\u00fcn vadeli \u00f6deme yapmas\u0131ndan dolay\u0131 \u00f6demeler dengesinin bozuldu\u011funu s\u00f6yledi.\u00a0<br \/>\nS\u00fct \u00fcr\u00fcnleri \u00fcreticisi Cemal Torun ise s\u00fct ve s\u00fct \u00fcr\u00fcnleri \u00fcretiminde \u015fu an i\u00e7in ciddi bir s\u0131k\u0131nt\u0131 olmad\u0131\u011f\u0131n\u0131 ama ilerleyen g\u00fcnlerin ne getirece\u011fini de kestiremediklerini ifade etti. Torun, kriz nedeniyle sekt\u00f6r\u00fcn desteklenmesi gerekti\u011fini, insanlar\u0131n sa\u011fl\u0131kl\u0131 \u00fcr\u00fcn t\u00fcketmesinin \u00f6nemli oldu\u011funu vurgulayarak, yerel firmalardan tedarik edilecek s\u00fct ve s\u00fct \u00fcr\u00fcnlerinin g\u0131da paketlerinin i\u00e7inde ihtiyac\u0131 olan vatanda\u015flara da\u011f\u0131t\u0131m\u0131n\u0131 beklediklerini dile getirdi.\u00a0<br \/>\nAdana S\u00fct\u00e7\u00fcler ve Yo\u011furt\u00e7ular Esnaf Odas\u0131 Ba\u015fkan\u0131 Memduh \u00d6zalp de k\u00f6yl\u00fcn\u00fcn s\u00fct\u00fc satacak kimse bulamad\u0131\u011f\u0131 i\u00e7in hayvanlar\u0131n\u0131 de\u011ferinden \u00e7ok d\u00fc\u015f\u00fck fiyatlarla kasaplara satt\u0131\u011f\u0131n\u0131, b\u00f6yle devam ederse ilerleyen zamanlarda \u00fclke genelinde s\u00fct krizinin ba\u015f g\u00f6sterece\u011fini, i\u00e7ecek s\u00fct bulmakta zorlan\u0131laca\u011f\u0131n\u0131 s\u00f6yledi.\u00a0<\/p>\n","protected":false},"excerpt":{"rendered":"<p>\u00a0Akdeniz Su \u00dcr\u00fcnleri ve Hayvansal Mamuller \u0130hracat\u00e7\u0131lar\u0131 Birli\u011fi (ASH\u0130B) Ba\u015fkan\u0131 Ali Can Yamany\u0131lmaz, korona vir\u00fcs salg\u0131n\u0131 nedeniyle yiyecek ve konaklama tesislerinin kapal\u0131 olmas\u0131ndan dolay\u0131 s\u00fct ve s\u00fct \u00fcr\u00fcnleri t\u00fcketiminde ciddi &hellip; <a href=\"https:\/\/mersinekonomipolitikagazetesi.com\/?p=6379\" class=\"more-link\">Devam\u0131n\u0131 Oku&#8230;<\/a><\/p>\n","protected":false},"author":1,"featured_media":0,"comment_status":"open","ping_status":"open","sticky":false,"template":"","format":"standard","meta":[],"categories":[],"tags":[],"_links":{"self":[{"href":"https:\/\/mersinekonomipolitikagazetesi.com\/index.php?rest_route=\/wp\/v2\/posts\/6379"}],"collection":[{"href":"https:\/\/mersinekonomipolitikagazetesi.com\/index.php?rest_route=\/wp\/v2\/posts"}],"about":[{"href":"https:\/\/mersinekonomipolitikagazetesi.com\/index.php?rest_route=\/wp\/v2\/types\/post"}],"author":[{"embeddable":true,"href":"https:\/\/mersinekonomipolitikagazetesi.com\/index.php?rest_route=\/wp\/v2\/users\/1"}],"replies":[{"embeddable":true,"href":"https:\/\/mersinekonomipolitikagazetesi.com\/index.php?rest_route=%2Fwp%2Fv2%2Fcomments&post=6379"}],"version-history":[{"count":0,"href":"https:\/\/mersinekonomipolitikagazetesi.com\/index.php?rest_route=\/wp\/v2\/posts\/6379\/revisions"}],"wp:attachment":[{"href":"https:\/\/mersinekonomipolitikagazetesi.com\/index.php?rest_route=%2Fwp%2Fv2%2Fmedia&parent=6379"}],"wp:term":[{"taxonomy":"category","embeddable":true,"href":"https:\/\/mersinekonomipolitikagazetesi.com\/index.php?rest_route=%2Fwp%2Fv2%2Fcategories&post=6379"},{"taxonomy":"post_tag","embeddable":true,"href":"https:\/\/mersinekonomipolitikagazetesi.com\/index.php?rest_route=%2Fwp%2Fv2%2Ftags&post=6379"}],"curies":[{"name":"wp","href":"https:\/\/api.w.org\/{rel}","templated":true}]}}