{"id":6380,"date":"2020-11-04T18:26:53","date_gmt":"2020-11-04T15:26:53","guid":{"rendered":"http:\/\/mersinekonomipolitikagazetesi.com\/?p=6380"},"modified":"2020-11-04T18:26:53","modified_gmt":"2020-11-04T15:26:53","slug":"acikta-cilek-hasadi-basladi","status":"publish","type":"post","link":"https:\/\/mersinekonomipolitikagazetesi.com\/?p=6380","title":{"rendered":"A\u00e7\u0131kta \u00e7ilek hasad\u0131 ba\u015flad\u0131"},"content":{"rendered":"<p><span style=\"line-height: 1.6em;\">\u00a0Mersin\u2019in Silifke il\u00e7esinde yaz g\u00fcnlerinin g\u00f6zde meyvesi \u00e7ile\u011fin a\u00e7\u0131kta hasad\u0131na ba\u015fland\u0131.\u00a0<\/span><\/p>\n<p>Atayurt Mahallesi\u2019nde Silifke Ticaret ve Sanayi Odas\u0131 Ba\u015fkan\u0131 ve \u00e7ilek \u00fcreticisi Nurettin Kaynar\u2019\u0131n tarlas\u0131nda \u00e7ilek hasad\u0131 yap\u0131l\u0131rken, toplanan \u00e7ilekler yurt i\u00e7i piyasas\u0131na g\u00f6nderildi.\u00a0<br \/>\nKorona vir\u00fcs nedeniyle ihracat konusunda \u00f6n\u00fcm\u00fczdeki g\u00fcnlerde ya\u015fanabilecek olumsuzluklardan dolay\u0131 tedirginlik ya\u015fad\u0131klar\u0131n\u0131 belirten Kaynar, \u201cTabii ki b\u00f6lge olarak \u00e7ilek hasad\u0131na ba\u015flam\u0131\u015f bulunuyoruz. Fakat \u00e7ile\u011fin Silifke ekonomisinde \u00e7ok b\u00fcy\u00fck bir yeri var. Silifke Ticaret ve Sanayi Odas\u0131 olarak \u00e7ile\u011fimizin co\u011frafi i\u015faret tescilini ald\u0131k. Daha iyi \u00fcretim ve daha iyi sat\u0131\u015f anlam\u0131nda \u00e7ilek hasad\u0131na ba\u015flam\u0131\u015f bulunuyoruz. \u015eu an d\u00fcnyada ve T\u00fcrkiye\u2019de vir\u00fcs nedeniyle zor g\u00fcnler ge\u00e7iyoruz. Korona vir\u00fcs\u00fc ile m\u00fccadele ediyoruz. Herkesin s\u0131k\u0131nt\u0131lar\u0131 oldu\u011fu gibi Silifkeliler olarak bizlerinde bu konuda b\u00fcy\u00fck s\u0131k\u0131nt\u0131lar\u0131 var. T\u00fcrkiye ihracat\u0131n\u0131n y\u00fczde 65\u2019ini ve T\u00fcrkiye\u2019de \u00e7ilek \u00fcretiminin y\u00fczde 35\u2019ini biz sa\u011fl\u0131yoruz. Ge\u00e7ti\u011fimizi y\u0131l bu zamanlarda Ortado\u011fu&#8217;ya ihracat\u0131m\u0131z vard\u0131. Vir\u00fcs tedbirlerinden dolay\u0131 \u00e7ile\u011fi Ortado\u011fu&#8217;ya \u015fu an g\u00f6nderemiyoruz&#8221; dedi.\u00a0<br \/>\nT\u00fcrk \u00e7ift\u00e7isinin evde kalma \u015fans\u0131 olmad\u0131\u011f\u0131n\u0131 ifade eden Kaynar \u015f\u00f6yle devam etti:\u00a0<br \/>\n&#8220;Var\u0131n\u0131, yokunu \u00fcretime adayan \u00e7ift\u00e7ilerimiz s\u00fcrekli \u00fcretiyor. Biz en iyi \u015fekilde \u015fu an en hijyenik \u015fekilde \u00e7ilek \u00fcretimine haz\u0131rland\u0131k. Bizim i\u00e7in i\u015f\u00e7ilerimizin sa\u011fl\u0131\u011f\u0131 da \u00f6nemli. Bununla ilgili t\u00fcm \u00f6nlemlerimizi ald\u0131k. Hijyen kurallar\u0131na harfiyen uyuyoruz. \u015eu an hijyen kurallar\u0131na uyarak hasad\u0131m\u0131z\u0131 yap\u0131yoruz. Fakat as\u0131l konu t\u00fcketicilerimize sesleniyorum. En iyi C vitamini \u00e7ilektedir. Bilimsel olarak kan\u0131tland\u0131. Y\u00fczde 65 ve 70 oran\u0131nda C vitamini bulunmaktad\u0131r. En y\u00fcksek C vitamini \u00e7ilektedir. Kesinlikle bol bol \u00e7ilek t\u00fcketmenizi tavsiye ediyorum. 10 g\u00fcn sonra ihracat yapmam\u0131z gerek. Yurt d\u0131\u015f\u0131 pazarlar\u0131na a\u00e7\u0131lmamam\u0131z gerekir. Ancak korona tedbirlerinden dolay\u0131 biraz zorluk ya\u015fayaca\u011f\u0131z. Ama biz elimizden geleni yapaca\u011f\u0131z. Ticaret ve tar\u0131m Bakanl\u0131\u011f\u0131m\u0131z bize destek veriyor. \u0130n\u015fallah Rusya pazar\u0131na da \u00e7ile\u011fimizi indirece\u011fiz. Hijyen kurallar\u0131na g\u00f6re \u00e7ile\u011fimizi haz\u0131rlad\u0131k. Bu vir\u00fcs illeti biter in\u015fallah. Biz bunun i\u00e7in dua ediyoruz. Ve in\u015fallah k\u0131sa zaman sonra T\u00fcrkiye rahat bir nefes al\u0131r.\u201d\u00a0<br \/>\n\u015eu an 3 ile 4 lira aras\u0131nda de\u011fi\u015fen fiyatlarla \u00e7ile\u011fin sat\u0131ld\u0131\u011f\u0131n\u0131 belirten Kaynar, \u00f6zellikle Atayurt ba\u015fta olmak \u00fczere Arkum, Atakent ile Kurtulu\u015f, Bah\u00e7ek\u00f6y, S\u00f6k\u00fcn, \u00c7eltik\u00e7i mahallelerinde de \u00e7ilek \u00fcretiminin yap\u0131ld\u0131\u011f\u0131n\u0131 s\u00f6yledi.\u00a0<br \/>\n\u0130l\u00e7e genelinde Nisan ay\u0131n\u0131n son g\u00fcnlerinden itibaren \u00e7ilek bollu\u011fu ya\u015fanaca\u011f\u0131n\u0131 ifade eden Ba\u015fkan Kaynar, \u201cBu sezon 15 bin d\u00f6n\u00fcm alandan 60 bin ton \u00e7ilek hasad\u0131n\u0131n beklendi\u011fi il\u00e7ede, Temmuz ay\u0131 sonuna kadar devam edecek hasat boyunca \u00e7ile\u011fin bir b\u00f6l\u00fcm\u00fcn\u00fcn yurt i\u00e7inde pazarlanmas\u0131, bir b\u00f6l\u00fcm\u00fcn\u00fcn de ba\u015fta Rusya olmak \u00fczere \u00e7e\u015fitli \u00fclkelere ihra\u00e7 edilmesi bekleniyor. \u00c7ilek, il\u00e7enin \u00f6nemli bir istihdam kayna\u011f\u0131 olarak dikkati \u00e7ekiyor. Ekim d\u00f6neminden hasat sonuna kadar yakla\u015f\u0131k 3 bin aileye ge\u00e7im kap\u0131s\u0131 olan \u00e7ilek, \u00e7o\u011funlu\u011fu kad\u0131nlardan olu\u015fan binlerce ki\u015finin el eme\u011finin ard\u0131ndan sofralara ula\u015f\u0131yor\u201d diye konu\u015ftu.\u00a0<\/p>\n","protected":false},"excerpt":{"rendered":"<p>\u00a0Mersin\u2019in Silifke il\u00e7esinde yaz g\u00fcnlerinin g\u00f6zde meyvesi \u00e7ile\u011fin a\u00e7\u0131kta hasad\u0131na ba\u015fland\u0131.\u00a0 Atayurt Mahallesi\u2019nde Silifke Ticaret ve Sanayi Odas\u0131 Ba\u015fkan\u0131 ve \u00e7ilek \u00fcreticisi Nurettin Kaynar\u2019\u0131n tarlas\u0131nda \u00e7ilek hasad\u0131 yap\u0131l\u0131rken, toplanan \u00e7ilekler &hellip; <a href=\"https:\/\/mersinekonomipolitikagazetesi.com\/?p=6380\" class=\"more-link\">Devam\u0131n\u0131 Oku&#8230;<\/a><\/p>\n","protected":false},"author":1,"featured_media":0,"comment_status":"open","ping_status":"open","sticky":false,"template":"","format":"standard","meta":[],"categories":[],"tags":[],"_links":{"self":[{"href":"https:\/\/mersinekonomipolitikagazetesi.com\/index.php?rest_route=\/wp\/v2\/posts\/6380"}],"collection":[{"href":"https:\/\/mersinekonomipolitikagazetesi.com\/index.php?rest_route=\/wp\/v2\/posts"}],"about":[{"href":"https:\/\/mersinekonomipolitikagazetesi.com\/index.php?rest_route=\/wp\/v2\/types\/post"}],"author":[{"embeddable":true,"href":"https:\/\/mersinekonomipolitikagazetesi.com\/index.php?rest_route=\/wp\/v2\/users\/1"}],"replies":[{"embeddable":true,"href":"https:\/\/mersinekonomipolitikagazetesi.com\/index.php?rest_route=%2Fwp%2Fv2%2Fcomments&post=6380"}],"version-history":[{"count":0,"href":"https:\/\/mersinekonomipolitikagazetesi.com\/index.php?rest_route=\/wp\/v2\/posts\/6380\/revisions"}],"wp:attachment":[{"href":"https:\/\/mersinekonomipolitikagazetesi.com\/index.php?rest_route=%2Fwp%2Fv2%2Fmedia&parent=6380"}],"wp:term":[{"taxonomy":"category","embeddable":true,"href":"https:\/\/mersinekonomipolitikagazetesi.com\/index.php?rest_route=%2Fwp%2Fv2%2Fcategories&post=6380"},{"taxonomy":"post_tag","embeddable":true,"href":"https:\/\/mersinekonomipolitikagazetesi.com\/index.php?rest_route=%2Fwp%2Fv2%2Ftags&post=6380"}],"curies":[{"name":"wp","href":"https:\/\/api.w.org\/{rel}","templated":true}]}}