{"id":6382,"date":"2020-11-04T18:26:53","date_gmt":"2020-11-04T15:26:53","guid":{"rendered":"http:\/\/mersinekonomipolitikagazetesi.com\/?p=6382"},"modified":"2020-11-04T18:26:53","modified_gmt":"2020-11-04T15:26:53","slug":"saglik-paketleri-vatandaslara-ulastirilmaya-baslandi","status":"publish","type":"post","link":"https:\/\/mersinekonomipolitikagazetesi.com\/?p=6382","title":{"rendered":"Sa\u011fl\u0131k paketleri vatanda\u015flara ula\u015ft\u0131r\u0131lmaya ba\u015fland\u0131"},"content":{"rendered":"<p><span style=\"line-height: 1.6em;\">Mersin B\u00fcy\u00fck\u015fehir Belediye Ba\u015fkan\u0131 Vahap Se\u00e7er\u2019in, vatanda\u015flara da\u011f\u0131tmak \u00fczere 200 bin sa\u011fl\u0131k paketi haz\u0131rlad\u0131klar\u0131n\u0131 a\u00e7\u0131klamas\u0131n\u0131n ard\u0131ndan, i\u00e7inde hijyen \u00fcr\u00fcnlerinin bulundu\u011fu 2 bin adet sa\u011fl\u0131k paketi belediye otob\u00fcslerine konuldu.\u00a0<\/span><\/p>\n<p>Mersin B\u00fcy\u00fck\u015fehir Belediyesinden yap\u0131lan a\u00e7\u0131klamaya g\u00f6re, korona vir\u00fcs salg\u0131n\u0131yla m\u00fccadele \u00e7al\u0131\u015fmalar\u0131 kapsam\u0131nda kent genelinde dezenfekte \u00e7al\u0131\u015fmalar\u0131 devam ederken, ya\u015fl\u0131, engelli ve yard\u0131ma muhta\u00e7 vatanda\u015flar \u00f6ncelikli olmak \u00fczere ihtiya\u00e7 sahibi vatanda\u015flara ula\u015ft\u0131r\u0131lmak \u00fczere hijyen \u00fcr\u00fcnleri i\u00e7eren bir sa\u011fl\u0131k paketi haz\u0131rlan\u0131yor. \u0130\u00e7inde sabun, el dezenfektan\u0131, maske ve korona vir\u00fcs ile ilgili bilgilendirici el bro\u015f\u00fcr\u00fcn\u00fcn yer ald\u0131\u011f\u0131 paket, koruyucu tulum, eldiven ve maske ile \u00e7al\u0131\u015fan personel taraf\u0131ndan steril ortamda olu\u015fturuluyor. Haz\u0131rlanan sa\u011fl\u0131k paketleri, Kriz Merkezinden temizlik malzemesi talebinde bulunan vatanda\u015flara k\u0131sa s\u00fcrede ula\u015ft\u0131r\u0131l\u0131yor.\u00a0<\/p>\n<p>\u201cT\u00fcm vatanda\u015flar\u0131m\u0131z g\u00fcvenle, sa\u011fl\u0131kla kullanabilir\u201d\u00a0<br \/>\nB\u00fcy\u00fck\u015fehir Belediyesinin t\u00fcm birimlerinin korona vir\u00fcsle m\u00fccadele kapsam\u0131nda birlikte \u00e7al\u0131\u015ft\u0131\u011f\u0131n\u0131 ifade eden Kad\u0131n ve Aile Hizmetleri Dairesi Ba\u015fkanl\u0131\u011f\u0131 Kad\u0131n \u015eube M\u00fcd\u00fcr\u00fc Edibe Sahil, \u201cBir paket haz\u0131rlad\u0131k. \u0130\u00e7erisinde dezenfektan, maske, sabun ve bilgilendirme bro\u015f\u00fcr\u00fc mevcut. Ula\u015ft\u0131rd\u0131\u011f\u0131m\u0131z t\u00fcm vatanda\u015flar\u0131m\u0131z g\u00fcvenle, sa\u011fl\u0131kla kullanabilir\u201d dedi.\u00a0<\/p>\n<p>Toplu ta\u015f\u0131ma ara\u00e7lar\u0131na ilk etapta 2 bin sa\u011fl\u0131k paketi konuldu\u00a0<br \/>\n\u0130lk etapta haz\u0131rlanan sa\u011fl\u0131k paketlerinden 2 bin adedi toplu ta\u015f\u0131ma arac\u0131 kullanan vatanda\u015flara ula\u015ft\u0131r\u0131lmak \u00fczere belediye otob\u00fcslerine konuldu.\u00a0<br \/>\nB\u00fcy\u00fck\u015fehir Belediyesi Ula\u015f\u0131m Dairesi Ba\u015fkanl\u0131\u011f\u0131 Toplu Ta\u015f\u0131ma \u015eube M\u00fcd\u00fcr\u00fc Bayram Demir, haz\u0131rlanan sa\u011fl\u0131k paketlerinin belediye otob\u00fcslerinin giri\u015f kap\u0131s\u0131na konuldu\u011funu, binen yolculara iletilmek \u00fczere yola \u00e7\u0131kt\u0131\u011f\u0131n\u0131 ifade etti. Demir, \u201cBu sa\u011fl\u0131k paketi, kentimizin bir\u00e7ok noktas\u0131nda da\u011f\u0131t\u0131ld\u0131\u011f\u0131 gibi biz de bunun toplu ta\u015f\u0131ma aya\u011f\u0131n\u0131 y\u00fcr\u00fctmekteyiz. \u0130lk etapta 2 bin adedini yolcular\u0131m\u0131za ula\u015ft\u0131r\u0131yoruz. Yolcular\u0131m\u0131z araca bindiklerinde \u00f6ncelikle el dezenfektanlar\u0131yla koruyucu \u00f6nlemlerini al\u0131yorlar. Daha sonra sa\u011fl\u0131k paketini alarak yolculuklar\u0131na devam ediyorlar\u201d diye konu\u015ftu.\u00a0<\/p>\n","protected":false},"excerpt":{"rendered":"<p>Mersin B\u00fcy\u00fck\u015fehir Belediye Ba\u015fkan\u0131 Vahap Se\u00e7er\u2019in, vatanda\u015flara da\u011f\u0131tmak \u00fczere 200 bin sa\u011fl\u0131k paketi haz\u0131rlad\u0131klar\u0131n\u0131 a\u00e7\u0131klamas\u0131n\u0131n ard\u0131ndan, i\u00e7inde hijyen \u00fcr\u00fcnlerinin bulundu\u011fu 2 bin adet sa\u011fl\u0131k paketi belediye otob\u00fcslerine konuldu.\u00a0 Mersin B\u00fcy\u00fck\u015fehir &hellip; <a href=\"https:\/\/mersinekonomipolitikagazetesi.com\/?p=6382\" class=\"more-link\">Devam\u0131n\u0131 Oku&#8230;<\/a><\/p>\n","protected":false},"author":1,"featured_media":0,"comment_status":"open","ping_status":"open","sticky":false,"template":"","format":"standard","meta":[],"categories":[],"tags":[],"_links":{"self":[{"href":"https:\/\/mersinekonomipolitikagazetesi.com\/index.php?rest_route=\/wp\/v2\/posts\/6382"}],"collection":[{"href":"https:\/\/mersinekonomipolitikagazetesi.com\/index.php?rest_route=\/wp\/v2\/posts"}],"about":[{"href":"https:\/\/mersinekonomipolitikagazetesi.com\/index.php?rest_route=\/wp\/v2\/types\/post"}],"author":[{"embeddable":true,"href":"https:\/\/mersinekonomipolitikagazetesi.com\/index.php?rest_route=\/wp\/v2\/users\/1"}],"replies":[{"embeddable":true,"href":"https:\/\/mersinekonomipolitikagazetesi.com\/index.php?rest_route=%2Fwp%2Fv2%2Fcomments&post=6382"}],"version-history":[{"count":0,"href":"https:\/\/mersinekonomipolitikagazetesi.com\/index.php?rest_route=\/wp\/v2\/posts\/6382\/revisions"}],"wp:attachment":[{"href":"https:\/\/mersinekonomipolitikagazetesi.com\/index.php?rest_route=%2Fwp%2Fv2%2Fmedia&parent=6382"}],"wp:term":[{"taxonomy":"category","embeddable":true,"href":"https:\/\/mersinekonomipolitikagazetesi.com\/index.php?rest_route=%2Fwp%2Fv2%2Fcategories&post=6382"},{"taxonomy":"post_tag","embeddable":true,"href":"https:\/\/mersinekonomipolitikagazetesi.com\/index.php?rest_route=%2Fwp%2Fv2%2Ftags&post=6382"}],"curies":[{"name":"wp","href":"https:\/\/api.w.org\/{rel}","templated":true}]}}