{"id":6391,"date":"2020-11-04T18:26:54","date_gmt":"2020-11-04T15:26:54","guid":{"rendered":"http:\/\/mersinekonomipolitikagazetesi.com\/?p=6391"},"modified":"2020-11-04T18:26:54","modified_gmt":"2020-11-04T15:26:54","slug":"akkuyuda-son-umut-ahim","status":"publish","type":"post","link":"https:\/\/mersinekonomipolitikagazetesi.com\/?p=6391","title":{"rendered":"AKKUYU\u2019DA SON UMUT AH\u0130M!"},"content":{"rendered":"<p>Akkuyu N\u00fckleer G\u00fc\u00e7 Santrali i\u00e7in verilen olumlu \u00c7ED raporu itiraz davas\u0131, AH\u0130M&#8217;e g\u00f6nderildi. Mersin&#8217;in G\u00fclnar il\u00e7esinde kurulacak Akkuyu n\u00fckleer g\u00fc\u00e7 santrali i\u00e7in \u00c7evre ve \u015eehircilik Bakanl\u0131\u011f\u0131&#8217;n\u0131n olumlu \u00c7ED raporu itiraz davas\u0131, \u00e7evreci vatanda\u015flarca Avrupa \u0130nsan Haklar\u0131 Mahkemesi&#8217;ne g\u00f6nderildi. T\u00fcrkiye&#8217;deki adil yarg\u0131lama usullerini ele\u015ftiren \u00e7evreci vatanda\u015f Dr. Ful U\u011furhan sosyal medya hesab\u0131 \u00fczerinden, \u201c\u015eu an ya\u015famakta oldu\u011fumuz vir\u00fcs salg\u0131n\u0131nda ya\u015fad\u0131klar\u0131m\u0131z\u0131n benzerini bir n\u00fckleer santral kazas\u0131 nedeniyle ya\u015famamak i\u00e7in, n\u00fckleer santrallere \u00a0bir kez daha hay\u0131r diyor, g\u00f6n\u00fcll\u00fc avukat\u0131m\u0131z Sevim K\u00fc\u00e7\u00fck ba\u015fta olmak \u00fczere s\u00fcrecin ba\u015f\u0131ndan beri emek \u00e7eken T\u00fcrkiye Barolar Birli\u011fi (TBB) \u00e7evre avukatlar\u0131na (her ne kadar TBB taraf\u0131ndan sonradan da\u011f\u0131t\u0131lm\u0131\u015f olsa da) te\u015fekk\u00fcr\u00fc bor\u00e7 biliyoruz.&#8221; ifadelerine yer verdi.<\/p>\n","protected":false},"excerpt":{"rendered":"<p>Akkuyu N\u00fckleer G\u00fc\u00e7 Santrali i\u00e7in verilen olumlu \u00c7ED raporu itiraz davas\u0131, AH\u0130M&#8217;e g\u00f6nderildi. Mersin&#8217;in G\u00fclnar il\u00e7esinde kurulacak Akkuyu n\u00fckleer g\u00fc\u00e7 santrali i\u00e7in \u00c7evre ve \u015eehircilik Bakanl\u0131\u011f\u0131&#8217;n\u0131n olumlu \u00c7ED raporu itiraz &hellip; <a href=\"https:\/\/mersinekonomipolitikagazetesi.com\/?p=6391\" class=\"more-link\">Devam\u0131n\u0131 Oku&#8230;<\/a><\/p>\n","protected":false},"author":1,"featured_media":0,"comment_status":"open","ping_status":"open","sticky":false,"template":"","format":"standard","meta":[],"categories":[],"tags":[],"_links":{"self":[{"href":"https:\/\/mersinekonomipolitikagazetesi.com\/index.php?rest_route=\/wp\/v2\/posts\/6391"}],"collection":[{"href":"https:\/\/mersinekonomipolitikagazetesi.com\/index.php?rest_route=\/wp\/v2\/posts"}],"about":[{"href":"https:\/\/mersinekonomipolitikagazetesi.com\/index.php?rest_route=\/wp\/v2\/types\/post"}],"author":[{"embeddable":true,"href":"https:\/\/mersinekonomipolitikagazetesi.com\/index.php?rest_route=\/wp\/v2\/users\/1"}],"replies":[{"embeddable":true,"href":"https:\/\/mersinekonomipolitikagazetesi.com\/index.php?rest_route=%2Fwp%2Fv2%2Fcomments&post=6391"}],"version-history":[{"count":0,"href":"https:\/\/mersinekonomipolitikagazetesi.com\/index.php?rest_route=\/wp\/v2\/posts\/6391\/revisions"}],"wp:attachment":[{"href":"https:\/\/mersinekonomipolitikagazetesi.com\/index.php?rest_route=%2Fwp%2Fv2%2Fmedia&parent=6391"}],"wp:term":[{"taxonomy":"category","embeddable":true,"href":"https:\/\/mersinekonomipolitikagazetesi.com\/index.php?rest_route=%2Fwp%2Fv2%2Fcategories&post=6391"},{"taxonomy":"post_tag","embeddable":true,"href":"https:\/\/mersinekonomipolitikagazetesi.com\/index.php?rest_route=%2Fwp%2Fv2%2Ftags&post=6391"}],"curies":[{"name":"wp","href":"https:\/\/api.w.org\/{rel}","templated":true}]}}