{"id":6392,"date":"2020-11-04T18:26:54","date_gmt":"2020-11-04T15:26:54","guid":{"rendered":"http:\/\/mersinekonomipolitikagazetesi.com\/?p=6392"},"modified":"2020-11-04T18:26:54","modified_gmt":"2020-11-04T15:26:54","slug":"su-faturasindaki-vergiler-vatandastan-alinmasin","status":"publish","type":"post","link":"https:\/\/mersinekonomipolitikagazetesi.com\/?p=6392","title":{"rendered":"SU FATURASINDAK\u0130 VERG\u0130LER VATANDA\u015eTAN ALINMASIN!"},"content":{"rendered":"<p>SEYFETT\u0130N AKARCA<br \/>\nKovid-19 sonras\u0131 Cumhurba\u015fkan\u0131 Recep Tayyip Erdo\u011fan imzalad\u0131\u011f\u0131 bir karar ile belediyelerden yap\u0131lan vergi kesinti oran\u0131n\u0131 s\u0131f\u0131r olarak belirledi. Mersinliler de \u00a0bu karar\u0131n ard\u0131ndan MESK\u0130\u2019nin ald\u0131\u011f\u0131 bak\u0131m bedeli gibi ek \u00fccretlerin ve vergilerin al\u0131nmamas\u0131n\u0131, vatanda\u015f\u0131n vergi y\u00fck\u00fcn\u00fcn belediyelerce azalt\u0131lmas\u0131n\u0131 talep etti.<\/p>\n<p>Resmi Gazete\u2019de yay\u0131nlanan; B\u00fcy\u00fck\u015fehir Belediyeleri, \u0130l \u00d6zel Daireleri, Belediyeler ve bunlar\u0131n ba\u011fl\u0131 kurulu\u015flar\u0131n\u0131n bor\u00e7lar\u0131na kar\u015f\u0131l\u0131k gelen b\u00fct\u00e7e vergi gelirleri tahsilat toplam\u0131 \u00fczerinden ayr\u0131lacak paylardan yap\u0131lacak kesintilere ili\u015fkin esaslarda de\u011fi\u015fiklik yap\u0131lmas\u0131na dair karar a\u00e7\u0131kland\u0131. \u0130\u00e7erisine ge\u00e7ici madde olarak eklenen 2020 y\u0131l\u0131 Nisan, May\u0131s ve Haziran aylar\u0131nda genel b\u00fct\u00e7e vergilerinden \u00f6denecek paylar i\u00e7in y\u00fczde s\u0131f\u0131r uygulanmas\u0131 karar\u0131 ile birlikte belediye kasas\u0131na daha fazla girdi olaca\u011f\u0131n\u0131 belirten vatanda\u015flar bu maddeden kendilerinin yararlanmas\u0131 gerekti\u011fini belirtti. Mersinliler, \u201cBelediyeler Cumhurba\u015fkan\u0131 Karar\u0131 ile 3 ayl\u0131k s\u00fcrede \u00f6deme yapmayaca\u011f\u0131 i\u00e7in ekonomik y\u00f6nden rahatlayacak. Bizler de bu sayede al\u0131nan ek \u00fccretlerden muaf tutulmak istiyoruz. Belediyeye ait kurumlar\u0131n uygulad\u0131\u011f\u0131 vergilerin en az\u0131ndan bu s\u00fcre\u00e7te al\u0131nmamas\u0131 gerekiyor.\u201d diye konu\u015ftu.<\/p>\n<p>Mersin\u2019de B\u00fcy\u00fck\u015fehir Belediyesi Su ve Kanalizasyon \u0130daresi (MESK\u0130) Genel M\u00fcd\u00fcrl\u00fc\u011f\u00fc taraf\u0131ndan i\u00e7me suyu abone hat ve kanalizasyon bina ba\u011flant\u0131 ar\u0131zalar\u0131, herhangi bir i\u015fleme gerek kalmadan 2020 y\u0131l\u0131 itibariyle \u00fccretsiz olarak yap\u0131lmaya ba\u015flanmas\u0131 karar\u0131 al\u0131nm\u0131\u015ft\u0131.<br \/>\nMersin Su ve Kanalizasyon \u0130daresi\u2019nin ald\u0131\u011f\u0131 ek \u00fccretlere tepki g\u00f6steren vatanda\u015flar, \u201cResmi Gazete\u2019de yay\u0131nlanan karar sonras\u0131 B\u00fcy\u00fck\u015fehir Belediyesi bizlerden her ay faturalar\u0131m\u0131za yans\u0131yan ve s\u00fcrekli \u00f6demeye mahkum edildi\u011fimiz bak\u0131m bedeli gibi ek vergi ve \u00fccretler almaktan vazge\u00e7melidir. T\u00fcrkiye&#8217;nin salg\u0131n ile m\u00fccadele etti\u011fi bu d\u00f6nemde bizlerde bir\u00e7ok ek \u00fccretten muaf tutulmal\u0131y\u0131z.\u201d ifadelerini kulland\u0131lar.<\/p>\n","protected":false},"excerpt":{"rendered":"<p>SEYFETT\u0130N AKARCA Kovid-19 sonras\u0131 Cumhurba\u015fkan\u0131 Recep Tayyip Erdo\u011fan imzalad\u0131\u011f\u0131 bir karar ile belediyelerden yap\u0131lan vergi kesinti oran\u0131n\u0131 s\u0131f\u0131r olarak belirledi. Mersinliler de \u00a0bu karar\u0131n ard\u0131ndan MESK\u0130\u2019nin ald\u0131\u011f\u0131 bak\u0131m bedeli gibi &hellip; <a href=\"https:\/\/mersinekonomipolitikagazetesi.com\/?p=6392\" class=\"more-link\">Devam\u0131n\u0131 Oku&#8230;<\/a><\/p>\n","protected":false},"author":1,"featured_media":0,"comment_status":"open","ping_status":"open","sticky":false,"template":"","format":"standard","meta":[],"categories":[],"tags":[],"_links":{"self":[{"href":"https:\/\/mersinekonomipolitikagazetesi.com\/index.php?rest_route=\/wp\/v2\/posts\/6392"}],"collection":[{"href":"https:\/\/mersinekonomipolitikagazetesi.com\/index.php?rest_route=\/wp\/v2\/posts"}],"about":[{"href":"https:\/\/mersinekonomipolitikagazetesi.com\/index.php?rest_route=\/wp\/v2\/types\/post"}],"author":[{"embeddable":true,"href":"https:\/\/mersinekonomipolitikagazetesi.com\/index.php?rest_route=\/wp\/v2\/users\/1"}],"replies":[{"embeddable":true,"href":"https:\/\/mersinekonomipolitikagazetesi.com\/index.php?rest_route=%2Fwp%2Fv2%2Fcomments&post=6392"}],"version-history":[{"count":0,"href":"https:\/\/mersinekonomipolitikagazetesi.com\/index.php?rest_route=\/wp\/v2\/posts\/6392\/revisions"}],"wp:attachment":[{"href":"https:\/\/mersinekonomipolitikagazetesi.com\/index.php?rest_route=%2Fwp%2Fv2%2Fmedia&parent=6392"}],"wp:term":[{"taxonomy":"category","embeddable":true,"href":"https:\/\/mersinekonomipolitikagazetesi.com\/index.php?rest_route=%2Fwp%2Fv2%2Fcategories&post=6392"},{"taxonomy":"post_tag","embeddable":true,"href":"https:\/\/mersinekonomipolitikagazetesi.com\/index.php?rest_route=%2Fwp%2Fv2%2Ftags&post=6392"}],"curies":[{"name":"wp","href":"https:\/\/api.w.org\/{rel}","templated":true}]}}