{"id":6393,"date":"2020-11-04T18:26:54","date_gmt":"2020-11-04T15:26:54","guid":{"rendered":"http:\/\/mersinekonomipolitikagazetesi.com\/?p=6393"},"modified":"2020-11-04T18:26:54","modified_gmt":"2020-11-04T15:26:54","slug":"mersinde-korona-seferberligi-ilan-edilmeli-diyen-akkus-is-insanlarimiz-bagislarda-ornek-olmali","status":"publish","type":"post","link":"https:\/\/mersinekonomipolitikagazetesi.com\/?p=6393","title":{"rendered":"\u201cMersin&#8217;de korona seferberli\u011fi ilan edilmeli\u201d diyen AKKU\u015e: \u201c\u0130\u015e \u0130NSANLARIMIZ BA\u011eI\u015eLARDA \u00d6RNEK OLMALI\u201d"},"content":{"rendered":"<p>Mersin Gazetesi Ba\u015fyazar\u0131 Selahiddin Akku\u015f, Korona vir\u00fcs salg\u0131n\u0131nda al\u0131nan tedbirleri canl\u0131 yay\u0131nda de\u011ferlendirdi. Akku\u015f, \u201cMersin&#8217;de korona seferberli\u011fi ilan edilmeli. Vatanda\u015flar, belediyelerin yapt\u0131\u011f\u0131 \u00e7al\u0131\u015fmalar\u0131 \u015fov niteli\u011finde g\u00f6r\u00fcyor. Somut \u00e7al\u0131\u015fmalar istediklerini dile getiriyorlar.&#8221; dedi.\u00a0<\/p>\n<p>Mersin Gazetesi Ba\u015fyazar\u0131 ve \u0130mtiyaz Sahibi Selahiddin Akku\u015f, Covid-19 salg\u0131n\u0131 hakk\u0131nda \u0130\u00e7el TV canl\u0131 yay\u0131n\u0131na kat\u0131larak, de\u011ferlendirmelerde bulundu. Korona vir\u00fcs\u00fc salg\u0131n\u0131 hakk\u0131nda genel bir de\u011ferlendirme yapan Akku\u015f, Mersin\u2019de al\u0131nan ve al\u0131nmas\u0131 gereken tedbirler hakk\u0131nda d\u00fc\u015f\u00fcncelerini aktard\u0131. Mersin\u2019deki \u00e7al\u0131\u015fmalar\u0131n tek merkezli ve koordineli y\u00fcr\u00fcmesi gerekti\u011fini dile getiren Selahiddin Akku\u015f, Mersin\u2019de B\u00fcy\u00fck\u015fehir Belediyesi \u00f6nc\u00fcl\u00fc\u011f\u00fcnde destek kampanyas\u0131 ba\u015flat\u0131larak, zor durumda olan vatanda\u015flara yard\u0131m elinin uzat\u0131lmas\u0131 gerekti\u011fini belirtti.<\/p>\n<p>\u201cMersinli i\u015f insanlar\u0131 ba\u011f\u0131\u015f yapmal\u0131, \u00f6rnek olmal\u0131\u201d<\/p>\n<p>Mersinli i\u015f insanlar\u0131na da \u00f6rnek olacak ba\u011f\u0131\u015f \u00e7a\u011fr\u0131lar\u0131nda bulunan Akku\u015f, \u201cMersinli i\u015f insanlar\u0131 \u00f6rnek olacak \u015fekilde ba\u011f\u0131\u015f yapmaya ba\u015flamal\u0131. Ba\u011f\u0131\u015f yapanlar\u0131n isimlerini tek tek yay\u0131nlayaca\u011f\u0131z. \u0130nsanlar\u0131m\u0131za \u00f6rnek olmalar\u0131 gerekiyor. B\u00fcy\u00fck\u015fehir Belediyesi ve di\u011fer il\u00e7e belediyeler al\u0131nan tedbirler kapsam\u0131nda a\u00e7\u0131klamalar yap\u0131yorlar. Fakat vatanda\u015flardan somut olarak hi\u00e7bir d\u00f6n\u00fc\u015f al\u0131nam\u0131yor. G\u00f6n\u00fcll\u00fcl\u00fck esas\u0131na dayanarak belediyeler \u00f6nc\u00fcl\u00fc\u011f\u00fcnde seferberlik \u00e7al\u0131\u015fmalar\u0131 gerekiyor. \u015euan ki yap\u0131lan \u00e7al\u0131\u015fmalar \u015fov niteli\u011finde, somut \u00e7al\u0131\u015fmalar isteniyor.\u201d diye konu\u015ftu.\u00a0<\/p>\n<p>&#8220;\u00c7al\u0131\u015fmalar \u015fov niteli\u011finde!\u201d<\/p>\n<p>Mersin&#8217;de coronavir\u00fcs tedbirlerine ili\u015fkin \u00e7al\u0131\u015fmalar\u0131n yeterli olup olmad\u0131\u011f\u0131 sorusuna cevap veren Akku\u015f, \u201cMersin B\u00fcy\u00fck\u015fehir Belediyesi ve di\u011fer il\u00e7e belediyeleri s\u00fcrekli yapt\u0131klar\u0131 \u00e7al\u0131\u015fmalar\u0131 a\u00e7\u0131kl\u0131yorlar, fakat somut olarak vatanda\u015flardan hi\u00e7bir d\u00f6n\u00fc\u015f al\u0131nam\u0131yor. Apartmanlar\u0131n giri\u015fi ve asans\u00f6r dairelerinin de dezenfektan \u00e7al\u0131\u015fmalar\u0131 yap\u0131lmas\u0131 gerekiyor. Belediyeler taraf\u0131ndan vatanda\u015flara dezenfektan ve maske da\u011f\u0131t\u0131laca\u011f\u0131 s\u00f6yleniyor halen da\u011f\u0131t\u0131ld\u0131\u011f\u0131n\u0131 g\u00f6remedik. Belediyeler taraf\u0131ndan kurulan Sosyal Vefa Guruplar\u0131nda vatanda\u015flardan olumsuz d\u00f6n\u00fc\u015fler al\u0131yoruz. Telefona ula\u015famama, taleplerin ge\u00e7 yerine getirilmesi gibi \u015fikayetler var. Belediyelerin \u00f6nc\u00fcl\u00fc\u011f\u00fcnde g\u00f6n\u00fcll\u00fcl\u00fck esasl\u0131 bir seferberlik ba\u015flamas\u0131 gerekiyor. \u00d6rne\u011fin di\u011fer kentlerde g\u00f6rd\u00fc\u011f\u00fcm\u00fcz \u00fczere gen\u00e7ler, ya\u015fl\u0131lar\u0131m\u0131z\u0131n ihtiya\u00e7lar\u0131n\u0131 gidermek i\u00e7in \u00e7al\u0131\u015fmalar yap\u0131yorlar. G\u00f6n\u00fcll\u00fcl\u00fck esas\u0131na dayanan bu \u00e7al\u0131\u015fmalar\u0131n belediyeler \u00f6nc\u00fcl\u00fc\u011f\u00fcnde ba\u015flat\u0131lmas\u0131 gerekiyor. Vatanda\u015flar, belediyelerin \u015fu anki yapt\u0131\u011f\u0131 \u00e7al\u0131\u015fmalar\u0131 \u015fov niteli\u011finde g\u00f6r\u00fcyor. Somut \u00e7al\u0131\u015fmalar istediklerini s\u0131k s\u0131k dile getiriyorlar. Ayr\u0131ca, daha \u00f6nce haberini yapm\u0131\u015ft\u0131k, \u00e7\u00f6p konteyn\u0131rlar\u0131 \u00e7ok tehlikeli. Kentimizde normal \u015fartlarda ya\u015fayan vatanda\u015flar\u0131n bile \u00e7\u00f6p toplad\u0131\u011f\u0131n\u0131 g\u00f6rmek \u00e7ok \u00fcz\u00fcc\u00fc. \u0130nsanlar\u0131 a\u00e7 da b\u0131rakmamak gerekiyor ama vir\u00fcs\u00fcn yay\u0131lmas\u0131n\u0131 \u00f6nlemek i\u00e7in \u00e7\u00f6p toplay\u0131c\u0131l\u0131\u011f\u0131n\u0131n \u015fu an yasaklanmas\u0131 gerekiyor. \u00c7\u00f6p konteynerlerinin de dezenfekte edilmesi gerekiyor. Belediyeler bu konu hakk\u0131nda hi\u00e7bir \u00e7al\u0131\u015fma yapmad\u0131 ve dile getirmemize ra\u011fmen herhangi bir d\u00f6n\u00fc\u015fte olmad\u0131. Belediyelerin da\u011f\u0131tt\u0131\u011f\u0131 dezenfaktanlar\u0131n kimyasal \u00f6zellikleri bak\u0131m\u0131ndan zararl\u0131 olup olmad\u0131\u011f\u0131 a\u00e7\u0131klamalar\u0131 da yap\u0131lmal\u0131.\u201d diye konu\u015ftu.\u00a0<\/p>\n<p>&#8220;Mersin&#8217;in i\u015f insanlar\u0131 bu konuya el atmal\u0131&#8221;\u00a0<\/p>\n<p>T\u00fcrkiye genelinde ba\u015flat\u0131lan ba\u011f\u0131\u015f kampanyalar\u0131 hakk\u0131nda da konu\u015fan Akku\u015f, \u2018Biz bize yeteriz Mersin\u2019 kampanyas\u0131n\u0131n da ba\u015flat\u0131lmas\u0131 gerekti\u011fine vurgu yaparak, kaynaklar\u0131n do\u011fru kullan\u0131lmad\u0131\u011f\u0131n\u0131n alt\u0131n\u0131 \u00e7izdi.<br \/>\nAkku\u015f, \u201dGerek \u00fclkemizde gerek kentimizde kaynaklar\u0131m\u0131z\u0131n do\u011fru kullan\u0131lmad\u0131\u011f\u0131 kesin. \u00c7\u00fcnk\u00fc do\u011fru kullan\u0131lsayd\u0131 al\u0131nan vergilerle bug\u00fcn biz bunlar\u0131 ya\u015fam\u0131yor olacakt\u0131k. B\u00fcy\u00fck bir israf ekonomisi s\u00f6z konusu oldu\u011fu i\u00e7in \u00fclkemizde de kentimizde de sorunlar ya\u015fan\u0131yor. G\u00f6r\u00fcnd\u00fc\u011f\u00fc gibi art\u0131k bir s\u0131n\u0131r koyulmas\u0131 \u015fart. Ba\u011f\u0131\u015f kampanyas\u0131na Mersin\u2019de Belediye Ba\u015fkanlar\u0131ndan bir tek Akdeniz Belediye Ba\u015fkan\u0131 M. Mustafa G\u00fcltak\u2019\u0131n maa\u015f\u0131yla kat\u0131ld\u0131\u011f\u0131n\u0131 duydum. Ama di\u011fer belediye ba\u015fkanlar\u0131 ve durumu iyi olan i\u015f adamlar\u0131, Oda ba\u015fkanlar\u0131, kurum ba\u015fkanlar\u0131 gibi hepsinin asl\u0131nda bu ba\u011f\u0131\u015flara kat\u0131lmas\u0131 gerekiyor. Baz\u0131 siyaset\u00e7ilerimiz biliyorsunuz ki maa\u015f\u0131n\u0131n 3\u2019\u00fcn\u00fc Ankara&#8217;ya, 3\u2019\u00fcn\u00fc de \u0130stanbul&#8217;a ba\u011f\u0131\u015flad\u0131. Bizde de durumu iyi olanlar hem T\u00fcrkiye&#8217;deki kampanyaya hem de B\u00fcy\u00fck\u015fehir&#8217;in \u00f6nderli\u011finde kampanya ba\u015flat\u0131l\u0131p ba\u011f\u0131\u015flar\u0131n\u0131 Mersin i\u00e7in yap\u0131lmas\u0131 gerekiyor. Yap\u0131lan ba\u011f\u0131\u015flar\u0131n gizli olmas\u0131 gerekti\u011fini d\u00fc\u015f\u00fcnm\u00fcyorum. \u00c7\u00fcnki suistimale u\u011frayabilir. Bu suistimallerin \u00f6n\u00fcne ge\u00e7mek ad\u0131na kim ne ba\u011f\u0131\u015f yap\u0131yorsa liste liste bunu kamuoyuna a\u00e7\u0131klamam\u0131z gerekiyor. Mersin&#8217;de o kadar zengin i\u015f adamlar\u0131m\u0131z var ki, bu i\u015f insanlar\u0131n\u0131n bu olaya art\u0131k bir el at\u0131p ba\u011f\u0131\u015flar yapmalar\u0131n\u0131 bekliyoruz. Bu ya\u015fad\u0131\u011f\u0131m\u0131z zor durumda ellerini ceplerine at\u0131p ciddi rakamlarla ba\u011f\u0131\u015flar yapmalar\u0131 gerekiyor. Zor durumda olan hem\u015fehrilerimize, g\u0131da ve nakdi yard\u0131mlar yapmalar\u0131 konusunda b\u00fcy\u00fck destek vermeleri gerekiyor.\u201d dedi.\u00a0<\/p>\n<p>\u201cMevcut d\u00fczenin art\u0131k de\u011fi\u015fmesi gerekiyor&#8221;\u00a0<\/p>\n<p>Korona vir\u00fcs salg\u0131n\u0131 hakk\u0131nda d\u00fc\u015f\u00fcncelerini payala\u015farak genel bir de\u011ferlendirmede de bulunan Selahiddin Akku\u015f, ya\u015fanan bu salg\u0131ndan bir ders \u00e7\u0131kart\u0131larak mevcut d\u00fczenin art\u0131k de\u011fi\u015fmesi gerekti\u011fini dile getirdi.<br \/>\nAkku\u015f, \u201cD\u00fcnya genelinde insanl\u0131\u011f\u0131n \u00f6l\u00fcmle y\u00fczy\u00fcze geldi\u011fi bir salg\u0131nla kar\u015f\u0131 kar\u015f\u0131yay\u0131z. Bug\u00fcn d\u00fcnyada ya\u015fanan sava\u015flar \u00e7er\u00e7evesinde bakt\u0131\u011f\u0131m\u0131zda, benim d\u00fc\u015f\u00fcnceme g\u00f6re \u00c7in&#8217;de bir biyolojik silah yanl\u0131\u015fl\u0131kla da olsa kullan\u0131lm\u0131\u015f olabilir. G\u00f6r\u00fcyoruz ki Afrika ba\u015fta olmak \u00fczere d\u00fcnyan\u0131n bir\u00e7ok yerinde s\u00f6m\u00fcr\u00fc d\u00fczeni kurulmu\u015f ve sava\u015flar olmaktad\u0131r. Baz\u0131 k\u00fcresel g\u00fc\u00e7lerin yapt\u0131\u011f\u0131 uygulamalara, i\u00e7 sava\u015flara ve m\u00fcdahalelere insanl\u0131k olarak kar\u015f\u0131 \u00e7\u0131kmal\u0131y\u0131z. D\u00fcnyada \u00e7\u0131kan t\u00fcm kaynaklar\u0131n adil bir \u015fekilde payla\u015f\u0131lmas\u0131 gerekiyor. Ya\u015fanan t\u00fcm olaylar\u0131 de\u011ferlendirdi\u011fimizde, bunlar\u0131 insani de\u011ferleri \u00f6n plana \u00e7\u0131kartmak i\u00e7in bir ders niteli\u011finde olarak de\u011ferlendiriyorum. D\u00fcnyan\u0131n d\u00fczeni de\u011fi\u015fmeli, s\u00f6m\u00fcr\u00fc d\u00fczeni kalkmal\u0131 ve bu kaynaklar insanlara e\u015fit bir \u015fekilde da\u011f\u0131t\u0131lmal\u0131 ki, b\u00f6ylelikle bu t\u00fcr salg\u0131nlar\u0131n ortaya \u00e7\u0131kmayaca\u011f\u0131n\u0131 d\u00fc\u015f\u00fcn\u00fcyorum. Sava\u015fa hay\u0131r demeyi de bilmeliyiz. \u0130nsani de\u011ferlerimize d\u00f6nmemiz gerekiyor. E\u015fitiz, hepimiz karde\u015fiz, e\u015fit payla\u015f\u0131m i\u00e7inde bu d\u00fcnyada ya\u015famay\u0131 \u00f6\u011frenmeliyiz. insanlar\u0131m\u0131z do\u011fumdan \u00f6l\u00fcme kadar refah i\u00e7inde ya\u015famal\u0131. Do\u011fa bize bunu veriyor, a\u00e7 g\u00f6zl\u00fcler y\u00fcz\u00fcnden egosunu tatmin edememi\u015f, d\u00fcnyay\u0131 y\u00f6netenler y\u00fcz\u00fcnden bu haldeyiz.\u2019\u2019 ifadelerini kulland\u0131.\u00a0<br \/>\n\u00a0<br \/>\n\u201dHer\u015feyimiz var\u2019 s\u00f6z\u00fc, \u2018Biz bize yeteriz T\u00fcrkiye\u2019 kampanyas\u0131na d\u00f6n\u00fc\u015ft\u00fc&#8221;<\/p>\n<p>Genelden de\u011ferlendirmeye ba\u015flarsak asl\u0131nda \u00fclkemizde yeterli tedbir al\u0131nmad\u0131\u011f\u0131n\u0131 d\u00fc\u015f\u00fcn\u00fcyorum. Salg\u0131n\u0131n ba\u015flad\u0131\u011f\u0131 g\u00fcnden beri Sa\u011fl\u0131k Bakanl\u0131\u011f\u0131, dezenfektanlardan maskeye kadar her\u015feyin haz\u0131r oldu\u011funu, gerekli t\u00fcm tedbirlerin al\u0131nd\u0131\u011f\u0131n\u0131 dile getirmi\u015fti s\u0131k s\u0131k. Ancak, g\u00f6r\u00fcyoruz ki haz\u0131r de\u011filmi\u015fiz. Salg\u0131nda alaca\u011f\u0131m\u0131z \u00f6nlemler konusunda \u2018Her\u015feyimiz var\u2019 s\u00f6z\u00fc, \u2018Biz bize yeteriz T\u00fcrkiye\u2019 kampanyas\u0131na d\u00f6n\u00fc\u015ft\u00fc. Sa\u011fl\u0131k \u00e7al\u0131\u015fanlar\u0131n\u0131 ve doktorlar\u0131 tart\u0131\u015fmaya gerek dahi yok zaten. Onlar i\u00e7in al\u0131nacak tedbirler olmazsa olmazd\u0131r. Sa\u011fl\u0131k \u00e7al\u0131\u015fanlar\u0131na ve doktorlar\u0131m\u0131za buradan bir kez daha \u00e7ok te\u015fekk\u00fcr ediyorum. Ama yol kontrolleri yapan polislerimize bakt\u0131\u011f\u0131m\u0131zda onlar i\u00e7in yeterli tedbirlerin al\u0131nmad\u0131\u011f\u0131n\u0131 g\u00f6r\u00fcyorum ve bunlar \u00e7ok \u00fcz\u00fcc\u00fc. Polislerimizin de g\u00f6revlerini yerinde getirirken sa\u011fl\u0131k tedbirleri almalar\u0131n\u0131n sa\u011flanmas\u0131 laz\u0131m. Mersin&#8217;e bakt\u0131\u011f\u0131m\u0131zda, yine zab\u0131talar\u0131n \u00e7o\u011funda yine yeterli sa\u011fl\u0131k tedbirlerin al\u0131nmad\u0131\u011f\u0131n\u0131 g\u00f6r\u00fcyoruz.&#8221; dedi. \u00a0<\/p>\n<p>&#8220;Gazetecilere s\u0131ra yeni geldiyse, vatanda\u015flara daha gelecek demektir!&#8221;\u00a0<\/p>\n<p>Korona vir\u00fcs salg\u0131n\u0131yla m\u00fccadelenin bas\u0131n a\u00e7\u0131s\u0131ndan ya\u015fatt\u0131\u011f\u0131 sorunlar\u0131 da de\u011ferlendiren Akku\u015f, Mersin\u2019de yay\u0131nlanan g\u00fcnl\u00fck gazetelerin d\u00f6n\u00fc\u015f\u00fcml\u00fc olarak 4 g\u00fcnde bir \u00e7\u0131kt\u0131\u011f\u0131n\u0131 hat\u0131rlatt\u0131. Bas\u0131n \u00e7al\u0131\u015fanlar\u0131n\u0131n kamu g\u00f6revlerini yerine getirirken ya\u015fad\u0131\u011f\u0131 risklerden de bahseden Akku\u015f, \u201cSalg\u0131n\u0131n ilk g\u00fcnlerinden beri \u00e7al\u0131\u015fma ba\u015flatarak m\u00fccadelesini verdim. B\u00fcy\u00fck\u015fehir, Akdeniz ve Toroslar Belediyelerini arad\u0131m. Kamu g\u00f6revi g\u00f6ren gazeteciler i\u00e7in, dezenfektan, eldiven ve maske yard\u0131m talebinde bulunmu\u015ftuk. Fakat B\u00fcy\u00fck\u015fehir Belediyesi d\u0131\u015f\u0131nda hi\u00e7biri d\u00f6nmedi. B\u00fcy\u00fck\u015fehir&#8217;in d\u00f6n\u00fc\u015f\u00fc de sadece \u00e7al\u0131\u015fma yap\u0131yoruz niteli\u011findeydi. Akdeniz Belediyesi cemiyete daha yeni maske ve dezenfaktan g\u00f6nderdi. Ge\u00e7 kalmad\u0131lar m\u0131? Bula\u015fma riskinin sahada g\u00f6rev yapan bas\u0131n \u00e7al\u0131\u015fanlar\u0131na \u00e7ok fazla olaca\u011f\u0131 dile getirilirken, neyi beklediler? Gazetecilere bile destek veremeyen belediyeler, vatanda\u015flara verdi\u011fini nas\u0131l iddia edebilir! Gazetecilere s\u0131ra yeni geldiyse, vatanda\u015flara daha gelecek demektir bu durum \u00e7ok \u00fcz\u00fcc\u00fc.&#8221; \u015feklinde konu\u015ftu.\u00a0<\/p>\n","protected":false},"excerpt":{"rendered":"<p>Mersin Gazetesi Ba\u015fyazar\u0131 Selahiddin Akku\u015f, Korona vir\u00fcs salg\u0131n\u0131nda al\u0131nan tedbirleri canl\u0131 yay\u0131nda de\u011ferlendirdi. Akku\u015f, \u201cMersin&#8217;de korona seferberli\u011fi ilan edilmeli. Vatanda\u015flar, belediyelerin yapt\u0131\u011f\u0131 \u00e7al\u0131\u015fmalar\u0131 \u015fov niteli\u011finde g\u00f6r\u00fcyor. Somut \u00e7al\u0131\u015fmalar istediklerini dile &hellip; <a href=\"https:\/\/mersinekonomipolitikagazetesi.com\/?p=6393\" class=\"more-link\">Devam\u0131n\u0131 Oku&#8230;<\/a><\/p>\n","protected":false},"author":1,"featured_media":0,"comment_status":"open","ping_status":"open","sticky":false,"template":"","format":"standard","meta":[],"categories":[],"tags":[],"_links":{"self":[{"href":"https:\/\/mersinekonomipolitikagazetesi.com\/index.php?rest_route=\/wp\/v2\/posts\/6393"}],"collection":[{"href":"https:\/\/mersinekonomipolitikagazetesi.com\/index.php?rest_route=\/wp\/v2\/posts"}],"about":[{"href":"https:\/\/mersinekonomipolitikagazetesi.com\/index.php?rest_route=\/wp\/v2\/types\/post"}],"author":[{"embeddable":true,"href":"https:\/\/mersinekonomipolitikagazetesi.com\/index.php?rest_route=\/wp\/v2\/users\/1"}],"replies":[{"embeddable":true,"href":"https:\/\/mersinekonomipolitikagazetesi.com\/index.php?rest_route=%2Fwp%2Fv2%2Fcomments&post=6393"}],"version-history":[{"count":0,"href":"https:\/\/mersinekonomipolitikagazetesi.com\/index.php?rest_route=\/wp\/v2\/posts\/6393\/revisions"}],"wp:attachment":[{"href":"https:\/\/mersinekonomipolitikagazetesi.com\/index.php?rest_route=%2Fwp%2Fv2%2Fmedia&parent=6393"}],"wp:term":[{"taxonomy":"category","embeddable":true,"href":"https:\/\/mersinekonomipolitikagazetesi.com\/index.php?rest_route=%2Fwp%2Fv2%2Fcategories&post=6393"},{"taxonomy":"post_tag","embeddable":true,"href":"https:\/\/mersinekonomipolitikagazetesi.com\/index.php?rest_route=%2Fwp%2Fv2%2Ftags&post=6393"}],"curies":[{"name":"wp","href":"https:\/\/api.w.org\/{rel}","templated":true}]}}