{"id":6394,"date":"2020-11-04T18:26:54","date_gmt":"2020-11-04T15:26:54","guid":{"rendered":"http:\/\/mersinekonomipolitikagazetesi.com\/?p=6394"},"modified":"2020-11-04T18:26:54","modified_gmt":"2020-11-04T15:26:54","slug":"idlibde-sinirimizdaki-2-milyon-kisi-icin-koronavirus-tedbirleri-alindi-mi","status":"publish","type":"post","link":"https:\/\/mersinekonomipolitikagazetesi.com\/?p=6394","title":{"rendered":"\u0130dlib\u2019de s\u0131n\u0131r\u0131m\u0131zdaki 2 milyon ki\u015fi i\u00e7in koronavir\u00fcs  TEDB\u0130RLER\u0130 ALINDI MI?"},"content":{"rendered":"<p>\u0130Y\u0130 Partili Sezgin, \u201c2 milyon ki\u015finin ya\u015fad\u0131\u011f\u0131 tahmin edilen \u0130dlib s\u0131n\u0131r\u0131nda g\u00fcvenlik ve sa\u011fl\u0131k a\u00e7\u0131s\u0131ndan bu kadar k\u0131r\u0131lgan bir demografik yap\u0131da olas\u0131 bir salg\u0131na ve salg\u0131n\u0131n \u00fclkemizi tehdit etme ihtimaline kar\u015f\u0131 ne gibi tedbirler al\u0131nmaktad\u0131r?\u201d sorusunu g\u00fcndeme ta\u015f\u0131d\u0131.<\/p>\n<p>\u0130Y\u0130 Parti Ayd\u0131n Milletvekili Ayd\u0131n Adnan Sezgin, koronavir\u00fcs salg\u0131n\u0131 ile m\u00fccadele kapsam\u0131nda \u0130dlib \u015fehir merkezinde ve b\u00f6lgedeki m\u00fclteci kamplar\u0131nda al\u0131nan tedbirleri Meclis g\u00fcndemine ta\u015f\u0131d\u0131. Sezgin, Cumhurba\u015fkan\u0131 Yard\u0131mc\u0131s\u0131 Fuat Oktay taraf\u0131ndan yan\u0131tlanmas\u0131 talebiyle TBMM Ba\u015fkanl\u0131\u011f\u0131\u2019na sundu\u011fu \u00f6nergede, \u201c\u0130dlib\u2019in s\u0131n\u0131rlar\u0131m\u0131za yak\u0131n b\u00f6lgelerinde, 1000 kilometrekarelik bir alanda yakla\u015f\u0131k 2 milyon ki\u015finin ya\u015fad\u0131\u011f\u0131 tahmin edilmektedir. G\u00fcvenlik ve sa\u011fl\u0131k a\u00e7\u0131s\u0131ndan bu kadar k\u0131r\u0131lgan bir demografik yap\u0131da olas\u0131 bir salg\u0131na ve salg\u0131n\u0131n \u00fclkemizi tehdit etme ihtimaline kar\u015f\u0131 ne gibi tedbirler al\u0131nmaktad\u0131r?\u201d sorusunu y\u00f6neltti.<br \/>\n\u0130dlib\u2019de ve Suriye\u2019nin kuzeyinde T\u00fcrkiye\u2019nin kontrol\u00fc alt\u0131nda bulunan di\u011fer alanlarda yerel halka ek olarak, kendi \u00fclkeleri i\u00e7inde yerinden edilmi\u015f ki\u015filer ve \u00e7e\u015fitli muhalif \u00f6rg\u00fctlerin \u00fcyelerinin de bulundu\u011funu belirten Ayd\u0131n Sezgin, \u201cSadece \u0130dlib\u2019de, onlarca s\u0131\u011f\u0131nmac\u0131 kamp\u0131nda y\u00fczbinlerce Suriyeli olduk\u00e7a yetersiz ko\u015fullarda ya\u015famaktad\u0131r. B\u00f6lgede, risk gruplar\u0131ndaki ki\u015filer ba\u015fta olmak \u00fczere, hastal\u0131k semptomlar\u0131na sahip ki\u015filere koronavir\u00fcs testleri uygulanmakta m\u0131d\u0131r?\u201d ifadelerini kulland\u0131.<br \/>\nSezgin, \u00f6nergesinde \u015fu sorular\u0131n yan\u0131tlanmas\u0131n\u0131 talep etti:<br \/>\nKoronavir\u00fcs salg\u0131n\u0131 ile m\u00fccadele kapsam\u0131nda, Suriye\u2019nin kuzeyinde kontrol\u00fcm\u00fcz alt\u0131nda bulunan alanlarda, \u0130dlib \u015fehir merkezinde ve b\u00f6lgedeki m\u00fclteci kamplar\u0131nda ne gibi tedbirler al\u0131nmaktad\u0131r?<br \/>\nB\u00f6lgede, risk gruplar\u0131ndaki ki\u015filer ba\u015fta olmak \u00fczere, hastal\u0131k semptomlar\u0131na sahip ki\u015filere koronavir\u00fcs testleri uygulanmakta m\u0131d\u0131r?<br \/>\n\u0130dlib\u2019deki g\u00f6zetim noktalar\u0131nda g\u00f6rev yapan askerlerimizin s\u0131hhi g\u00fcvenli\u011fine ili\u015fkin ne gibi tedbirler al\u0131nmaktad\u0131r?<br \/>\nSuriye Arap Cumhuriyeti taraf\u0131ndan 25 Mart itibariyle \u00fclkede 18.00-06.00 saatleri aras\u0131nda soka\u011fa \u00e7\u0131kma yasa\u011f\u0131 uygulanmaya ba\u015flanm\u0131\u015ft\u0131r. Benzer bir uygulama \u0130dlib\u2019de de y\u00fcr\u00fcrl\u00fckte midir?<br \/>\nB\u00f6lgede salg\u0131nla m\u00fccadeleye y\u00f6nelik uluslararas\u0131 insani yard\u0131m faaliyetleri y\u00fcr\u00fct\u00fclmekte midir? Hangi uluslararas\u0131 \u00f6rg\u00fctler ne t\u00fcr yard\u0131mlar sa\u011flamaktad\u0131r?\u00a0<\/p>\n","protected":false},"excerpt":{"rendered":"<p>\u0130Y\u0130 Partili Sezgin, \u201c2 milyon ki\u015finin ya\u015fad\u0131\u011f\u0131 tahmin edilen \u0130dlib s\u0131n\u0131r\u0131nda g\u00fcvenlik ve sa\u011fl\u0131k a\u00e7\u0131s\u0131ndan bu kadar k\u0131r\u0131lgan bir demografik yap\u0131da olas\u0131 bir salg\u0131na ve salg\u0131n\u0131n \u00fclkemizi tehdit etme ihtimaline &hellip; <a href=\"https:\/\/mersinekonomipolitikagazetesi.com\/?p=6394\" class=\"more-link\">Devam\u0131n\u0131 Oku&#8230;<\/a><\/p>\n","protected":false},"author":1,"featured_media":0,"comment_status":"open","ping_status":"open","sticky":false,"template":"","format":"standard","meta":[],"categories":[],"tags":[],"_links":{"self":[{"href":"https:\/\/mersinekonomipolitikagazetesi.com\/index.php?rest_route=\/wp\/v2\/posts\/6394"}],"collection":[{"href":"https:\/\/mersinekonomipolitikagazetesi.com\/index.php?rest_route=\/wp\/v2\/posts"}],"about":[{"href":"https:\/\/mersinekonomipolitikagazetesi.com\/index.php?rest_route=\/wp\/v2\/types\/post"}],"author":[{"embeddable":true,"href":"https:\/\/mersinekonomipolitikagazetesi.com\/index.php?rest_route=\/wp\/v2\/users\/1"}],"replies":[{"embeddable":true,"href":"https:\/\/mersinekonomipolitikagazetesi.com\/index.php?rest_route=%2Fwp%2Fv2%2Fcomments&post=6394"}],"version-history":[{"count":0,"href":"https:\/\/mersinekonomipolitikagazetesi.com\/index.php?rest_route=\/wp\/v2\/posts\/6394\/revisions"}],"wp:attachment":[{"href":"https:\/\/mersinekonomipolitikagazetesi.com\/index.php?rest_route=%2Fwp%2Fv2%2Fmedia&parent=6394"}],"wp:term":[{"taxonomy":"category","embeddable":true,"href":"https:\/\/mersinekonomipolitikagazetesi.com\/index.php?rest_route=%2Fwp%2Fv2%2Fcategories&post=6394"},{"taxonomy":"post_tag","embeddable":true,"href":"https:\/\/mersinekonomipolitikagazetesi.com\/index.php?rest_route=%2Fwp%2Fv2%2Ftags&post=6394"}],"curies":[{"name":"wp","href":"https:\/\/api.w.org\/{rel}","templated":true}]}}