{"id":6395,"date":"2020-11-04T18:26:54","date_gmt":"2020-11-04T15:26:54","guid":{"rendered":"http:\/\/mersinekonomipolitikagazetesi.com\/?p=6395"},"modified":"2020-11-04T18:26:54","modified_gmt":"2020-11-04T15:26:54","slug":"en-cok-vaka-istanbulda-mersinde-9-vaka-var","status":"publish","type":"post","link":"https:\/\/mersinekonomipolitikagazetesi.com\/?p=6395","title":{"rendered":"&#8220;En \u00e7ok vaka \u0130stanbul\u2019da&#8221; &#8216;Mersin&#8217;de 9 vaka var&#8217;"},"content":{"rendered":"<p><span style=\"line-height: 1.6em;\">Sa\u011fl\u0131k Bakan\u0131 Fahrettin Koca, \u201cD\u00fcn itibariyle b\u00fct\u00fcn illerimizde bu vakan\u0131n g\u00f6r\u00fcld\u00fc\u011f\u00fcn\u00fc biliyoruz. En \u00e7ok vaka \u0130stanbul\u2019da. \u0130stanbul\u2019daki vaka say\u0131s\u0131 8 bin 852 y\u00fczde 60\u2019lara yak\u0131n. \u0130zmir ikinci s\u0131rada 853 vaka. 712 vakayla Ankara 3\u2019\u00fcnc\u00fc s\u0131rada, 584 vakayla Konya, 410 vakayla Kocaeli takip ediyor. \u0130llere g\u00f6re hayat\u0131n\u0131 kaybeden vatanda\u015flar\u0131n da\u011f\u0131l\u0131m\u0131 ise; toplam 39 ilimizde can kayb\u0131m\u0131z var. A\u011f\u0131rl\u0131kl\u0131 olarak; \u0130stanbul, \u0130zmir, Kocaeli, Ankara, Konya, Zonguldak, Trabzon, Bal\u0131kesir, Adana ve Sakarya \u015feklinde s\u0131ralan\u0131yor\u201d dedi.\u00a0<\/span><\/p>\n<p>Sa\u011fl\u0131k Bakan\u0131 Fahrettin Koca, Koronavir\u00fcs Bilim Kurulu toplant\u0131s\u0131n\u0131n ard\u0131ndan bas\u0131n a\u00e7\u0131klamas\u0131 yapt\u0131. Bakan Koca, salg\u0131nda gelinen noktan\u0131n alt\u0131n\u0131 \u00e7izerek t\u00fcm d\u00fcnyan\u0131n ortak verdi\u011fi bir sava\u015f i\u00e7inde oldu\u011funu s\u00f6yledi. Bakan Koca, \u201cKorona vir\u00fcs salg\u0131n\u0131nda gelinen nokta art\u0131k olay\u0131n ba\u015flang\u0131\u00e7 g\u00fcnlerini unutturdu. D\u00fcnyan\u0131n neresinde olursa olsun herhangi bir insan bu hastal\u0131k yokmu\u015f gibi ya\u015fayamaz. 24 saat i\u00e7inde bile ya\u015fam tarz\u0131 radikal de\u011fi\u015fiklikler g\u00f6steriyor. Bu eski d\u00fcnya de\u011fil. D\u00fcnya insan\u0131n\u0131n ekran ba\u015f\u0131ndan izledi\u011fi haberler eskiye benzemiyor. D\u00fcnyan\u0131n her \u00fclkesi ortak bir d\u00fc\u015fmana kar\u015f\u0131 sava\u015f\u0131yor. D\u00fcnyan\u0131n her \u00fclkesi bu sava\u015fta ayr\u0131 bir cephe. \u0130nsanl\u0131k buna ilk kez tan\u0131k oluyor. Dayan\u0131\u015fma izolasyonla ger\u00e7ekle\u015fiyor. Araya mesafe koymak bizi g\u00fc\u00e7l\u00fc k\u0131l\u0131yor\u201d ifadelerini kulland\u0131.\u00a0<\/p>\n<p>&#8220;Temas, mesafe, izolasyon&#8221;\u00a0<br \/>\n\u015eu ana kadar Covid-19\u2019a kar\u015f\u0131 al\u0131nan \u00f6nlemler aras\u0131nda en etkili olan\u0131n izolasyon oldu\u011funa de\u011finen Koca, \u201cD\u00fcnya \u015fu ana kadar bu vir\u00fcse kar\u015f\u0131 nas\u0131l ba\u015far\u0131 g\u00f6stermi\u015fse bunu izolasyona bor\u00e7ludur. Biz de hastal\u0131\u011f\u0131n \u00fclkemize girmesini bu yolla \u00f6teledik. Hastal\u0131k T\u00fcrkiye\u2019ye girdi\u011finde bu m\u00fccadelede as\u0131l silah\u0131m\u0131z\u0131n izolasyon oldu\u011funu s\u00f6yledik. Temas, mesafe, izolasyon. Bu 3 kelime hayati \u00f6nemli. Temas i\u00e7inde olmayaca\u011f\u0131z, araya mesafe koyaca\u011f\u0131z ve kendimizi izole edece\u011fiz. B\u00fct\u00fcn d\u00fcnyada bilim insanlar\u0131 hastal\u0131k \u00fczerine \u00e7al\u0131\u015f\u0131yor. \u0130zolasyon konusu her g\u00fcn daha fazla \u00f6nem kazan\u0131yor. M\u00fccadele, yay\u0131lmay\u0131 \u00f6nleme meselesidir. T\u0131p, \u2018Temastan ka\u00e7\u0131n, araya mesafe koy, kendini izole et\u2019 diyor. Bu temel kural uygulanmazsa di\u011fer tedbirler bizi koruyamaz. Tehdit herkes i\u00e7in ortak, tehdide kar\u015f\u0131 davran\u0131\u015f da ortak olmal\u0131d\u0131r. Uygulad\u0131\u011f\u0131n\u0131z tedbiri ba\u015fkas\u0131ndan da talep etme hakk\u0131n\u0131z var. Yak\u0131nlar\u0131n\u0131z\u0131, \u00e7evrenizi uyarmak gibi bir sorumlulu\u011funuz var. \u2018\u00d6zg\u00fcrl\u00fc\u011f\u00fcm\u00fcz\u00fc k\u0131s\u0131tlayan birbirimiz de\u011filiz, \u00f6zg\u00fcrl\u00fc\u011f\u00fcm\u00fcz\u00fc risk k\u0131s\u0131tl\u0131yor\u2019 derseniz size kimse itiraz edemeyecektir\u201d \u015feklinde konu\u015ftu.\u00a0<\/p>\n<p>&#8220;Bug\u00fcn \u00f6devimizi ne kadar iyi yaparsak yar\u0131n bununla o kadar \u00f6v\u00fcnece\u011fiz&#8221;\u00a0<br \/>\nYa\u015fanan s\u0131k\u0131nt\u0131l\u0131 s\u00fcrecin er ya da ge\u00e7 bitece\u011fine de\u011finen Bakan Koca, \u201cM\u00fccadelenin temelinde ki\u015filer var. Herhangi birimizin tavizi hepimizi ilgilendirecek ciddi sonu\u00e7lar do\u011furacakt\u0131r. Bug\u00fcnler, tahamm\u00fcl ve dirayet g\u00fcnleridir. Bug\u00fcnler \u015f\u00fcphesiz ge\u00e7icidir. Bug\u00fcn \u00f6devimizi ne kadar iyi yaparsak yar\u0131n bununla o kadar \u00f6v\u00fcnece\u011fiz. Ba\u015far\u0131rsak, ki ba\u015faraca\u011f\u0131z birlikte gurur duyaca\u011f\u0131z. Bu bir sava\u015ft\u0131r. Halk sa\u011fl\u0131\u011f\u0131 sava\u015f\u0131d\u0131r. Hedefimiz bu sava\u015ftan en az can kayb\u0131yla \u00e7\u0131kmak, m\u00fcmk\u00fcn oldu\u011fu kadar bu vir\u00fcs\u00fc kontrol alt\u0131na almakt\u0131r. Vir\u00fcs\u00fcn b\u00fct\u00fcn g\u00fcc\u00fc, yay\u0131lma f\u0131rsat\u0131d\u0131r. Bu sava\u015fta vir\u00fcse bu f\u0131rsat\u0131 tan\u0131mayal\u0131m. \u0130zole olmay\u0131 ba\u015faramazsak kay\u0131plar\u0131m\u0131z artacak. Bu m\u00fccadelede stratejimiz sabit hayat olmal\u0131d\u0131r. Yuvam\u0131z, g\u00fcc\u00fcm\u00fcz olmal\u0131. \u015eehirlerde hareketlilik ne kadar azal\u0131rsa o kadar h\u0131zl\u0131 galip geliriz\u201d diye konu\u015ftu.\u00a0<\/p>\n<p>&#8220;Son 24 saatte yap\u0131lan test say\u0131s\u0131 14 bin 396&#8221;\u00a0<br \/>\nSon 24 saat i\u00e7erisinde ortaya \u00e7\u0131kan Korona Vir\u00fcs tablosunu payla\u015fan Koca, \u201cSon 24 saatte yap\u0131lan test say\u0131s\u0131 14 bin 396, bug\u00fcnk\u00fc vaka say\u0131s\u0131 2 bin 148, bug\u00fcn hayat\u0131n\u0131 kaybeden vatanda\u015flar\u0131m\u0131z\u0131n say\u0131s\u0131 63. 333 hastam\u0131z\u0131n da iyile\u015ferek taburcu edildi\u011fini s\u00f6ylemek istiyorum. Baz\u0131 bilgiler endi\u015fe verici olabilir. Endi\u015fe verici olarak da alg\u0131lanmal\u0131. Vakalar\u0131 h\u0131zl\u0131 tespit g\u00fcc\u00fcm\u00fcz s\u00f6z konusu. Bu tespitlerle vir\u00fcs ta\u015f\u0131yan hastalar\u0131 izole ediyoruz. G\u00fcnde tarad\u0131\u011f\u0131m\u0131z hastalar\u0131n say\u0131s\u0131 10 bine vard\u0131. Yani, bu s\u00fcre\u00e7te toplam takibini yapt\u0131\u011f\u0131m\u0131z pozitif vakalar\u0131 tarad\u0131\u011f\u0131m\u0131zda da 47 bin 156 ki\u015fi oldu. Tarama son derece \u00f6nemli. Bu d\u00f6nemde pozitif ya da \u015f\u00fcpheli g\u00f6r\u00fclen vakan\u0131n kimlerle temas etti\u011fini bilmek ve o ki\u015fileri \u00f6zellikle izole etmek bu m\u00fccadelede \u00f6nemli bir unsur\u201d dedi.\u00a0<\/p>\n<p>&#8220;Bir hastan\u0131n vir\u00fcs\u00fc bula\u015ft\u0131rd\u0131\u011f\u0131 ki\u015fi say\u0131s\u0131 en az 30&#8221;\u00a0<br \/>\nBakan Koca, 1 hastan\u0131n tarama sonucunu da g\u00f6stererek hastal\u0131\u011f\u0131n bula\u015fma s\u00fcrecindeki h\u0131za dikkat \u00e7ekerek, \u201cOrtada g\u00f6r\u00fclen bir hastan\u0131n vir\u00fcs\u00fc bula\u015ft\u0131rd\u0131\u011f\u0131 ki\u015fi say\u0131s\u0131 en az 30. Bu herhangi bir tablo de\u011fil. Bu isimleri belli olan bir tablo. Vir\u00fcs \u00e7ok kolay yay\u0131l\u0131yor. Herkesin kendini \u015f\u00fcpheli g\u00f6r\u00fcp, kendini izole etmesi gerekiyor. Bula\u015ft\u0131ran ki\u015fi ise hayatta hastaneye yatmam\u0131\u015f biri. 3 ki\u015finin de hayat\u0131n\u0131 kaybetmesine 12 ki\u015finin de pozitif sonu\u00e7 vermesine sebep oldu\u011funu g\u00f6r\u00fcyoruz. Vir\u00fcs kolay bula\u015f\u0131yor. Ba\u015fka hastal\u0131klarda g\u00f6rmedi\u011fimiz bir h\u0131zda ilerliyor. Biz daha \u00f6nce bunu b\u00f6yle bilmiyorduk. \u0130zolasyon ve hareketsizli\u011fin son derece \u00f6nemli oldu\u011funun alt\u0131n\u0131 tekrar \u00e7izmek istiyorum. Bu vir\u00fcs b\u00fct\u00fcn d\u00fcnyaya yay\u0131l\u0131m\u0131n\u0131 3 ayda yapt\u0131. Bunu ne kadar kolay bula\u015ft\u0131\u011f\u0131na \u00f6rnek olsun diye s\u00f6yl\u00fcyorum\u201d diye konu\u015ftu.\u00a0<\/p>\n<p>&#8220;\u00d6nemli olan hayat\u0131n\u0131 kaybeden vatanda\u015f\u0131m\u0131z\u0131n say\u0131s\u0131n\u0131 azaltabilmek&#8221;\u00a0<br \/>\nSalg\u0131ndan dolay\u0131 hayat\u0131n\u0131 kaybeden ki\u015fi say\u0131s\u0131n\u0131n m\u00fcmk\u00fcn oldu\u011funca aza indirmek i\u00e7in sa\u011fl\u0131k personelinin t\u00fcm gayreti g\u00f6sterdi\u011fini s\u00f6yleyen Bakan Koca, \u201cHer hastaya test yap\u0131lmak diye yanl\u0131\u015f bir alg\u0131 var. Japonya\u2019da yap\u0131lan test say\u0131s\u0131 34 bin. Bizim test say\u0131m\u0131z 100 bini ge\u00e7ti. G\u00fcnl\u00fck test kapasitemiz 15 bini buldu. \u015eu an 71 merkezde \u00e7al\u0131\u015f\u0131l\u0131yor. 89 merkeze de \u00e7\u0131kma gibi planlar\u0131m\u0131z var. \u00c7in\u2019den getirdi\u011fimiz kitler de devreye girdi. Bizim kit sorunundan \u00f6te bunu \u00e7al\u0131\u015facak ortam\u0131m\u0131z \u00f6nemli. Biz hem merkez say\u0131m\u0131z\u0131 artt\u0131r\u0131yoruz hem de bunu \u00e7al\u0131\u015fabilecek t\u00fcm merkezlere izin veriyoruz. Ge\u00e7en hafta 10 binlere gelece\u011fimizi s\u00f6ylemi\u015ftim, \u015fimdi 15 bini bulduk. Haftaya 20-25 bin aral\u0131\u011f\u0131na \u00e7\u0131kaca\u011f\u0131m\u0131z\u0131 d\u00fc\u015f\u00fcn\u00fcyorum, \u00f6n\u00fcm\u00fczdeki 1 hafta 10 g\u00fcn i\u00e7inde de 30 binli rakamlar\u0131 g\u00f6rebilece\u011fimizi s\u00f6yl\u00fcyorum. \u00d6nemli olan hayat\u0131n\u0131 kaybeden vatanda\u015f\u0131m\u0131z\u0131n say\u0131s\u0131n\u0131 azaltabilmek. Bunun i\u00e7in testi daha \u00e7ok hastal\u0131k bulgusu olan ve \u015f\u00fcpheli olan ki\u015filere yapmak istiyoruz. Hasta de\u011filse herkese bu testin yap\u0131lmas\u0131, ki\u015finin kendisini negatif olarak d\u00fc\u015f\u00fcnd\u00fc\u011f\u00fc i\u00e7in daha \u00f6zg\u00fcr ve rahat hareket etmesine sebep olur. 3-5 g\u00fcn sonra da bu test pozitif \u00e7\u0131karsa bir\u00e7ok ki\u015fiye bula\u015ft\u0131rabilir. Bu d\u00f6nemde herkes kendisini pozitifmi\u015f gibi d\u00fc\u015f\u00fcnerek izole etsin\u201d ifadelerini kulland\u0131.\u00a0<\/p>\n<p>&#8220;\u0130stanbul\u2019daki vaka say\u0131s\u0131 8 bin 852&#8221;\u00a0<br \/>\nBug\u00fcn\u00fcn istatistikleri hari\u00e7 toplam vaka say\u0131s\u0131n\u0131 g\u00f6steren Bakan Koca, Bilim Kurulu toplant\u0131lar\u0131nda bir ilk olarak il d\u00fczeyinde istatistikleri de a\u00e7\u0131klad\u0131. Koca, \u201cSay\u0131lar\u0131m\u0131z art\u0131yor ama vakalar\u0131m\u0131z i\u00e7indeki \u00f6l\u00fc say\u0131m\u0131z y\u00fczde 1,58. Bu anlamda bir\u00e7ok \u00fclkeden a\u015fa\u011f\u0131da oldu\u011fumuzu ve bunu daha da a\u015fa\u011f\u0131 \u00e7ekersek son derece \u00f6nemli. D\u00fc\u015f\u00fck olan \u00fclkelerinde giderek say\u0131lar\u0131n\u0131n artt\u0131\u011f\u0131n\u0131 biliyoruz. Hedefimiz hayat\u0131n\u0131 kaybeden vatanda\u015flar\u0131n say\u0131s\u0131n\u0131 azaltmak. Bug\u00fcne kadar illerdeki da\u011f\u0131l\u0131m\u0131 g\u00f6stermemi\u015ftim. D\u00fcn itibariyle b\u00fct\u00fcn illerimizde bu vakan\u0131n g\u00f6r\u00fcld\u00fc\u011f\u00fcn\u00fc biliyoruz. En \u00e7ok vaka \u0130stanbul\u2019da. \u0130stanbul\u2019daki vaka say\u0131s\u0131 8 bin 852 y\u00fczde 60\u2019lara yak\u0131n. \u0130zmir ikinci s\u0131rada 853 vaka. 712 vakayla Ankara 3\u2019\u00fcnc\u00fc s\u0131rada, 584 vakayla Konya, 410 vakayla Kocaeli takip ediyor. \u0130llere g\u00f6re hayat\u0131n\u0131 kaybeden vatanda\u015flar\u0131n da\u011f\u0131l\u0131m\u0131 ise; toplam 39 ilimizde can kayb\u0131m\u0131z var. A\u011f\u0131rl\u0131kl\u0131 olarak; \u0130stanbul, \u0130zmir, Kocaeli, Ankara, Konya, Zonguldak, Trabzon, Bal\u0131kesir, Adana ve Sakarya \u015feklinde s\u0131ralan\u0131yor\u201d dedi.\u00a0<\/p>\n<p>&#8220;60 ya\u015f \u00fcst\u00fc ve kronik hastal\u0131\u011f\u0131 olan vatanda\u015flar\u0131m\u0131z\u0131n asla evlerinden \u00e7\u0131kmamalar\u0131, kendilerini izole etmeleri gerekiyor&#8221;\u00a0<br \/>\nHer ya\u015ftan insan\u0131n vir\u00fcse yakalanma ihtimali \u00fczerinde duran Bakan Koca, \u00f6zellikle 60 ya\u015f ve kronik hastal\u0131\u011f\u0131 bulunan vatanda\u015flar\u0131n evlerinden \u00e7\u0131kmamas\u0131n\u0131 vurgulayarak, \u201cHayat\u0131n\u0131 kaybeden ki\u015filerin y\u00fczde 80\u2019i 60 ya\u015f \u00fcst\u00fc. Yo\u011fun bak\u0131mda olanlar\u0131n y\u00fczde 75\u2019i 60 ya\u015f\u0131n \u00fczerinde. Altta kronik hastal\u0131\u011f\u0131 olan hasta grubunda, hayat\u0131n\u0131 kaybeden vatanda\u015flar\u0131m\u0131z\u0131n y\u00fczde 69\u2019u tansiyon hastas\u0131. Yo\u011fun bak\u0131mda olanlar\u0131n y\u00fczde 63,3\u2019\u00fcn\u00fcn tansiyon hastas\u0131 oldu\u011funu g\u00f6r\u00fcyoruz. \u00d6zellikle hayat\u0131n\u0131 kaybedenlerin y\u00fczde 80\u2019i 60 ya\u015f\u0131n \u00fcst\u00fc. Bu nedenle kronik hastal\u0131\u011f\u0131 olan ve 60 ya\u015f \u00fcst\u00fc olan her vatanda\u015f\u0131m\u0131z\u0131n daha riskli oldu\u011funu g\u00f6r\u00fcyoruz. Bu nedenle, 60 ya\u015f \u00fcst\u00fc ve kronik hastal\u0131\u011f\u0131 olan vatanda\u015flar\u0131m\u0131z\u0131n asla evlerinden \u00e7\u0131kmamalar\u0131, kendilerini izole etmeleri gerekiyor\u201d ifadelerini kulland\u0131.\u00a0<br \/>\nSon olarak Bakan Koca,\u201c Hastal\u0131\u011f\u0131n yay\u0131lmas\u0131n\u0131 ve can kay\u0131plar\u0131n\u0131 \u00f6nlemenin yolu tedbirdir. Kendimizi izole edelim, yuvam\u0131z g\u00fcc\u00fcm\u00fcz olmal\u0131. D\u0131\u015far\u0131 \u00e7\u0131kmayal\u0131m vir\u00fcse f\u0131rsat tan\u0131mayal\u0131m\u201d \u015feklinde konu\u015ftu.\u00a0<\/p>\n","protected":false},"excerpt":{"rendered":"<p>Sa\u011fl\u0131k Bakan\u0131 Fahrettin Koca, \u201cD\u00fcn itibariyle b\u00fct\u00fcn illerimizde bu vakan\u0131n g\u00f6r\u00fcld\u00fc\u011f\u00fcn\u00fc biliyoruz. En \u00e7ok vaka \u0130stanbul\u2019da. \u0130stanbul\u2019daki vaka say\u0131s\u0131 8 bin 852 y\u00fczde 60\u2019lara yak\u0131n. \u0130zmir ikinci s\u0131rada 853 vaka. &hellip; <a href=\"https:\/\/mersinekonomipolitikagazetesi.com\/?p=6395\" class=\"more-link\">Devam\u0131n\u0131 Oku&#8230;<\/a><\/p>\n","protected":false},"author":1,"featured_media":0,"comment_status":"open","ping_status":"open","sticky":false,"template":"","format":"standard","meta":[],"categories":[],"tags":[],"_links":{"self":[{"href":"https:\/\/mersinekonomipolitikagazetesi.com\/index.php?rest_route=\/wp\/v2\/posts\/6395"}],"collection":[{"href":"https:\/\/mersinekonomipolitikagazetesi.com\/index.php?rest_route=\/wp\/v2\/posts"}],"about":[{"href":"https:\/\/mersinekonomipolitikagazetesi.com\/index.php?rest_route=\/wp\/v2\/types\/post"}],"author":[{"embeddable":true,"href":"https:\/\/mersinekonomipolitikagazetesi.com\/index.php?rest_route=\/wp\/v2\/users\/1"}],"replies":[{"embeddable":true,"href":"https:\/\/mersinekonomipolitikagazetesi.com\/index.php?rest_route=%2Fwp%2Fv2%2Fcomments&post=6395"}],"version-history":[{"count":0,"href":"https:\/\/mersinekonomipolitikagazetesi.com\/index.php?rest_route=\/wp\/v2\/posts\/6395\/revisions"}],"wp:attachment":[{"href":"https:\/\/mersinekonomipolitikagazetesi.com\/index.php?rest_route=%2Fwp%2Fv2%2Fmedia&parent=6395"}],"wp:term":[{"taxonomy":"category","embeddable":true,"href":"https:\/\/mersinekonomipolitikagazetesi.com\/index.php?rest_route=%2Fwp%2Fv2%2Fcategories&post=6395"},{"taxonomy":"post_tag","embeddable":true,"href":"https:\/\/mersinekonomipolitikagazetesi.com\/index.php?rest_route=%2Fwp%2Fv2%2Ftags&post=6395"}],"curies":[{"name":"wp","href":"https:\/\/api.w.org\/{rel}","templated":true}]}}