{"id":6397,"date":"2020-11-04T18:26:54","date_gmt":"2020-11-04T15:26:54","guid":{"rendered":"http:\/\/mersinekonomipolitikagazetesi.com\/?p=6397"},"modified":"2020-11-04T18:26:54","modified_gmt":"2020-11-04T15:26:54","slug":"olen-yakini-icin-planladigi-cenaze-yemegi-parasini-belediyeye-bagisladi","status":"publish","type":"post","link":"https:\/\/mersinekonomipolitikagazetesi.com\/?p=6397","title":{"rendered":"\u00d6len yak\u0131n\u0131 i\u00e7in planlad\u0131\u011f\u0131 cenaze yeme\u011fi paras\u0131n\u0131 belediyeye ba\u011f\u0131\u015flad\u0131"},"content":{"rendered":"<p><span style=\"line-height: 1.6em;\">\u00a0Mersin&#8217;de 78 ya\u015f\u0131ndaki bir \u015fahs\u0131n, gen\u00e7 ya\u015fta hayat\u0131n\u0131 kaybeden bir yak\u0131n\u0131n\u0131n 40. g\u00fcn\u00fc nedeniyle d\u00fczenleyecekleri mevlit ve yemek i\u00e7in planlad\u0131\u011f\u0131 5 bin liray\u0131, korona vir\u00fcs nedeniyle zarar g\u00f6ren ihtiya\u00e7 sahiplerine destek olunmas\u0131 \u015fart\u0131yla Mezitli Belediyesi\u2019ne ba\u011f\u0131\u015flad\u0131\u011f\u0131 bildirildi.\u00a0<\/span><\/p>\n<p>Belediyeden yap\u0131lan a\u00e7\u0131klamaya g\u00f6re, Hesap \u0130\u015fleri M\u00fcd\u00fcrl\u00fc\u011f\u00fc ve Ya\u015fl\u0131 Bak\u0131m Birimi g\u00f6revlileri, il\u00e7ede ya\u015fayan ve ba\u011f\u0131\u015f yapma iste\u011fini bildiren Fatma F\u00fcsun G\u00f6le&#8217;nin adresine giderek, ba\u011f\u0131\u015f makbuzu kar\u015f\u0131l\u0131\u011f\u0131nda paray\u0131 teslim ald\u0131. Yard\u0131mlar\u0131n yerine ula\u015faca\u011f\u0131ndan ku\u015fkular\u0131n\u0131n olmad\u0131\u011f\u0131n\u0131 dile getiren G\u00f6le, bu anlamda g\u00fcvendikleri kuruma paray\u0131 ba\u011f\u0131\u015flamaya karar verdiklerini belirtti.\u00a0<br \/>\n40 g\u00fcn \u00f6nce ac\u0131 olay sonu bir yak\u0131nlar\u0131n\u0131 kaybettiklerini belirten G\u00f6le, \u201cBu ac\u0131m\u0131z\u0131n 40. g\u00fcn\u00fcnde onun ruhu i\u00e7in anlaml\u0131 gelebilecek bir \u015fey yapmak istedik. Daha sonra yapt\u0131\u011f\u0131m\u0131z ara\u015ft\u0131rmalarda her zaman yan\u0131m\u0131zda olan ve yapt\u0131\u011f\u0131 sosyal projelerle g\u00f6nl\u00fcm\u00fcz\u00fc kazanan Mezitli Belediyemize bu paray\u0131 ba\u011f\u0131\u015flayabilece\u011fimizi \u00f6\u011frendik. Biliyorum ki, ancak belediyemiz arac\u0131l\u0131\u011f\u0131 ile bu para ger\u00e7ekten ihtiya\u00e7 sahiplerine ula\u015facakt\u0131r. Belediye yetkililerle ileti\u015fime ge\u00e7erek yak\u0131n\u0131m\u0131z\u0131n mevlit ve 40 yeme\u011fi i\u00e7in ay\u0131rd\u0131\u011f\u0131m\u0131z paray\u0131 ihtiya\u00e7 sahipleri i\u00e7in kullan\u0131lmas\u0131 \u015fart\u0131yla ba\u011f\u0131\u015flayabilece\u011fimizi bildirdik. \u00c7ok olumlu bir yakla\u015f\u0131m oldu. Hatta kaybetti\u011fimiz yak\u0131n\u0131m\u0131z\u0131n ruhu i\u00e7in dua okunmas\u0131 amac\u0131yla bir imam g\u00f6revlendirebileceklerini de ifade ettiler. \u00c7ok memnun olduk. \u00d6zellikle bu vir\u00fcs nedeniyle bir araya gelemiyoruz. Evlerde toplanam\u0131yoruz. T\u00fcm insanlar\u0131n ac\u0131lar\u0131n\u0131 ancak bu \u015fekilde hafifletebileceklerini d\u00fc\u015f\u00fcn\u00fcyorum&#8221; dedi.\u00a0<br \/>\nFatma F\u00fcsun G\u00f6le ve e\u015finin duyarl\u0131l\u0131\u011f\u0131n\u0131n takdire \u015fayan oldu\u011funu ifade eden Mezitli Belediye Ba\u015fkan\u0131 Ne\u015fet Tarhan, \u201cAc\u0131 bir olay sonras\u0131 vefat\u0131n\u0131n 40. g\u00fcn\u00fc nedeniyle vermek istedikleri yemek, vir\u00fcs\u00fcn etkilerinin artt\u0131\u011f\u0131 \u015fu g\u00fcnlerde son derece tehlikeli bir durum olu\u015fturacakt\u0131. Bu durumu da d\u00fc\u015f\u00fcnen Fatma F\u00fcsun G\u00f6le, belediyemize ula\u015farak, paran\u0131n ihtiya\u00e7 sahipleri i\u00e7in harcanmas\u0131 maksad\u0131yla ba\u011f\u0131\u015flamak istediklerini s\u00f6yledi. Biz de bu duyarl\u0131 ve son derece anlaml\u0131 yakla\u015f\u0131m\u0131 nedeniyle kendilerine te\u015fekk\u00fcr ederek paray\u0131 bizzat gidip evinden makbuz kar\u015f\u0131l\u0131\u011f\u0131 teslim ald\u0131k. En k\u0131sa s\u00fcrede bu para ihtiya\u00e7 sahiplerine ula\u015ft\u0131r\u0131larak daha sonra kendilerine gereken bilgi verilecektir\u201d ifadelerini kulland\u0131.\u00a0<br \/>\nG\u00f6le\u2019nin en g\u00fcvenilir kurum olarak kendilerini g\u00f6rmesinin de son derece gurur verici oldu\u011funun alt\u0131n\u0131 \u00e7izen Tarhan, \u201cKe\u015fke G\u00f6le ve ailesi bu ac\u0131 olay\u0131 ya\u015famasayd\u0131. Ancak bu ac\u0131 tablo kar\u015f\u0131s\u0131nda bile, bu kadar \u00f6nemli bir karar almalar\u0131 ve en g\u00fcvenilir kurum olarak bizi g\u00f6r\u00fcp, bizim taraf\u0131m\u0131zdan ula\u015ft\u0131r\u0131lmas\u0131n\u0131 istemeleri son derece anlaml\u0131. Vatanda\u015flar\u0131m\u0131z\u0131n belediyemize g\u00f6sterdi\u011fi g\u00fcvene te\u015fekk\u00fcr ediyor ve bunun verdi\u011fi gururu payla\u015f\u0131yoruz&#8221; diye konu\u015ftu.\u00a0<\/p>\n","protected":false},"excerpt":{"rendered":"<p>\u00a0Mersin&#8217;de 78 ya\u015f\u0131ndaki bir \u015fahs\u0131n, gen\u00e7 ya\u015fta hayat\u0131n\u0131 kaybeden bir yak\u0131n\u0131n\u0131n 40. g\u00fcn\u00fc nedeniyle d\u00fczenleyecekleri mevlit ve yemek i\u00e7in planlad\u0131\u011f\u0131 5 bin liray\u0131, korona vir\u00fcs nedeniyle zarar g\u00f6ren ihtiya\u00e7 sahiplerine &hellip; <a href=\"https:\/\/mersinekonomipolitikagazetesi.com\/?p=6397\" class=\"more-link\">Devam\u0131n\u0131 Oku&#8230;<\/a><\/p>\n","protected":false},"author":1,"featured_media":0,"comment_status":"open","ping_status":"open","sticky":false,"template":"","format":"standard","meta":[],"categories":[],"tags":[],"_links":{"self":[{"href":"https:\/\/mersinekonomipolitikagazetesi.com\/index.php?rest_route=\/wp\/v2\/posts\/6397"}],"collection":[{"href":"https:\/\/mersinekonomipolitikagazetesi.com\/index.php?rest_route=\/wp\/v2\/posts"}],"about":[{"href":"https:\/\/mersinekonomipolitikagazetesi.com\/index.php?rest_route=\/wp\/v2\/types\/post"}],"author":[{"embeddable":true,"href":"https:\/\/mersinekonomipolitikagazetesi.com\/index.php?rest_route=\/wp\/v2\/users\/1"}],"replies":[{"embeddable":true,"href":"https:\/\/mersinekonomipolitikagazetesi.com\/index.php?rest_route=%2Fwp%2Fv2%2Fcomments&post=6397"}],"version-history":[{"count":0,"href":"https:\/\/mersinekonomipolitikagazetesi.com\/index.php?rest_route=\/wp\/v2\/posts\/6397\/revisions"}],"wp:attachment":[{"href":"https:\/\/mersinekonomipolitikagazetesi.com\/index.php?rest_route=%2Fwp%2Fv2%2Fmedia&parent=6397"}],"wp:term":[{"taxonomy":"category","embeddable":true,"href":"https:\/\/mersinekonomipolitikagazetesi.com\/index.php?rest_route=%2Fwp%2Fv2%2Fcategories&post=6397"},{"taxonomy":"post_tag","embeddable":true,"href":"https:\/\/mersinekonomipolitikagazetesi.com\/index.php?rest_route=%2Fwp%2Fv2%2Ftags&post=6397"}],"curies":[{"name":"wp","href":"https:\/\/api.w.org\/{rel}","templated":true}]}}