{"id":6399,"date":"2020-11-04T18:26:54","date_gmt":"2020-11-04T15:26:54","guid":{"rendered":"http:\/\/mersinekonomipolitikagazetesi.com\/?p=6399"},"modified":"2020-11-04T18:26:54","modified_gmt":"2020-11-04T15:26:54","slug":"akdeniz-ilcesinde-korona-virus-ile-mucadele-kararlilikla-suruyor","status":"publish","type":"post","link":"https:\/\/mersinekonomipolitikagazetesi.com\/?p=6399","title":{"rendered":"Akdeniz il\u00e7esinde korona vir\u00fcs ile m\u00fccadele kararl\u0131l\u0131kla s\u00fcr\u00fcyor"},"content":{"rendered":"<p><span style=\"line-height: 1.6em;\">\u00a0Akdeniz Belediyesi, korona vir\u00fcs salg\u0131n\u0131 ile m\u00fccadele \u00e7al\u0131\u015fmalar\u0131 kapsam\u0131nda, ila\u00e7lama-dezenfekte hizmetine il\u00e7e genelinde, \u00f6zellikle de vatanda\u015flar\u0131n ortak kullan\u0131m alanlar\u0131nda aral\u0131ks\u0131z \u015fekilde devam ediyor.\u00a0<\/span><\/p>\n<p>Bug\u00fcne dek y\u00fczlerce kamu kurumu, okul, cami, kilise, eczane, emniyet m\u00fcd\u00fcrl\u00fc\u011f\u00fc binalar\u0131, liman, serbest b\u00f6lge, sanayi ve oto siteleri, sa\u011fl\u0131k ocaklar\u0131, apartmanlar, al\u0131\u015fveri\u015f merkezleri ve semt pazarlar\u0131, fabrika, tesis, depo ve antrepolarda korona vir\u00fcs salg\u0131n\u0131na kar\u015f\u0131 ila\u00e7lama yapan mobil ekipler, Karaduvar Liman\u0131 ile bal\u0131k\u00e7\u0131 bar\u0131na\u011f\u0131na demirleyen gemi, tekne ve kay\u0131klar\u0131n yan\u0131 s\u0131ra bal\u0131k a\u011flar\u0131n\u0131 da dezenfekte etti.\u00a0<br \/>\nAkdeniz\u2019de her yer dezenfekte ediliyor\u00a0<br \/>\nSa\u011fl\u0131k kurumlar\u0131na y\u00f6nelik dezenfekte \u00e7al\u0131\u015fmalar\u0131na da devam eden ekipler, son olarak Toros Devlet Hastanesi\u2019nde ortak kullan\u0131m alanlar\u0131n\u0131 ila\u00e7lay\u0131p ar\u0131nd\u0131rd\u0131. Merkez-k\u0131rsal ay\u0131r\u0131m\u0131 yapmadan t\u00fcm mahallelere \u00e7\u0131karma yapan ekipler, g\u00fcn i\u00e7erisinde ayr\u0131ca Kuvvay\u0131 Milliye Caddesi \u00fczerinde bulunan i\u015fyerleri ve kald\u0131r\u0131mlar ile Kazanl\u0131, Mahmudiye, M\u00fcfide \u0130lhan ve Nusratiye mahallelerinde salg\u0131na kar\u015f\u0131 ila\u00e7lama yapt\u0131.\u00a0<br \/>\nK\u0131rsal mahallelerde cadde ve sokaklar ila\u00e7land\u0131\u00a0<br \/>\nAkdeniz Belediyesi\u2019nin salg\u0131nla m\u00fccadele ama\u00e7l\u0131 olu\u015fturdu\u011fu mobil ila\u00e7lama ekipleri, dezenfektan s\u0131v\u0131 doldurulmu\u015f araz\u00f6zler yard\u0131m\u0131yla ayr\u0131ca Akdam, Ba\u011flarba\u015f\u0131, Ba\u011fc\u0131lar \u0130hsaniye, Evci, Esenli, Sar\u0131ibrahimli, Nacarl\u0131, Hebilli ve Camili mahallelerinin cadde, sokak ve meydanlar\u0131nda da dezenfekte \u00e7al\u0131\u015fmas\u0131 yapt\u0131. K\u0131rsal mahallelerde b\u00fct\u00fcn g\u00fcn \u00e7al\u0131\u015fmalar\u0131n\u0131 s\u00fcrd\u00fcren mobil ekipler, \u00e7\u00f6p konteyn\u0131rlar\u0131n\u0131n dezenfeksiyonunu da ger\u00e7ekle\u015ftirdi.\u00a0<br \/>\nYa\u015fl\u0131lar\u0131n maa\u015f\u0131 \u00e7ekiliyor, ihtiya\u00e7lar\u0131 evlerine teslim ediliyor\u00a0<br \/>\nAkdeniz Belediyesi, korona vir\u00fcs salg\u0131n\u0131 ile m\u00fccadele kapsam\u0131nda, \u0130\u00e7i\u015fleri Bakanl\u0131\u011f\u0131 genelgesiyle evden d\u0131\u015far\u0131 \u00e7\u0131kmalar\u0131 s\u0131n\u0131rland\u0131r\u0131lan 65 ya\u015f ve \u00fcst\u00fc vatanda\u015flar ile kronik hastal\u0131\u011f\u0131 olan insanlar\u0131n yard\u0131m\u0131na da ko\u015fmaya, onlara destek olmaya devam ediyor. Akdeniz Belediye Ba\u015fkan\u0131 Mustafa G\u00fcltak\u2019\u0131n talimat\u0131 do\u011frultusunda zab\u0131ta ekipleri, gelen t\u00fcm taleplere yeti\u015fmek i\u00e7in saat ve mesai fark\u0131 g\u00f6zetmeksizin g\u00f6rev al\u0131yor, ya\u015fl\u0131, engelli ve kronik hastal\u0131\u011f\u0131 olan vatanda\u015flar\u0131n maa\u015flar\u0131n\u0131 \u00e7ekerek onlara teslim ediyor. Akdeniz Vefa Sosyal Destek Grubu bile\u015feni olar zab\u0131ta ekipleri, evden \u00e7\u0131kmas\u0131 s\u0131n\u0131rland\u0131r\u0131lan vatanda\u015flar\u0131n talep etti\u011fi g\u0131da \u00fcr\u00fcnleri ile temel ihtiya\u00e7 malzemelerini de sat\u0131n alarak evlerine teslim ediyor.\u00a0<\/p>\n","protected":false},"excerpt":{"rendered":"<p>\u00a0Akdeniz Belediyesi, korona vir\u00fcs salg\u0131n\u0131 ile m\u00fccadele \u00e7al\u0131\u015fmalar\u0131 kapsam\u0131nda, ila\u00e7lama-dezenfekte hizmetine il\u00e7e genelinde, \u00f6zellikle de vatanda\u015flar\u0131n ortak kullan\u0131m alanlar\u0131nda aral\u0131ks\u0131z \u015fekilde devam ediyor.\u00a0 Bug\u00fcne dek y\u00fczlerce kamu kurumu, okul, cami, &hellip; <a href=\"https:\/\/mersinekonomipolitikagazetesi.com\/?p=6399\" class=\"more-link\">Devam\u0131n\u0131 Oku&#8230;<\/a><\/p>\n","protected":false},"author":1,"featured_media":0,"comment_status":"open","ping_status":"open","sticky":false,"template":"","format":"standard","meta":[],"categories":[],"tags":[],"_links":{"self":[{"href":"https:\/\/mersinekonomipolitikagazetesi.com\/index.php?rest_route=\/wp\/v2\/posts\/6399"}],"collection":[{"href":"https:\/\/mersinekonomipolitikagazetesi.com\/index.php?rest_route=\/wp\/v2\/posts"}],"about":[{"href":"https:\/\/mersinekonomipolitikagazetesi.com\/index.php?rest_route=\/wp\/v2\/types\/post"}],"author":[{"embeddable":true,"href":"https:\/\/mersinekonomipolitikagazetesi.com\/index.php?rest_route=\/wp\/v2\/users\/1"}],"replies":[{"embeddable":true,"href":"https:\/\/mersinekonomipolitikagazetesi.com\/index.php?rest_route=%2Fwp%2Fv2%2Fcomments&post=6399"}],"version-history":[{"count":0,"href":"https:\/\/mersinekonomipolitikagazetesi.com\/index.php?rest_route=\/wp\/v2\/posts\/6399\/revisions"}],"wp:attachment":[{"href":"https:\/\/mersinekonomipolitikagazetesi.com\/index.php?rest_route=%2Fwp%2Fv2%2Fmedia&parent=6399"}],"wp:term":[{"taxonomy":"category","embeddable":true,"href":"https:\/\/mersinekonomipolitikagazetesi.com\/index.php?rest_route=%2Fwp%2Fv2%2Fcategories&post=6399"},{"taxonomy":"post_tag","embeddable":true,"href":"https:\/\/mersinekonomipolitikagazetesi.com\/index.php?rest_route=%2Fwp%2Fv2%2Ftags&post=6399"}],"curies":[{"name":"wp","href":"https:\/\/api.w.org\/{rel}","templated":true}]}}