{"id":6400,"date":"2020-11-04T18:26:54","date_gmt":"2020-11-04T15:26:54","guid":{"rendered":"http:\/\/mersinekonomipolitikagazetesi.com\/?p=6400"},"modified":"2020-11-04T18:26:54","modified_gmt":"2020-11-04T15:26:54","slug":"mersinde-800-tarim-iscisinin-ates-olcumu-ve-genel-saglik-taramasi-yapildi","status":"publish","type":"post","link":"https:\/\/mersinekonomipolitikagazetesi.com\/?p=6400","title":{"rendered":"Mersin&#8217;de 800 tar\u0131m i\u015f\u00e7isinin ate\u015f \u00f6l\u00e7\u00fcm\u00fc ve genel sa\u011fl\u0131k taramas\u0131 yap\u0131ld\u0131"},"content":{"rendered":"<p><span style=\"line-height: 1.6em;\">\u00a0Mersin B\u00fcy\u00fck\u015fehir Belediyesi, korona vir\u00fcs (Kovid-19) salg\u0131n\u0131 s\u00fcrecinde hem tar\u0131msal \u00fcretim s\u00fcreklili\u011finin sa\u011flanmas\u0131 hem de tar\u0131m i\u015f\u00e7ilerinin bu s\u00fcreci herhangi bir olumsuzluk ya\u015famadan atlatabilmesi amac\u0131yla tar\u0131msal \u00fcretim yap\u0131lan b\u00f6lgelerde \u00e7al\u0131\u015fmalar\u0131n\u0131 s\u00fcrd\u00fcr\u00fcyor.\u00a0<\/span><\/p>\n<p>Tar\u0131m\u0131n ba\u015fkenti niteli\u011findeki Mersin\u2019de ekim ve dikim zaman\u0131n\u0131n geldi\u011fi zorlu s\u00fcre\u00e7te, Akdeniz il\u00e7esi Adanal\u0131o\u011flu, Limonlu ve Akdeniz mahallerinde \u00e7ad\u0131rlarda ya\u015fayan 120 aileye, toplamda ise yakla\u015f\u0131k 800 mevsimlik tar\u0131m i\u015f\u00e7isine ula\u015fan B\u00fcy\u00fck\u015fehir Belediyesi ekipleri, i\u015f\u00e7ilere ve ailelerine ate\u015f \u00f6l\u00e7\u00fcm\u00fc ile genel sa\u011fl\u0131k taramas\u0131 yapt\u0131. Ailelere sa\u011fl\u0131k paketi, \u00e7ocuklar\u0131na ise s\u00fct da\u011f\u0131t\u0131m\u0131 yapan B\u00fcy\u00fck\u015fehir Belediyesi, bu s\u00fcre\u00e7te kentin tamam\u0131ndaki tar\u0131m i\u015f\u00e7ilerine d\u00fczenli olarak ula\u015fmay\u0131 planl\u0131yor.\u00a0<br \/>\nSalg\u0131n\u0131n\u0131n T\u00fcrkiye\u2019de de etkisini her ge\u00e7en g\u00fcn art\u0131rmaya ba\u015flad\u0131\u011f\u0131 zorlu s\u00fcre\u00e7, etkisini \u00fcretim alan\u0131na da yans\u0131tt\u0131. Tedbir amac\u0131yla insan g\u00fcc\u00fcnde k\u0131s\u0131tlamaya, esnek \u00e7al\u0131\u015fma veya vardiyal\u0131 sisteme giden kimi i\u015fletmelerin \u00fcretim kapasitelerinde de d\u00fc\u015f\u00fc\u015fler meydana geldi. Mersin B\u00fcy\u00fck\u015fehir Belediyesi, insanlar\u0131n \u00f6zellikle bu s\u00fcre\u00e7te daha fazla ihtiya\u00e7 duyduklar\u0131 temel g\u0131dalar\u0131n \u00fcretiminde s\u00fcreklili\u011fin sa\u011flanmas\u0131 amac\u0131yla tar\u0131msal \u00fcretim alanlar\u0131na y\u00f6neldi. B\u00fcy\u00fck\u015fehir Belediyesi Tar\u0131msal ve Veteriner Hizmetleri Dairesi Ba\u015fkan\u0131 Salim Serdar G\u00f6k\u00e7ek, ya\u015fanan zorlu s\u00fcre\u00e7te al\u0131nan \u00f6nlemler i\u00e7erisinde B\u00fcy\u00fck\u015fehir Belediye Ba\u015fkan\u0131 Vahap Se\u00e7er\u2019in tar\u0131msal \u00fcretim konusundaki hassasiyetleri noktas\u0131nda da \u00e7al\u0131\u015fmalar\u0131n\u0131 s\u00fcrd\u00fcrd\u00fcklerini belirtti. Korona vir\u00fcs s\u00fcrecinde bir\u00e7ok ihtiya\u00e7tan vazge\u00e7ilebilirken, g\u0131dadan vazge\u00e7menin m\u00fcmk\u00fcn olmad\u0131\u011f\u0131n\u0131 ifade eden G\u00f6k\u00e7ek, bu noktada \u00e7ift\u00e7inin sa\u011fl\u0131kl\u0131, g\u00fcvenli ve kaliteli \u00fcretim yapmay\u0131 s\u00fcrd\u00fcrmesini sa\u011flamay\u0131 ama\u00e7lad\u0131klar\u0131n\u0131 vurgulad\u0131. G\u00f6k\u00e7ek, &#8220;Mersin, tar\u0131m\u0131n ba\u015fkenti. Bunun bilincinde olan Mersin B\u00fcy\u00fck\u015fehir Belediye Ba\u015fkan\u0131m\u0131z Vahap Se\u00e7er\u2019in y\u00f6nlendirmeleriyle b\u00f6lgemizde tar\u0131mda aktif bir rol oynayan mevsimlik tar\u0131m i\u015f\u00e7ilerinin sa\u011fl\u0131klar\u0131 da bizim i\u00e7in \u00e7ok \u00f6nemli. Biz \u00fclke olarak \u00fcretmek zorunday\u0131z. Neticede bug\u00fcn T\u00fcrkiye\u2019de ya\u015fad\u0131\u011f\u0131m\u0131z bu ortamda insanlar\u0131m\u0131z\u0131n g\u0131da bulabilmesi a\u00e7\u0131s\u0131ndan tar\u0131msal \u00fcretim son derece \u00f6nem arz ediyor. Sezon tam ekim-dikim zaman\u0131. Fidelerimizin de daha sa\u011fl\u0131kl\u0131 ortamda yeti\u015febilmesi a\u00e7\u0131s\u0131ndan fidelerde \u00e7al\u0131\u015fan insanlar\u0131m\u0131z\u0131n sosyal alanlar\u0131nda dezenfeksiyon yap\u0131yoruz. Ba\u015fkan\u0131m\u0131z da bu konuya son derece hassas yakla\u015ft\u0131\u011f\u0131 i\u00e7in bizleri y\u00f6nlendirdi. Bug\u00fcn burada bu g\u00f6revi yerine getiriyoruz&#8221; dedi.\u00a0<\/p>\n","protected":false},"excerpt":{"rendered":"<p>\u00a0Mersin B\u00fcy\u00fck\u015fehir Belediyesi, korona vir\u00fcs (Kovid-19) salg\u0131n\u0131 s\u00fcrecinde hem tar\u0131msal \u00fcretim s\u00fcreklili\u011finin sa\u011flanmas\u0131 hem de tar\u0131m i\u015f\u00e7ilerinin bu s\u00fcreci herhangi bir olumsuzluk ya\u015famadan atlatabilmesi amac\u0131yla tar\u0131msal \u00fcretim yap\u0131lan b\u00f6lgelerde \u00e7al\u0131\u015fmalar\u0131n\u0131 &hellip; <a href=\"https:\/\/mersinekonomipolitikagazetesi.com\/?p=6400\" class=\"more-link\">Devam\u0131n\u0131 Oku&#8230;<\/a><\/p>\n","protected":false},"author":1,"featured_media":0,"comment_status":"open","ping_status":"open","sticky":false,"template":"","format":"standard","meta":[],"categories":[],"tags":[],"_links":{"self":[{"href":"https:\/\/mersinekonomipolitikagazetesi.com\/index.php?rest_route=\/wp\/v2\/posts\/6400"}],"collection":[{"href":"https:\/\/mersinekonomipolitikagazetesi.com\/index.php?rest_route=\/wp\/v2\/posts"}],"about":[{"href":"https:\/\/mersinekonomipolitikagazetesi.com\/index.php?rest_route=\/wp\/v2\/types\/post"}],"author":[{"embeddable":true,"href":"https:\/\/mersinekonomipolitikagazetesi.com\/index.php?rest_route=\/wp\/v2\/users\/1"}],"replies":[{"embeddable":true,"href":"https:\/\/mersinekonomipolitikagazetesi.com\/index.php?rest_route=%2Fwp%2Fv2%2Fcomments&post=6400"}],"version-history":[{"count":0,"href":"https:\/\/mersinekonomipolitikagazetesi.com\/index.php?rest_route=\/wp\/v2\/posts\/6400\/revisions"}],"wp:attachment":[{"href":"https:\/\/mersinekonomipolitikagazetesi.com\/index.php?rest_route=%2Fwp%2Fv2%2Fmedia&parent=6400"}],"wp:term":[{"taxonomy":"category","embeddable":true,"href":"https:\/\/mersinekonomipolitikagazetesi.com\/index.php?rest_route=%2Fwp%2Fv2%2Fcategories&post=6400"},{"taxonomy":"post_tag","embeddable":true,"href":"https:\/\/mersinekonomipolitikagazetesi.com\/index.php?rest_route=%2Fwp%2Fv2%2Ftags&post=6400"}],"curies":[{"name":"wp","href":"https:\/\/api.w.org\/{rel}","templated":true}]}}