{"id":6401,"date":"2020-11-04T18:26:54","date_gmt":"2020-11-04T15:26:54","guid":{"rendered":"http:\/\/mersinekonomipolitikagazetesi.com\/?p=6401"},"modified":"2020-11-04T18:26:54","modified_gmt":"2020-11-04T15:26:54","slug":"mutta-engelli-genc-darp-edildi","status":"publish","type":"post","link":"https:\/\/mersinekonomipolitikagazetesi.com\/?p=6401","title":{"rendered":"Mut&#8217;ta engelli gen\u00e7 darp edildi"},"content":{"rendered":"<p><span style=\"line-height: 1.6em;\">Mersin\u2019de engelli gen\u00e7, kendisini bakkala bira almaya g\u00f6nderen A.Y. adl\u0131 \u015fah\u0131s taraf\u0131ndan darp edildi. Darp edilen engelli gencin ailesi, sald\u0131rgan\u0131n cezaland\u0131r\u0131lmas\u0131n\u0131 istedi.\u00a0<\/span><\/p>\n<p>Mersin\u2019in Mut il\u00e7esinde, engelli bir gen\u00e7 bir binada arkada\u015f\u0131 ile bira i\u00e7en \u015fah\u0131s taraf\u0131ndan darp edildi. G\u00f6z\u00fcnde ve s\u0131rt\u0131nda morluklar olu\u015fan engelli gen\u00e7, su\u00e7lunun cezaland\u0131r\u0131lmas\u0131n\u0131 istiyor.\u00a0<br \/>\nOlay, Cumartesi Mut il\u00e7esine ba\u011fl\u0131 Kurtsuyu Mahallesi&#8217;nde meydana geldi. \u0130ddialara g\u00f6re, 36 ya\u015f\u0131ndaki engelli Nebi Divle, kendisini bira almak i\u00e7in bakkala g\u00f6nderen A.Y. adl\u0131 \u015fah\u0131s taraf\u0131ndan eli bo\u015f d\u00f6nd\u00fc\u011f\u00fc gerek\u00e7esiyle darp edildi. D\u00f6v\u00fcld\u00fckten sonra, yolda bayg\u0131n halde bulunan Nebi Divle\u2019yi ailesi alarak ambulansla Mut Devlet Hastanesi&#8217;ne g\u00f6t\u00fcrd\u00fc. Burada tedavisi yap\u0131lan engelli gen\u00e7, taburcu edildi.\u00a0<br \/>\nNebi Divle\u2019nin darp edilmesine tepki g\u00f6steren eni\u015ftesi Cengiz Nazl\u0131 (62), kay\u0131nbiraderinin y\u00fczde 70 engelli raporu oldu\u011funu s\u00f6yledi.\u00a0<br \/>\nOlay\u0131n nas\u0131l ger\u00e7ekle\u015fti\u011fi hakk\u0131nda bilgi veren Cengiz Nazl\u0131, \u201cNebi\u2019yi telefonla eve \u00e7a\u011f\u0131rm\u0131\u015flar. Nebi&#8217;ye demi\u015fler ki &#8216;sen git bir bira al gel.&#8217; Bakkal Nebi\u2019de para olmay\u0131nca biray\u0131 vermemi\u015f. Geri gelen Nebi\u2019yi d\u00f6ven A.Y. evin i\u00e7erisinde 1 tane so\u011fuk bira var onu getir demi\u015f. Nebi odaya girerken arkas\u0131ndan bir tekme atm\u0131\u015f ve kap\u0131y\u0131 i\u00e7eriden kilitlemi\u015f. \u00c7ocu\u011fu d\u00f6verek baya\u011f\u0131 benzetmi\u015f. Yanlar\u0131nda biri daha varm\u0131\u015f o \u015fah\u0131s M.S. Nebiyi d\u00f6venin elinden alm\u0131\u015f. Nebi evine giderken yolun kenar\u0131na d\u00fc\u015fm\u00fc\u015f. D\u00f6venler ise motosiklete binip ka\u00e7m\u0131\u015flar. Olay yerine ambulans \u00e7a\u011f\u0131rd\u0131k. Ambulans Mut Devlet Hastanesine g\u00f6t\u00fcrd\u00fc. Doktorlar darp raporu verdiler. Nebi&#8217;nin s\u0131rt\u0131nda tahra izleri vard\u0131. Tahrayla, tekme ve yumrukla d\u00f6v\u00fcld\u00fc\u011f\u00fc anla\u015f\u0131ld\u0131. Bu \u015fahs\u0131n bir an \u00f6nce yakalanmas\u0131n\u0131 istiyoruz. Nebi\u2019nin y\u00fczde 70 engelli oldu\u011funa dair raporu var bunu ne diye d\u00f6vd\u00fc\u011f\u00fcn\u00fc anlayam\u0131yorum\u201d dedi.\u00a0<br \/>\nKendisini ne sebeple d\u00f6vd\u00fc\u011f\u00fcn\u00fc bilmedi\u011fini s\u00f6yleyen engelli Nebi Divle, \u201cEvde yemek yemeye ba\u015flad\u0131\u011f\u0131m s\u0131rada beni telefonla \u00e7a\u011f\u0131rd\u0131. Gelirken bakkaldan 2 bira al gel dedi. Bakkala vard\u0131m o da veresiye vermedi. Ondan sonra petrole vard\u0131m gene beni arad\u0131 eve gel dedi. Vard\u0131m bana i\u00e7eride \u015fu odada bira var dedi. Ben kap\u0131y\u0131 a\u00e7arken bana bir tekme vurdu ve beni d\u00f6vmeye ba\u015flad\u0131. \u00d6b\u00fcr \u015fah\u0131s olan M.S. beni kurtard\u0131 elinden ald\u0131. Ben de evime gelirken gidemedim yolun i\u00e7ine d\u00fc\u015fm\u00fc\u015f\u00fcm. Ben ondan sonras\u0131n\u0131 hat\u0131rlam\u0131yorum. Orada beni g\u00f6renler yolun i\u00e7inden kenara \u00e7ekmi\u015fler. Muhtar\u0131, akrabalar\u0131m\u0131 \u00e7a\u011f\u0131rd\u0131lar ve askerler geldi. Ben ondan sonras\u0131n\u0131 hat\u0131rlam\u0131yorum. Beni hastaneye g\u00f6t\u00fcrm\u00fc\u015fler. Bana serum ba\u011flad\u0131lar beynim ve her taraf\u0131m\u0131n filmini falan \u00e7ektiler. Dile\u011fim, beni darp eden A.Y.&#8217;yi hemen yakalay\u0131p i\u00e7eri ats\u0131nlar\u201d dedi.\u00a0<br \/>\nOlaydan sonra vasisi anne Havva Divle, darp raporu alarak \u00e7ocu\u011funu darp edenden \u015fikayet\u00e7i oldu. \u015eikayet \u00fczerine ifadesi al\u0131nan \u015f\u00fcpheli A.Y. ise jandarmadaki i\u015flemlerinin ard\u0131ndan serbest b\u0131rak\u0131ld\u0131.\u00a0<\/p>\n","protected":false},"excerpt":{"rendered":"<p>Mersin\u2019de engelli gen\u00e7, kendisini bakkala bira almaya g\u00f6nderen A.Y. adl\u0131 \u015fah\u0131s taraf\u0131ndan darp edildi. Darp edilen engelli gencin ailesi, sald\u0131rgan\u0131n cezaland\u0131r\u0131lmas\u0131n\u0131 istedi.\u00a0 Mersin\u2019in Mut il\u00e7esinde, engelli bir gen\u00e7 bir binada &hellip; <a href=\"https:\/\/mersinekonomipolitikagazetesi.com\/?p=6401\" class=\"more-link\">Devam\u0131n\u0131 Oku&#8230;<\/a><\/p>\n","protected":false},"author":1,"featured_media":0,"comment_status":"open","ping_status":"open","sticky":false,"template":"","format":"standard","meta":[],"categories":[],"tags":[],"_links":{"self":[{"href":"https:\/\/mersinekonomipolitikagazetesi.com\/index.php?rest_route=\/wp\/v2\/posts\/6401"}],"collection":[{"href":"https:\/\/mersinekonomipolitikagazetesi.com\/index.php?rest_route=\/wp\/v2\/posts"}],"about":[{"href":"https:\/\/mersinekonomipolitikagazetesi.com\/index.php?rest_route=\/wp\/v2\/types\/post"}],"author":[{"embeddable":true,"href":"https:\/\/mersinekonomipolitikagazetesi.com\/index.php?rest_route=\/wp\/v2\/users\/1"}],"replies":[{"embeddable":true,"href":"https:\/\/mersinekonomipolitikagazetesi.com\/index.php?rest_route=%2Fwp%2Fv2%2Fcomments&post=6401"}],"version-history":[{"count":0,"href":"https:\/\/mersinekonomipolitikagazetesi.com\/index.php?rest_route=\/wp\/v2\/posts\/6401\/revisions"}],"wp:attachment":[{"href":"https:\/\/mersinekonomipolitikagazetesi.com\/index.php?rest_route=%2Fwp%2Fv2%2Fmedia&parent=6401"}],"wp:term":[{"taxonomy":"category","embeddable":true,"href":"https:\/\/mersinekonomipolitikagazetesi.com\/index.php?rest_route=%2Fwp%2Fv2%2Fcategories&post=6401"},{"taxonomy":"post_tag","embeddable":true,"href":"https:\/\/mersinekonomipolitikagazetesi.com\/index.php?rest_route=%2Fwp%2Fv2%2Ftags&post=6401"}],"curies":[{"name":"wp","href":"https:\/\/api.w.org\/{rel}","templated":true}]}}