{"id":6402,"date":"2020-11-04T18:26:54","date_gmt":"2020-11-04T15:26:54","guid":{"rendered":"http:\/\/mersinekonomipolitikagazetesi.com\/?p=6402"},"modified":"2020-11-04T18:26:54","modified_gmt":"2020-11-04T15:26:54","slug":"yilmaz-sikintili-gunleri-hep-birlikte-asacagiz","status":"publish","type":"post","link":"https:\/\/mersinekonomipolitikagazetesi.com\/?p=6402","title":{"rendered":"Y\u0131lmaz: &#8220;S\u0131k\u0131nt\u0131l\u0131 g\u00fcnleri hep birlikte a\u015faca\u011f\u0131z&#8221;"},"content":{"rendered":"<p><span style=\"line-height: 1.6em;\">\u2018B\u00fcy\u00fcklere vefa, haydi onlar\u0131 ara\u2019 sosyal sorumluluk projesini ba\u015flatarak T\u00fcrkiye\u2019de bir ilke imza atan Toroslar Belediye Ba\u015fkan\u0131 Ats\u0131z Af\u015f\u0131n Y\u0131lmaz, kendisi de her ak\u015fam il\u00e7edeki 65 ya\u015f ve \u00fcst\u00fc vatanda\u015flar\u0131 aray\u0131p, hat\u0131rlar\u0131n\u0131 soruyor, istek ve ihtiya\u00e7lar\u0131n\u0131 dinliyor.\u00a0<\/span><\/p>\n<p>Toroslar Belediyesi, korona vir\u00fcs salg\u0131n\u0131 sebebiyle soka\u011fa \u00e7\u0131kmalar\u0131 k\u0131s\u0131tlanan 65 ya\u015f ve \u00fcst\u00fc vatanda\u015flar\u0131 yaln\u0131z b\u0131rakm\u0131yor. \u2018B\u00fcy\u00fcklere vefa, haydi onlar\u0131 ara\u2019 projesi kapsam\u0131nda olu\u015fturulan ekiplerin, ihtiyac\u0131n\u0131 kar\u015f\u0131layacak kimsesi olmayan 65 ya\u015f ve \u00fcst\u00fc ile kronik rahats\u0131zl\u0131\u011f\u0131 bulunan vatanda\u015flarla g\u00f6r\u00fc\u015fmesinin ard\u0131ndan, Ba\u015fkan Y\u0131lmaz da ayn\u0131 g\u00fcn\u00fcn ak\u015fam\u0131 b\u00fcy\u00fcklerin memnuniyetini \u00f6\u011frenmek \u00fczere arayarak g\u00f6revli ekiplerin ileti\u015fimi hakk\u0131nda bilgiler al\u0131yor.\u00a0<br \/>\nDuygusal anlar ya\u015fan\u0131yor\u00a0<br \/>\nDuygulu anlar\u0131n ya\u015fand\u0131\u011f\u0131 g\u00f6r\u00fc\u015fmelerde Ba\u015fkan Y\u0131lmaz&#8217;a kendilerini aray\u0131p hat\u0131rlar\u0131n\u0131 sordu\u011fu i\u00e7in te\u015fekk\u00fcr eden vatanda\u015flar, ihtiya\u00e7lar\u0131n\u0131n hemen giderildi\u011fini ve g\u00fcler y\u00fczl\u00fc bir ekiple kar\u015f\u0131la\u015ft\u0131klar\u0131n\u0131 belirtti. Vatanda\u015flar, &#8220;Evlerimizden \u00e7\u0131kam\u0131yoruz ama belediye ba\u015fkan\u0131m\u0131z\u0131n bizi aramas\u0131ndan olduk\u00e7a mutlu olduk. Bizleri her zaman d\u00fc\u015f\u00fcnd\u00fc\u011f\u00fcn\u00fcz ve yan\u0131m\u0131zda oldu\u011funuz i\u00e7in te\u015fekk\u00fcr ederiz. Ba\u015far\u0131lar\u0131n\u0131z\u0131n devam\u0131n\u0131 diliyoruz. Allah sizi ba\u015f\u0131m\u0131zdan eksik etmesin&#8221; diyerek memnuniyetlerini ifade ettiler.\u00a0<br \/>\nToroslar Belediye Ba\u015fkan\u0131 Ats\u0131z Af\u015f\u0131n Y\u0131lmaz, &#8220;Bir iste\u011fin, bir ihtiyac\u0131n var m\u0131?&#8221; diye sordu\u011fu bir vatanda\u015ftan, &#8220;\u0130ste\u011fim, bu s\u0131k\u0131nt\u0131l\u0131 g\u00fcnleri atlat\u0131p sizinle y\u00fcz y\u00fcze g\u00f6r\u00fc\u015febilmek&#8221; cevab\u0131n\u0131 ald\u0131.\u00a0<br \/>\n&#8220;Her zaman yan\u0131n\u0131zday\u0131z&#8221;\u00a0<br \/>\n&#8220;En k\u0131sa s\u00fcrede bu s\u0131k\u0131nt\u0131l\u0131 s\u00fcreci atlatarak daha g\u00fczel g\u00fcnlere hep beraber ula\u015faca\u011f\u0131z&#8221; diyen Y\u0131lmaz, &#8220;Bu kritik s\u00fcre\u00e7te b\u00fcy\u00fcklerimizin evlerinden \u00e7\u0131kmamalar\u0131n\u0131 \u00f6nemle istiyoruz. Al\u0131nan tedbirler sizlerin sa\u011fl\u0131\u011f\u0131 i\u00e7in. Sizlere bir telefon kadar yak\u0131n\u0131z ve her zaman yan\u0131n\u0131zday\u0131z. Dualar\u0131n\u0131z bizler i\u00e7in yeterli&#8221; dedi. Y\u0131lmaz, bu s\u00fcrecin, dayan\u0131\u015fma, birlik ve beraberlik ruhuyla atlat\u0131laca\u011f\u0131na vurgu yaparak, &#8220;Bu s\u00fcre\u00e7te bir merhaban\u0131n bile \u00e7ok k\u0131ymeti var. Evinde yaln\u0131z kalan, d\u0131\u015far\u0131 \u00e7\u0131kamayan b\u00fcy\u00fcklerimizin yan\u0131nda olal\u0131m. B\u00fcy\u00fcklerimizle dertle\u015fmek, konu\u015fmak isteyen vatanda\u015flar\u0131m\u0131z, Toroslar Belediyesi B\u00fcy\u00fcklere Vefa Hatt\u0131\u2019n\u0131n 0850 533 33 30 numaral\u0131 telefonunu arayabilirler\u201d ifadelerini kulland\u0131.\u00a0<\/p>\n","protected":false},"excerpt":{"rendered":"<p>\u2018B\u00fcy\u00fcklere vefa, haydi onlar\u0131 ara\u2019 sosyal sorumluluk projesini ba\u015flatarak T\u00fcrkiye\u2019de bir ilke imza atan Toroslar Belediye Ba\u015fkan\u0131 Ats\u0131z Af\u015f\u0131n Y\u0131lmaz, kendisi de her ak\u015fam il\u00e7edeki 65 ya\u015f ve \u00fcst\u00fc vatanda\u015flar\u0131 &hellip; <a href=\"https:\/\/mersinekonomipolitikagazetesi.com\/?p=6402\" class=\"more-link\">Devam\u0131n\u0131 Oku&#8230;<\/a><\/p>\n","protected":false},"author":1,"featured_media":0,"comment_status":"open","ping_status":"open","sticky":false,"template":"","format":"standard","meta":[],"categories":[],"tags":[],"_links":{"self":[{"href":"https:\/\/mersinekonomipolitikagazetesi.com\/index.php?rest_route=\/wp\/v2\/posts\/6402"}],"collection":[{"href":"https:\/\/mersinekonomipolitikagazetesi.com\/index.php?rest_route=\/wp\/v2\/posts"}],"about":[{"href":"https:\/\/mersinekonomipolitikagazetesi.com\/index.php?rest_route=\/wp\/v2\/types\/post"}],"author":[{"embeddable":true,"href":"https:\/\/mersinekonomipolitikagazetesi.com\/index.php?rest_route=\/wp\/v2\/users\/1"}],"replies":[{"embeddable":true,"href":"https:\/\/mersinekonomipolitikagazetesi.com\/index.php?rest_route=%2Fwp%2Fv2%2Fcomments&post=6402"}],"version-history":[{"count":0,"href":"https:\/\/mersinekonomipolitikagazetesi.com\/index.php?rest_route=\/wp\/v2\/posts\/6402\/revisions"}],"wp:attachment":[{"href":"https:\/\/mersinekonomipolitikagazetesi.com\/index.php?rest_route=%2Fwp%2Fv2%2Fmedia&parent=6402"}],"wp:term":[{"taxonomy":"category","embeddable":true,"href":"https:\/\/mersinekonomipolitikagazetesi.com\/index.php?rest_route=%2Fwp%2Fv2%2Fcategories&post=6402"},{"taxonomy":"post_tag","embeddable":true,"href":"https:\/\/mersinekonomipolitikagazetesi.com\/index.php?rest_route=%2Fwp%2Fv2%2Ftags&post=6402"}],"curies":[{"name":"wp","href":"https:\/\/api.w.org\/{rel}","templated":true}]}}