{"id":6403,"date":"2020-11-04T18:26:54","date_gmt":"2020-11-04T15:26:54","guid":{"rendered":"http:\/\/mersinekonomipolitikagazetesi.com\/?p=6403"},"modified":"2020-11-04T18:26:54","modified_gmt":"2020-11-04T15:26:54","slug":"mutta-ortu-alti-erigin-kilosu-60-liradan-alici-buluyor","status":"publish","type":"post","link":"https:\/\/mersinekonomipolitikagazetesi.com\/?p=6403","title":{"rendered":"Mut&#8217;ta \u00f6rt\u00fc alt\u0131 eri\u011fin kilosu 60 liradan al\u0131c\u0131 buluyor"},"content":{"rendered":"<p><span style=\"line-height: 1.6em;\">\u00a0Mersin\u2019in Mut il\u00e7esinde \u00f6rt\u00fc alt\u0131 eri\u011fin kilosu 60 liradan al\u0131c\u0131 buluyor.\u00a0<\/span><\/p>\n<p>Mikro klima \u00f6zelli\u011fine sahip eri\u011fin Mut il\u00e7esinde \u00f6rt\u00fc alt\u0131 yeti\u015ftiricili\u011fi bu y\u0131l \u00e7ift\u00e7iye kazan\u00e7 sa\u011flad\u0131. B\u00f6lgenin en erken can eri\u011fi Mut il\u00e7esinde yeti\u015fiyor. Her y\u0131l \u00fcretim daha da artarak s\u00fcrd\u00fcr\u00fcl\u00fcyor.\u00a0<br \/>\nBu y\u0131l \u00fcr\u00fcnde 20 bin ton rekolte beklediklerini s\u00f6yleyen Mersin B\u00fcy\u00fck\u015fehir Mut Ya\u015f Meyve ve Sebze Komisyoncular\u0131 Derne\u011fi Ba\u015fkan\u0131 Mehmet Ali Acar, &#8220;\u0130l\u00e7ede 14 bin dekar alanda can eri\u011fi \u00fcretimi yap\u0131lmakta. \u0130l\u00e7ede en a\u011f\u0131rl\u0131kl\u0131 olarak K\u0131ravga, Yap\u0131nt\u0131, Su\u00e7at\u0131, K\u0131rkkavak, Irmakl\u0131, A\u015fa\u011f\u0131 K\u00f6selerli, Yukar\u0131 K\u00f6selerli ve Kurtsuyu gibi mahallelerimizde \u00fcretim yap\u0131lmaktad\u0131r. \u015eu an \u00f6rt\u00fc alt\u0131 alanda yap\u0131lan can eri\u011fi hasad\u0131, a\u00e7\u0131k alanda 15 Nisan\u2019da ba\u015flar\u201d dedi.\u00a0<br \/>\n\u0130l\u00e7ede \u00f6rt\u00fc alt\u0131 can eri\u011fi yeti\u015ftiricili\u011finde bu y\u0131l kazan\u00e7 y\u0131l\u0131 oldu\u011funu s\u00f6yleyen \u00fcreticiler, \u201cBu y\u0131l erik bah\u00e7eden toplanarak Antalya, \u0130zmir, Ankara ve Mersin illerindeki komisyonculara g\u00f6nderiyoruz. Gelen faturalarda en d\u00fc\u015f\u00fck 50 liradan ba\u015flay\u0131p 60 liraya kadar al\u0131c\u0131 buluyor. Biz \u00fcreticiler ise eme\u011fimizin kar\u015f\u0131l\u0131\u011f\u0131n\u0131 al\u0131yoruz\u201d dediler\u00a0<\/p>\n","protected":false},"excerpt":{"rendered":"<p>\u00a0Mersin\u2019in Mut il\u00e7esinde \u00f6rt\u00fc alt\u0131 eri\u011fin kilosu 60 liradan al\u0131c\u0131 buluyor.\u00a0 Mikro klima \u00f6zelli\u011fine sahip eri\u011fin Mut il\u00e7esinde \u00f6rt\u00fc alt\u0131 yeti\u015ftiricili\u011fi bu y\u0131l \u00e7ift\u00e7iye kazan\u00e7 sa\u011flad\u0131. B\u00f6lgenin en erken can &hellip; <a href=\"https:\/\/mersinekonomipolitikagazetesi.com\/?p=6403\" class=\"more-link\">Devam\u0131n\u0131 Oku&#8230;<\/a><\/p>\n","protected":false},"author":1,"featured_media":0,"comment_status":"open","ping_status":"open","sticky":false,"template":"","format":"standard","meta":[],"categories":[],"tags":[],"_links":{"self":[{"href":"https:\/\/mersinekonomipolitikagazetesi.com\/index.php?rest_route=\/wp\/v2\/posts\/6403"}],"collection":[{"href":"https:\/\/mersinekonomipolitikagazetesi.com\/index.php?rest_route=\/wp\/v2\/posts"}],"about":[{"href":"https:\/\/mersinekonomipolitikagazetesi.com\/index.php?rest_route=\/wp\/v2\/types\/post"}],"author":[{"embeddable":true,"href":"https:\/\/mersinekonomipolitikagazetesi.com\/index.php?rest_route=\/wp\/v2\/users\/1"}],"replies":[{"embeddable":true,"href":"https:\/\/mersinekonomipolitikagazetesi.com\/index.php?rest_route=%2Fwp%2Fv2%2Fcomments&post=6403"}],"version-history":[{"count":0,"href":"https:\/\/mersinekonomipolitikagazetesi.com\/index.php?rest_route=\/wp\/v2\/posts\/6403\/revisions"}],"wp:attachment":[{"href":"https:\/\/mersinekonomipolitikagazetesi.com\/index.php?rest_route=%2Fwp%2Fv2%2Fmedia&parent=6403"}],"wp:term":[{"taxonomy":"category","embeddable":true,"href":"https:\/\/mersinekonomipolitikagazetesi.com\/index.php?rest_route=%2Fwp%2Fv2%2Fcategories&post=6403"},{"taxonomy":"post_tag","embeddable":true,"href":"https:\/\/mersinekonomipolitikagazetesi.com\/index.php?rest_route=%2Fwp%2Fv2%2Ftags&post=6403"}],"curies":[{"name":"wp","href":"https:\/\/api.w.org\/{rel}","templated":true}]}}