{"id":6411,"date":"2020-11-04T18:26:55","date_gmt":"2020-11-04T15:26:55","guid":{"rendered":"http:\/\/mersinekonomipolitikagazetesi.com\/?p=6411"},"modified":"2020-11-04T18:26:55","modified_gmt":"2020-11-04T15:26:55","slug":"mersin-evde-kaliyor","status":"publish","type":"post","link":"https:\/\/mersinekonomipolitikagazetesi.com\/?p=6411","title":{"rendered":"Mersin evde kal\u0131yor"},"content":{"rendered":"<p><span style=\"line-height: 1.6em;\">\u00a0T\u00fcm d\u00fcnyay\u0131 etkisi alt\u0131na alan korona vir\u00fcs\u00fc salg\u0131n\u0131 dolay\u0131s\u0131yla Mersin&#8217;de sahiller tamamen bo\u015fal\u0131rken, kentin en i\u015flek caddeleri de b\u00fcy\u00fck oranda sessizli\u011fe b\u00fcr\u00fcnd\u00fc. \u0130nsan ve ara\u00e7 yo\u011funlu\u011fu b\u00fcy\u00fck oranda d\u00fc\u015ferken, emniyet g\u00fc\u00e7leri de \u00f6zellikle sahip b\u00f6lgelerinde insanlar\u0131 zorunlu olmad\u0131k\u00e7a evlerinden \u00e7\u0131kmamalar\u0131 konusunda uyar\u0131yor.\u00a0<\/span><\/p>\n<p>Korona vir\u00fcs tedbirleri kapsam\u0131nda T\u00fcrkiye&#8217;de bir\u00e7ok tedbir al\u0131n\u0131rken, insanlar\u0131n zorunlu olmad\u0131k\u00e7a soka\u011fa \u00e7\u0131kmamas\u0131 isteniyor. \u0130\u00e7i\u015fleri Bakanl\u0131\u011f\u0131n\u0131n ge\u00e7en hafta yay\u0131nlad\u0131\u011f\u0131 genelge ile Mersin&#8217;de sahiller tamamen bo\u015fal\u0131rken, Yunus tabir edilen motorize polisler de 24 saat devriye at\u0131yor. Adnan Menderes Bulvar\u0131 boyunca da park yasa\u011f\u0131 uygulan\u0131rken, hi\u00e7 kimsenin sahile giri\u015fine izin verilmiyor. Normal zamanda \u00f6zellikle ara\u00e7 trafi\u011fi y\u00f6n\u00fcnden yo\u011fun olan bulvarlarda tek t\u00fck ara\u00e7 ge\u00e7erken, kentin meydanlar\u0131 da tamamen bo\u015fald\u0131. \u0130nsanlar\u0131n en i\u015flek kulland\u0131\u011f\u0131 \u0130stiklal, Atat\u00fcrk, Silifke ve Kuvayi Milliye caddelerinde de insan yo\u011funlu\u011fu ciddi oranda azal\u0131rken, bir\u00e7ok d\u00fckkanda a\u00e7mamaya ba\u015flad\u0131. Kent b\u00fcy\u00fck oranda sessizli\u011fe b\u00fcr\u00fcn\u00fcrken, vatanda\u015flar\u0131n b\u00fcy\u00fck bir k\u0131sma yetkililerin \u00e7a\u011fr\u0131s\u0131na uyuyor.\u00a0<\/p>\n<p>B\u00fcy\u00fck\u015fehirler aras\u0131nda en az vak&#8217;aya sahip kent\u00a0<br \/>\n&#8216;Evde Kal T\u00fcrkiye&#8217; \u00e7a\u011fr\u0131s\u0131na b\u00fcy\u00fck oranda uyan Mersinliler, bu sayede vaka say\u0131s\u0131n\u0131n \u00e7ok olmas\u0131n\u0131n da \u00f6n\u00fcne ge\u00e7ti. Sa\u011fl\u0131k Bakan\u0131 Fahrettin Koca&#8217;n\u0131n il il a\u00e7\u0131klad\u0131\u011f\u0131 vaka say\u0131lar\u0131nda Mersin alt s\u0131ralarda yer al\u0131rken, b\u00fcy\u00fck\u015fehirler i\u00e7inde ise en az vakaya sahip il konumunda. \u015eu anda kentte 9 vaka varken, vir\u00fcs kaynakl\u0131 \u00f6l\u00fcm meydana gelmedi.\u00a0<\/p>\n","protected":false},"excerpt":{"rendered":"<p>\u00a0T\u00fcm d\u00fcnyay\u0131 etkisi alt\u0131na alan korona vir\u00fcs\u00fc salg\u0131n\u0131 dolay\u0131s\u0131yla Mersin&#8217;de sahiller tamamen bo\u015fal\u0131rken, kentin en i\u015flek caddeleri de b\u00fcy\u00fck oranda sessizli\u011fe b\u00fcr\u00fcnd\u00fc. \u0130nsan ve ara\u00e7 yo\u011funlu\u011fu b\u00fcy\u00fck oranda d\u00fc\u015ferken, emniyet &hellip; <a href=\"https:\/\/mersinekonomipolitikagazetesi.com\/?p=6411\" class=\"more-link\">Devam\u0131n\u0131 Oku&#8230;<\/a><\/p>\n","protected":false},"author":1,"featured_media":0,"comment_status":"open","ping_status":"open","sticky":false,"template":"","format":"standard","meta":[],"categories":[],"tags":[],"_links":{"self":[{"href":"https:\/\/mersinekonomipolitikagazetesi.com\/index.php?rest_route=\/wp\/v2\/posts\/6411"}],"collection":[{"href":"https:\/\/mersinekonomipolitikagazetesi.com\/index.php?rest_route=\/wp\/v2\/posts"}],"about":[{"href":"https:\/\/mersinekonomipolitikagazetesi.com\/index.php?rest_route=\/wp\/v2\/types\/post"}],"author":[{"embeddable":true,"href":"https:\/\/mersinekonomipolitikagazetesi.com\/index.php?rest_route=\/wp\/v2\/users\/1"}],"replies":[{"embeddable":true,"href":"https:\/\/mersinekonomipolitikagazetesi.com\/index.php?rest_route=%2Fwp%2Fv2%2Fcomments&post=6411"}],"version-history":[{"count":0,"href":"https:\/\/mersinekonomipolitikagazetesi.com\/index.php?rest_route=\/wp\/v2\/posts\/6411\/revisions"}],"wp:attachment":[{"href":"https:\/\/mersinekonomipolitikagazetesi.com\/index.php?rest_route=%2Fwp%2Fv2%2Fmedia&parent=6411"}],"wp:term":[{"taxonomy":"category","embeddable":true,"href":"https:\/\/mersinekonomipolitikagazetesi.com\/index.php?rest_route=%2Fwp%2Fv2%2Fcategories&post=6411"},{"taxonomy":"post_tag","embeddable":true,"href":"https:\/\/mersinekonomipolitikagazetesi.com\/index.php?rest_route=%2Fwp%2Fv2%2Ftags&post=6411"}],"curies":[{"name":"wp","href":"https:\/\/api.w.org\/{rel}","templated":true}]}}