{"id":6412,"date":"2020-11-04T18:26:55","date_gmt":"2020-11-04T15:26:55","guid":{"rendered":"http:\/\/mersinekonomipolitikagazetesi.com\/?p=6412"},"modified":"2020-11-04T18:26:55","modified_gmt":"2020-11-04T15:26:55","slug":"mersinde-halk-kartlarinin-nisan-ayi-tutarlari-23-gun-once-yatirildi","status":"publish","type":"post","link":"https:\/\/mersinekonomipolitikagazetesi.com\/?p=6412","title":{"rendered":"Mersin\u2019de halk kartlar\u0131n\u0131n nisan ay\u0131 tutarlar\u0131 23 g\u00fcn \u00f6nce yat\u0131r\u0131ld\u0131"},"content":{"rendered":"<p><span style=\"line-height: 1.6em;\">\u00a0Korona vir\u00fcs salg\u0131n\u0131n ya\u015fand\u0131\u011f\u0131 \u015fu g\u00fcnlerde sosyal hizmetleri ile vatanda\u015flar\u0131n yan\u0131nda olmaya devam eden Mersin B\u00fcy\u00fck\u015fehir Belediyesi, halk kart sahiplerinin de y\u00fcz\u00fcn\u00fc g\u00fcld\u00fcrd\u00fc. B\u00fcy\u00fck\u015fehir Belediyesi, kart\u0131n nisan ay\u0131 tutar\u0131n\u0131 23 g\u00fcn erken yat\u0131rarak, 9 bin 157 ki\u015finin kart\u0131na 1 milyon 30 bin lira y\u00fckledi.\u00a0<\/span><\/p>\n<p>T\u00fcm d\u00fcnyada oldu\u011fu gibi T\u00fcrkiye\u2019de de etkisini art\u0131ran korona vir\u00fcs s\u00fcrecinde dar gelirli vatanda\u015flar\u0131n ve esnaf\u0131n s\u0131k\u0131nt\u0131 ya\u015famamas\u0131 i\u00e7in hizmetlerini salg\u0131n ko\u015fullar\u0131na g\u00f6re \u015fekillendiren B\u00fcy\u00fck\u015fehir Belediyesi, halk kart sahiplerini de sevindirdi. Sosyal Hizmetler Dairesi Ba\u015fkanl\u0131\u011f\u0131 taraf\u0131ndan dar gelirli vatanda\u015flara verilen halk karttan faydalanan 9 bin 157 ki\u015finin kart\u0131na 1 milyon 30 bin 380 lira y\u00fcklendi. Halk kart\u0131n 2020 y\u0131l\u0131 Mart ay\u0131 tutar\u0131n\u0131 ge\u00e7ti\u011fimiz hafta hesaplara yat\u0131ran B\u00fcy\u00fck\u015fehir Belediyesi, \u201cZorlu bir s\u00fcre\u00e7ten ge\u00e7iyoruz. Bu s\u00fcreci hi\u00e7 \u015f\u00fcphem yok ki, birlik, beraberlik ve dayan\u0131\u015fma i\u00e7erisinde a\u015faca\u011f\u0131z\u201d diyen Ba\u015fkan Vahap Se\u00e7er\u2019in y\u00f6nlendirmesiyle nisan ay\u0131 tutar\u0131n\u0131 da dar gelirli vatanda\u015flar\u0131n hesaplar\u0131na yat\u0131rd\u0131. B\u00f6ylelikle, halk kart tutarlar\u0131 23 g\u00fcn erken yat\u0131r\u0131lm\u0131\u015f oldu. Ba\u015fkan Se\u00e7er, salg\u0131n s\u00fcrecinde dar gelirli vatanda\u015flara katk\u0131 sa\u011flamak i\u00e7in halk kart tutarlar\u0131n\u0131n erken yat\u0131r\u0131laca\u011f\u0131n\u0131 s\u00f6ylemi\u015fti.\u00a0<\/p>\n","protected":false},"excerpt":{"rendered":"<p>\u00a0Korona vir\u00fcs salg\u0131n\u0131n ya\u015fand\u0131\u011f\u0131 \u015fu g\u00fcnlerde sosyal hizmetleri ile vatanda\u015flar\u0131n yan\u0131nda olmaya devam eden Mersin B\u00fcy\u00fck\u015fehir Belediyesi, halk kart sahiplerinin de y\u00fcz\u00fcn\u00fc g\u00fcld\u00fcrd\u00fc. B\u00fcy\u00fck\u015fehir Belediyesi, kart\u0131n nisan ay\u0131 tutar\u0131n\u0131 23 &hellip; <a href=\"https:\/\/mersinekonomipolitikagazetesi.com\/?p=6412\" class=\"more-link\">Devam\u0131n\u0131 Oku&#8230;<\/a><\/p>\n","protected":false},"author":1,"featured_media":0,"comment_status":"open","ping_status":"open","sticky":false,"template":"","format":"standard","meta":[],"categories":[],"tags":[],"_links":{"self":[{"href":"https:\/\/mersinekonomipolitikagazetesi.com\/index.php?rest_route=\/wp\/v2\/posts\/6412"}],"collection":[{"href":"https:\/\/mersinekonomipolitikagazetesi.com\/index.php?rest_route=\/wp\/v2\/posts"}],"about":[{"href":"https:\/\/mersinekonomipolitikagazetesi.com\/index.php?rest_route=\/wp\/v2\/types\/post"}],"author":[{"embeddable":true,"href":"https:\/\/mersinekonomipolitikagazetesi.com\/index.php?rest_route=\/wp\/v2\/users\/1"}],"replies":[{"embeddable":true,"href":"https:\/\/mersinekonomipolitikagazetesi.com\/index.php?rest_route=%2Fwp%2Fv2%2Fcomments&post=6412"}],"version-history":[{"count":0,"href":"https:\/\/mersinekonomipolitikagazetesi.com\/index.php?rest_route=\/wp\/v2\/posts\/6412\/revisions"}],"wp:attachment":[{"href":"https:\/\/mersinekonomipolitikagazetesi.com\/index.php?rest_route=%2Fwp%2Fv2%2Fmedia&parent=6412"}],"wp:term":[{"taxonomy":"category","embeddable":true,"href":"https:\/\/mersinekonomipolitikagazetesi.com\/index.php?rest_route=%2Fwp%2Fv2%2Fcategories&post=6412"},{"taxonomy":"post_tag","embeddable":true,"href":"https:\/\/mersinekonomipolitikagazetesi.com\/index.php?rest_route=%2Fwp%2Fv2%2Ftags&post=6412"}],"curies":[{"name":"wp","href":"https:\/\/api.w.org\/{rel}","templated":true}]}}