{"id":6416,"date":"2020-11-04T18:26:55","date_gmt":"2020-11-04T15:26:55","guid":{"rendered":"http:\/\/mersinekonomipolitikagazetesi.com\/?p=6416"},"modified":"2020-11-04T18:26:55","modified_gmt":"2020-11-04T15:26:55","slug":"chpli-antmen-korona-olumleri-talimatla-gizleniyor-mu","status":"publish","type":"post","link":"https:\/\/mersinekonomipolitikagazetesi.com\/?p=6416","title":{"rendered":"CHP\u2019L\u0130 ANTMEN: \u2018KORONA \u00d6L\u00dcMLER\u0130 TAL\u0130MATLA G\u0130ZLEN\u0130YOR MU?\u2019"},"content":{"rendered":"<p>\u00c7in&#8217;de ba\u015flayan ve t\u00fcm d\u00fcnyaya yay\u0131lan koronavir\u00fcs salg\u0131n\u0131nda d\u00fcnyada \u015fu ana kadar 52 binin \u00fczerinde ki\u015fi hayat\u0131n\u0131 kaybederken, T\u00fcrkiye&#8217;de ise 10 Mart 2020 tarihinde ilk vakan\u0131n duyurulmas\u0131n\u0131n \u00fczerinden ge\u00e7en s\u00fcre i\u00e7inde 356 ki\u015fi ya\u015fam\u0131n\u0131 yitirdi.\u00a0<\/p>\n<p>Korona vir\u00fcs\u00fc \u00f6l\u00fcmleri hakk\u0131nda \u00e7arp\u0131c\u0131 bir iddia CHP\u2019den geldi. CHP Mersin Milletvekili Alpay Antmen \u201cBu d\u00f6nemde farkl\u0131 illerdeki hastanelerden gelen iddialara g\u00f6re korona vir\u00fcs\u00fc nedeniyle hayat\u0131n\u0131 kaybeden baz\u0131 vatanda\u015flar\u0131n \u00f6l\u00fcm raporlar\u0131na, \u00f6l\u00fcm nedeni olarak ba\u015fka hastal\u0131klar ya da semptomlar yazd\u0131r\u0131lmak istenildi\u011fi bilgisi gelmektedir\u201d dedi.<\/p>\n<p>Antmen, Sa\u011fl\u0131k Bakan\u0131 Fahrettin Koca\u2019n\u0131n yan\u0131tlamas\u0131 istemiyle Meclis Ba\u015fkanl\u0131\u011f\u0131na verdi\u011fi soru \u00f6nergesinde, \u00f6l\u00fcm raporuna Covid 19 yaz\u0131lan baz\u0131 ki\u015filerin raporlar\u0131n\u0131n il sa\u011fl\u0131k m\u00fcd\u00fcrl\u00fckleri taraf\u0131ndan hastanelere geri g\u00f6nderildi\u011fini ve \u00f6l\u00fcm nedeninin de\u011fi\u015ftirilmesinin istenildi\u011fi iddialar\u0131n\u0131n taraf\u0131na geldi\u011fini s\u00f6yleyerek \u201cKorona vir\u00fcs\u00fc nedeniyle \u00f6len hastalar\u0131n \u00f6l\u00fcm raporuna \u2018Covid 19\u2019 yazan hekimlere bunu de\u011fi\u015ftirilmeleri i\u00e7in baz\u0131 il sa\u011fl\u0131k m\u00fcd\u00fcrl\u00fc\u011f\u00fc yetkililerince bask\u0131 yap\u0131ld\u0131\u011f\u0131 ve buna direnen hekimlerin de tehdit edildi\u011fi iddialar\u0131 do\u011fru mudur?\u201d diye sordu.<\/p>\n<p>Alpay Antmen\u2019in \u00f6nergesinde yer alan sorular \u015fu \u015fekilde;<\/p>\n<p>&#8211; Korona vir\u00fcs\u00fc (COV\u0130D 19) nedeniyle hayat\u0131n\u0131 kaybeden baz\u0131 vatanda\u015flar\u0131n \u00f6l\u00fcmlerinin talimatla gizlendi\u011fi ve \u00f6l\u00fcm raporlar\u0131nda da korona vir\u00fcs\u00fc yerine ba\u015fka nedenler yazd\u0131r\u0131ld\u0131\u011f\u0131 iddialar\u0131 do\u011fru mudur?<\/p>\n<p>\u2013 Korona vir\u00fcs\u00fc nedeniyle \u00f6len; \u00f6l\u00fcm raporuna \u201cCovid 19\u201d yaz\u0131lan ancak il sa\u011fl\u0131k m\u00fcd\u00fcrl\u00fcklerince \u00f6l\u00fcm belgelerindeki \u2018Covid 19\u2019 yerine ba\u015fka hastal\u0131klar ve semptomlar yaz\u0131lmas\u0131 i\u00e7in hastanelere geri g\u00f6nderilen raporlar bulunmakta m\u0131d\u0131r? Varsa bunlar hangi illerde ve hastanelerdedir?<\/p>\n<p>\u2013 Korona vir\u00fcs\u00fc nedeniyle \u00f6len hastalar\u0131n \u00f6l\u00fcm raporuna \u2018Covid 19\u2019 yazan hekimlere bunu de\u011fi\u015ftirilmeleri i\u00e7in baz\u0131 il sa\u011fl\u0131k m\u00fcd\u00fcrl\u00fc\u011f\u00fc yetkililerince bask\u0131 yap\u0131ld\u0131\u011f\u0131 ve buna direnen hekimlerin de tehdit edildi\u011fi iddialar\u0131 do\u011fru mudur? Do\u011fru ise bu tehdidi yapan ki\u015filer kim ya da kimlerdir? Kimlerin talimat\u0131 ile bunu yapmaktad\u0131rlar?<\/p>\n<p>\u2013 \u00d6l\u00fcm raporunda \u2018Covid 19\u2019 yazan ancak Sa\u011fl\u0131k Bakanl\u0131\u011f\u0131 \u2018\u00d6l\u00fcm Bildirim Sistemine\u2019 \u00f6l\u00fcm nedeni olarak ba\u015fka hastal\u0131k ya da semptom yaz\u0131lan ki\u015fi ya da ki\u015filer bulunmakta m\u0131d\u0131r? Bunlar s\u0131ras\u0131yla ve ayr\u0131 ayr\u0131 belirtilmek \u00fczere hangi illerdedir?<\/p>\n<p>\u2013 1 Mart 2020\u2019den \u00f6nergenin yan\u0131tland\u0131\u011f\u0131 tarihe kadar ge\u00e7en s\u00fcrede hayat\u0131n\u0131 kaybeden vatanda\u015flardan ka\u00e7\u0131n\u0131n \u00f6l\u00fcm raporu ikinci ya da \u00fc\u00e7\u00fcnc\u00fc defa yaz\u0131lm\u0131\u015ft\u0131r? Bunlar\u0131n gerek\u00e7eleri nelerdir?<\/p>\n<p>\u2013 Covid 19 vir\u00fcs\u00fc ta\u015f\u0131yan ancak ilk testlerinde \u2018Covid 19 negatif\u2019 ikinci ya da \u00fc\u00e7\u00fcnc\u00fc testlerinde \u2018Covid 19 pozitif\u2019 bulunan ve ya\u015fam\u0131n\u0131 kaybeden vatanda\u015flar\u0131n ka\u00e7\u0131n\u0131n \u00f6l\u00fcm raporuna \u2018Covid 19\u2019 yaz\u0131lm\u0131\u015f, ka\u00e7\u0131na yaz\u0131lmam\u0131\u015ft\u0131r?<\/p>\n","protected":false},"excerpt":{"rendered":"<p>\u00c7in&#8217;de ba\u015flayan ve t\u00fcm d\u00fcnyaya yay\u0131lan koronavir\u00fcs salg\u0131n\u0131nda d\u00fcnyada \u015fu ana kadar 52 binin \u00fczerinde ki\u015fi hayat\u0131n\u0131 kaybederken, T\u00fcrkiye&#8217;de ise 10 Mart 2020 tarihinde ilk vakan\u0131n duyurulmas\u0131n\u0131n \u00fczerinden ge\u00e7en s\u00fcre &hellip; <a href=\"https:\/\/mersinekonomipolitikagazetesi.com\/?p=6416\" class=\"more-link\">Devam\u0131n\u0131 Oku&#8230;<\/a><\/p>\n","protected":false},"author":1,"featured_media":0,"comment_status":"open","ping_status":"open","sticky":false,"template":"","format":"standard","meta":[],"categories":[],"tags":[],"_links":{"self":[{"href":"https:\/\/mersinekonomipolitikagazetesi.com\/index.php?rest_route=\/wp\/v2\/posts\/6416"}],"collection":[{"href":"https:\/\/mersinekonomipolitikagazetesi.com\/index.php?rest_route=\/wp\/v2\/posts"}],"about":[{"href":"https:\/\/mersinekonomipolitikagazetesi.com\/index.php?rest_route=\/wp\/v2\/types\/post"}],"author":[{"embeddable":true,"href":"https:\/\/mersinekonomipolitikagazetesi.com\/index.php?rest_route=\/wp\/v2\/users\/1"}],"replies":[{"embeddable":true,"href":"https:\/\/mersinekonomipolitikagazetesi.com\/index.php?rest_route=%2Fwp%2Fv2%2Fcomments&post=6416"}],"version-history":[{"count":0,"href":"https:\/\/mersinekonomipolitikagazetesi.com\/index.php?rest_route=\/wp\/v2\/posts\/6416\/revisions"}],"wp:attachment":[{"href":"https:\/\/mersinekonomipolitikagazetesi.com\/index.php?rest_route=%2Fwp%2Fv2%2Fmedia&parent=6416"}],"wp:term":[{"taxonomy":"category","embeddable":true,"href":"https:\/\/mersinekonomipolitikagazetesi.com\/index.php?rest_route=%2Fwp%2Fv2%2Fcategories&post=6416"},{"taxonomy":"post_tag","embeddable":true,"href":"https:\/\/mersinekonomipolitikagazetesi.com\/index.php?rest_route=%2Fwp%2Fv2%2Ftags&post=6416"}],"curies":[{"name":"wp","href":"https:\/\/api.w.org\/{rel}","templated":true}]}}