{"id":6417,"date":"2020-11-04T18:26:55","date_gmt":"2020-11-04T15:26:55","guid":{"rendered":"http:\/\/mersinekonomipolitikagazetesi.com\/?p=6417"},"modified":"2020-11-04T18:26:55","modified_gmt":"2020-11-04T15:26:55","slug":"ozel-ogrenci-yurtlarinda-kalan-ogrenciler-devletin-uvey-evladi-mi","status":"publish","type":"post","link":"https:\/\/mersinekonomipolitikagazetesi.com\/?p=6417","title":{"rendered":"\u00d6zel \u00d6\u011frenci Yurtlar\u0131nda Kalan \u00d6\u011frenciler Devletin \u00dcvey Evlad\u0131 m\u0131?"},"content":{"rendered":"<p><span style=\"line-height: 1.6em;\">\u0130Y\u0130 Parti Adana Milletvekili \u0130smail Koncuk, Gen\u00e7lik ve Spor Bakan\u0131 Dr. Mehmet Muharrem Kasapo\u011flu taraf\u0131ndan yaz\u0131l\u0131 olarak cevapland\u0131r\u0131lmas\u0131n\u0131 isteyerek verdi\u011fi soru \u00f6nergesi ile \u201c\u00f6zel \u00f6\u011frenci yurtlar\u0131nda kalan \u00f6\u011frencilerin\u201d yurt \u00fccretlerini Meclis g\u00fcndemine ta\u015f\u0131d\u0131.\u00a0<\/span><\/p>\n<p>\u201cBakanl\u0131\u011f\u0131n Korona vir\u00fcs tedbirlerine ili\u015fkin yapt\u0131\u011f\u0131 a\u00e7\u0131klamada, \u201c3 haftal\u0131k tatil boyunca yurtta kalmayan \u00f6\u011frencilerden yurt \u00fccreti al\u0131nmayacak.\u201d s\u00f6zleri bas\u0131nda yer bulmu\u015ftur fakat Devlet yurtlar\u0131nda kalan \u00f6\u011frencilerden \u00fccret al\u0131nmayacak derken \u201c\u00f6zel yurtlar\u0131nda kalan \u00f6\u011frencilerimizin kapsam d\u0131\u015f\u0131nda tutuldu\u011fu\u201d anla\u015f\u0131lmaktad\u0131r.\u201d<\/p>\n<p>Koncuk, \u201cBir\u00e7ok i\u015fyeri f\u0131rsattan istifade i\u015f\u00e7ilerini \u00fccretsiz izne ayr\u0131lmaya mecbur b\u0131rakmaktad\u0131r. \u00c7ocu\u011fu \u00fcniversitede okuyan, kald\u0131\u011f\u0131 \u00f6zel yurt paras\u0131n\u0131 kullanmasa da \u00f6demek zorunda kalan; bu g\u00fcnleri, ekonomik y\u00f6nden, nas\u0131l atlataca\u011f\u0131 kayg\u0131s\u0131 i\u00e7inde olan \u00f6\u011frencilerin ailelerinin sesine kulak vermemiz gerekiyor.\u201d dedi.<\/p>\n<p>\u201cBu d\u00f6nemde i\u015fsiz kalan y\u00fcz binlerce aileyi ilgilendiren bu sorun g\u00f6rmezden gelinecek bir problem de\u011fildir. Bu s\u00fcre\u00e7te i\u015fsiz kalan sigortal\u0131 i\u015f\u00e7iler ile Korona salg\u0131n\u0131 sebebiyle d\u00fckkan\u0131n\u0131 kapatmak zorunda kalan ailelerin \u00f6zel yurtlarda kalan \u00e7ocuklar\u0131n\u0131n giderlerinin kar\u015f\u0131lanmas\u0131 i\u00e7in \u201cBakanl\u0131k\u201d olarak bir \u00e7\u00f6z\u00fcm bulunmas\u0131 gerekmektedir.\u201d<\/p>\n<p>\u0130Y\u0130 Parti Adana Milletvekili Koncuk, \u201cBakanl\u0131k olarak yapt\u0131\u011f\u0131n\u0131z a\u00e7\u0131klamadan sonra ikinci defa okullar\u0131n a\u00e7\u0131lma s\u00fcresi uzat\u0131lm\u0131\u015ft\u0131r. Bu s\u00fcrenin ne kadar olaca\u011f\u0131 kimse taraf\u0131ndan kestirilememektedir. \u00d6zel yurtlar e\u011fitim \u00f6\u011fretim y\u0131l\u0131 ba\u015flang\u0131c\u0131nda ailelere \u201csenet imzalatarak veya kredi kart\u0131na e\u015fit taksitle\u201d kay\u0131t yapmaktad\u0131rlar. Bu \u201csenetlerin ve kredi kart\u0131 ekstrelerinin g\u00fcn\u00fc\u201d gelmi\u015f; aileler, i\u015fsiz ve gelecek kayg\u0131s\u0131 ya\u015famakta iken \u201csenetler protesto a\u015famas\u0131na kredi kartlar\u0131n\u0131n ise \u00f6deme g\u00fcn\u00fc\u201d gelmi\u015ftir. Muhtemel ya\u015fanacak icra a\u015famas\u0131na ge\u00e7meden ivedilikle bu konuda tedbir al\u0131nmas\u0131 gerekti\u011fini belirterek, H\u00fck\u00fcmetin ivedilikle bu konu \u00fczerine e\u011filmesi gerekmektedir.\u201d diyerek s\u00f6zlerine son verdi.<\/p>\n","protected":false},"excerpt":{"rendered":"<p>\u0130Y\u0130 Parti Adana Milletvekili \u0130smail Koncuk, Gen\u00e7lik ve Spor Bakan\u0131 Dr. Mehmet Muharrem Kasapo\u011flu taraf\u0131ndan yaz\u0131l\u0131 olarak cevapland\u0131r\u0131lmas\u0131n\u0131 isteyerek verdi\u011fi soru \u00f6nergesi ile \u201c\u00f6zel \u00f6\u011frenci yurtlar\u0131nda kalan \u00f6\u011frencilerin\u201d yurt \u00fccretlerini &hellip; <a href=\"https:\/\/mersinekonomipolitikagazetesi.com\/?p=6417\" class=\"more-link\">Devam\u0131n\u0131 Oku&#8230;<\/a><\/p>\n","protected":false},"author":1,"featured_media":0,"comment_status":"open","ping_status":"open","sticky":false,"template":"","format":"standard","meta":[],"categories":[],"tags":[],"_links":{"self":[{"href":"https:\/\/mersinekonomipolitikagazetesi.com\/index.php?rest_route=\/wp\/v2\/posts\/6417"}],"collection":[{"href":"https:\/\/mersinekonomipolitikagazetesi.com\/index.php?rest_route=\/wp\/v2\/posts"}],"about":[{"href":"https:\/\/mersinekonomipolitikagazetesi.com\/index.php?rest_route=\/wp\/v2\/types\/post"}],"author":[{"embeddable":true,"href":"https:\/\/mersinekonomipolitikagazetesi.com\/index.php?rest_route=\/wp\/v2\/users\/1"}],"replies":[{"embeddable":true,"href":"https:\/\/mersinekonomipolitikagazetesi.com\/index.php?rest_route=%2Fwp%2Fv2%2Fcomments&post=6417"}],"version-history":[{"count":0,"href":"https:\/\/mersinekonomipolitikagazetesi.com\/index.php?rest_route=\/wp\/v2\/posts\/6417\/revisions"}],"wp:attachment":[{"href":"https:\/\/mersinekonomipolitikagazetesi.com\/index.php?rest_route=%2Fwp%2Fv2%2Fmedia&parent=6417"}],"wp:term":[{"taxonomy":"category","embeddable":true,"href":"https:\/\/mersinekonomipolitikagazetesi.com\/index.php?rest_route=%2Fwp%2Fv2%2Fcategories&post=6417"},{"taxonomy":"post_tag","embeddable":true,"href":"https:\/\/mersinekonomipolitikagazetesi.com\/index.php?rest_route=%2Fwp%2Fv2%2Ftags&post=6417"}],"curies":[{"name":"wp","href":"https:\/\/api.w.org\/{rel}","templated":true}]}}