{"id":6418,"date":"2020-11-04T18:26:55","date_gmt":"2020-11-04T15:26:55","guid":{"rendered":"http:\/\/mersinekonomipolitikagazetesi.com\/?p=6418"},"modified":"2020-11-04T18:26:55","modified_gmt":"2020-11-04T15:26:55","slug":"alkol-metre-yerine-ates-olcer","status":"publish","type":"post","link":"https:\/\/mersinekonomipolitikagazetesi.com\/?p=6418","title":{"rendered":"Alkol metre yerine ate\u015f \u00f6l\u00e7er"},"content":{"rendered":"<p><span style=\"line-height: 1.6em;\">\u00a0Mersin \u0130l Emniyet M\u00fcd\u00fcrl\u00fc\u011f\u00fc&#8217;ne ba\u011fl\u0131 ekipler, korona vir\u00fcs dolay\u0131s\u0131yla kentte \u00fcst d\u00fczey \u00f6nlemler al\u0131rken, \u015fehir giri\u015f ve \u00e7\u0131k\u0131\u015flar\u0131nda da vatanda\u015flar\u0131n ate\u015fini \u00f6l\u00e7\u00fcyor. Kent merkezinde 65 ya\u015f \u00fcst\u00fc vatanda\u015flar\u0131 evine g\u00f6nderen ekipler, ate\u015fi y\u00fcksek \u00e7\u0131kanlar\u0131 da en yak\u0131n sa\u011fl\u0131k kurulu\u015funa y\u00f6nlendiriyor.\u00a0<\/span><\/p>\n<p>T\u00fcm d\u00fcnyada oldu\u011fu gibi T\u00fcrkiyeyi de etkisi alt\u0131na alan korona vir\u00fcs salg\u0131n\u0131 dolay\u0131s\u0131yla b\u00fct\u00fcn illerde \u00fcst d\u00fczey \u00f6nlemler al\u0131n\u0131rken, Mersin&#8217;de de vir\u00fcs\u00fcn yay\u0131lmamas\u0131 i\u00e7in tedbirler uygulan\u0131yor. Kent merkezinde yo\u011fun bir \u00e7al\u0131\u015fma y\u00fcr\u00fcten Mersin \u0130l Emniyet M\u00fcd\u00fcrl\u00fc\u011f\u00fc ekipleri, sokakta gezen 65 ya\u015f \u00fcst\u00fc vatanda\u015flar\u0131 evine g\u00f6nderiyor. Vir\u00fcs\u00fcn kentte salg\u0131n haline gelmemesi i\u00e7in il giri\u015f ve \u00e7\u0131k\u0131\u015flar\u0131n da uygulama noktalar\u0131 kuran ekipler, s\u0131k\u0131 bir denetim yap\u0131yor. Ara\u00e7lar\u0131 tek tek durduran ekipler, vatanda\u015flar\u0131n ate\u015fini \u00f6l\u00e7\u00fcyor. Ekipler, ate\u015fi 38,5 ve \u00fczeri \u00e7\u0131kan vatanda\u015flar\u0131 en yak\u0131n sa\u011fl\u0131k kurulu\u015funa y\u00f6nlendiriyor.<br \/>\nAyr\u0131ca ekipler kent merkezinde de anonslar yaparak, vatanda\u015flar\u0131 zorunlu olmad\u0131k\u00e7a d\u0131\u015far\u0131ya \u00e7\u0131kmamalar\u0131 konusunda uyar\u0131yor.\u00a0<\/p>\n","protected":false},"excerpt":{"rendered":"<p>\u00a0Mersin \u0130l Emniyet M\u00fcd\u00fcrl\u00fc\u011f\u00fc&#8217;ne ba\u011fl\u0131 ekipler, korona vir\u00fcs dolay\u0131s\u0131yla kentte \u00fcst d\u00fczey \u00f6nlemler al\u0131rken, \u015fehir giri\u015f ve \u00e7\u0131k\u0131\u015flar\u0131nda da vatanda\u015flar\u0131n ate\u015fini \u00f6l\u00e7\u00fcyor. Kent merkezinde 65 ya\u015f \u00fcst\u00fc vatanda\u015flar\u0131 evine g\u00f6nderen &hellip; <a href=\"https:\/\/mersinekonomipolitikagazetesi.com\/?p=6418\" class=\"more-link\">Devam\u0131n\u0131 Oku&#8230;<\/a><\/p>\n","protected":false},"author":1,"featured_media":0,"comment_status":"open","ping_status":"open","sticky":false,"template":"","format":"standard","meta":[],"categories":[],"tags":[],"_links":{"self":[{"href":"https:\/\/mersinekonomipolitikagazetesi.com\/index.php?rest_route=\/wp\/v2\/posts\/6418"}],"collection":[{"href":"https:\/\/mersinekonomipolitikagazetesi.com\/index.php?rest_route=\/wp\/v2\/posts"}],"about":[{"href":"https:\/\/mersinekonomipolitikagazetesi.com\/index.php?rest_route=\/wp\/v2\/types\/post"}],"author":[{"embeddable":true,"href":"https:\/\/mersinekonomipolitikagazetesi.com\/index.php?rest_route=\/wp\/v2\/users\/1"}],"replies":[{"embeddable":true,"href":"https:\/\/mersinekonomipolitikagazetesi.com\/index.php?rest_route=%2Fwp%2Fv2%2Fcomments&post=6418"}],"version-history":[{"count":0,"href":"https:\/\/mersinekonomipolitikagazetesi.com\/index.php?rest_route=\/wp\/v2\/posts\/6418\/revisions"}],"wp:attachment":[{"href":"https:\/\/mersinekonomipolitikagazetesi.com\/index.php?rest_route=%2Fwp%2Fv2%2Fmedia&parent=6418"}],"wp:term":[{"taxonomy":"category","embeddable":true,"href":"https:\/\/mersinekonomipolitikagazetesi.com\/index.php?rest_route=%2Fwp%2Fv2%2Fcategories&post=6418"},{"taxonomy":"post_tag","embeddable":true,"href":"https:\/\/mersinekonomipolitikagazetesi.com\/index.php?rest_route=%2Fwp%2Fv2%2Ftags&post=6418"}],"curies":[{"name":"wp","href":"https:\/\/api.w.org\/{rel}","templated":true}]}}