{"id":6420,"date":"2020-11-04T18:26:55","date_gmt":"2020-11-04T15:26:55","guid":{"rendered":"http:\/\/mersinekonomipolitikagazetesi.com\/?p=6420"},"modified":"2020-11-04T18:26:55","modified_gmt":"2020-11-04T15:26:55","slug":"mersindeki-eczacilar-belediye-otobuslerinden-ucretsiz-faydalanacak","status":"publish","type":"post","link":"https:\/\/mersinekonomipolitikagazetesi.com\/?p=6420","title":{"rendered":"Mersin&#8217;deki eczac\u0131lar belediye otob\u00fcslerinden \u00fccretsiz faydalanacak"},"content":{"rendered":"<p><span style=\"line-height: 1.6em;\">Mersin B\u00fcy\u00fck\u015fehir Belediyesi, korona vir\u00fcs tedbirleri kapsam\u0131nda sa\u011fl\u0131k \u00e7al\u0131\u015fanlar\u0131n\u0131n ard\u0131ndan eczac\u0131 ve eczane personeline de toplu ta\u015f\u0131ma hizmetini \u00fccretsiz hale getirdi.\u00a0<\/span><\/p>\n<p>Salg\u0131n\u0131n t\u00fcm d\u00fcnyada oldu\u011fu gibi T\u00fcrkiye\u2019de de etkisini art\u0131rd\u0131\u011f\u0131 bug\u00fcnlerde Mersin B\u00fcy\u00fck\u015fehir Belediyesi de \u00f6zveriyle hizmet veren sa\u011fl\u0131k \u00e7al\u0131\u015fanlar\u0131na deste\u011fini s\u00fcrd\u00fcr\u00fcyor. Bu kapsamda sa\u011fl\u0131k \u00e7al\u0131\u015fanlar\u0131n\u0131n ard\u0131ndan eczac\u0131 ve eczane personeli i\u00e7in de toplu ta\u015f\u0131ma hizmeti \u00fccretsiz hale getirildi. Personel, Mersin Eczac\u0131 Odas\u0131\u2019n\u0131n haz\u0131rlatt\u0131\u011f\u0131 ve \u00fcyelerine g\u00f6nderdi\u011fi kartlar\u0131 g\u00f6stererek, belediye otob\u00fcslerinden \u00fccretsiz yararlanabilecek.\u00a0<br \/>\n\u201cEczac\u0131lar olarak elimizden gelenin fazlas\u0131n\u0131 yap\u0131yoruz\u201d\u00a0<br \/>\nMersin Eczac\u0131 Odas\u0131 Ba\u015fkan\u0131 \u00d6zg\u00fcn Sa\u011f\u0131r, i\u00e7inde bulunulan s\u00fcrecin \u00e7ok s\u0131k\u0131nt\u0131l\u0131 oldu\u011funu, salg\u0131nla kar\u015f\u0131 kar\u015f\u0131ya kal\u0131nd\u0131\u011f\u0131 i\u00e7in sa\u011fl\u0131k \u00e7al\u0131\u015fanlar\u0131na \u00e7ok fazla i\u015f d\u00fc\u015ft\u00fc\u011f\u00fcn\u00fcn fark\u0131nda olduklar\u0131n\u0131 dile getirerek, \u201cEczac\u0131lar olarak elimizden gelenin fazlas\u0131n\u0131 \u015fu an yap\u0131yoruz. Tabi bizim planlar\u0131m\u0131z sadece bug\u00fcn i\u00e7in de\u011fil. Bundan sonraki g\u00fcnlere g\u00f6re de plan yapmak zorunday\u0131z. Ona g\u00f6re \u00e7al\u0131\u015fmalar\u0131m\u0131za devam ediyoruz. Salg\u0131nla ilgili m\u00fccadelede eczac\u0131lar \u00f6n planda. Biz de t\u00fcm meslekta\u015flar\u0131m\u0131z\u0131 d\u00fc\u015f\u00fcnerek, gerekli koruyucu tedbirlerimizi almaya \u00e7al\u0131\u015f\u0131yoruz. Tabi moral ve motivasyon da \u00e7ok \u00f6nemli. O y\u00fczden Belediye Ba\u015fkan\u0131m\u0131z Vahap Se\u00e7er\u2019in hayata ge\u00e7irdi\u011fi gerek eczac\u0131 gerek eczane teknikerlerinin belediye otob\u00fcslerinden \u00fccretsiz faydalanabilmesi, bizler ad\u0131na \u00e7ok olumlu. Bu hizmetten faydalanabilmek i\u00e7in eczac\u0131lar\u0131m\u0131z\u0131n ve eczane teknikerlerimizin, onlar i\u00e7in \u00f6zel olarak haz\u0131rlanm\u0131\u015f olan kartlar\u0131 kullanmalar\u0131 gerekiyor. Bu kartlar\u0131 otob\u00fcse binerken, yetkililere g\u00f6stermeleri \u00fccret \u00f6dememeleri i\u00e7in yeterlidir\u201d dedi.\u00a0<br \/>\nMersin B\u00fcy\u00fck\u015fehir Belediye Ba\u015fkan\u0131 Vahap Se\u00e7er, korona vir\u00fcs salg\u0131n\u0131na kar\u015f\u0131 ald\u0131klar\u0131 \u00f6nlemleri ve bu s\u00fcre\u00e7 i\u00e7inde vatanda\u015flara yap\u0131lacak sosyal yard\u0131mlar\u0131 anlatt\u0131\u011f\u0131 Mersinlilere sesleni\u015finde, t\u00fcm sa\u011fl\u0131k \u00e7al\u0131\u015fanlar\u0131n\u0131n toplu ta\u015f\u0131ma hizmetinden \u00fccretsiz olarak yararland\u0131\u011f\u0131n\u0131, bunun yan\u0131nda Aile Sa\u011fl\u0131\u011f\u0131 Merkezindeki t\u00fcm sa\u011fl\u0131k \u00e7al\u0131\u015fanlar\u0131na, talep etmeleri halinde ula\u015f\u0131m i\u00e7in \u00f6zel servis ve yemek hizmeti verildi\u011fini belirtmi\u015fti. Bu kapsamda, sa\u011fl\u0131k \u00e7al\u0131\u015fanlar\u0131n\u0131n ard\u0131ndan g\u00f6revlerine ara vermeden devam eden eczac\u0131 ve eczane personeli de belediye otob\u00fcslerinden \u00fccretiz olarak faydalanmaya ba\u015flad\u0131.\u00a0<\/p>\n","protected":false},"excerpt":{"rendered":"<p>Mersin B\u00fcy\u00fck\u015fehir Belediyesi, korona vir\u00fcs tedbirleri kapsam\u0131nda sa\u011fl\u0131k \u00e7al\u0131\u015fanlar\u0131n\u0131n ard\u0131ndan eczac\u0131 ve eczane personeline de toplu ta\u015f\u0131ma hizmetini \u00fccretsiz hale getirdi.\u00a0 Salg\u0131n\u0131n t\u00fcm d\u00fcnyada oldu\u011fu gibi T\u00fcrkiye\u2019de de etkisini art\u0131rd\u0131\u011f\u0131 &hellip; <a href=\"https:\/\/mersinekonomipolitikagazetesi.com\/?p=6420\" class=\"more-link\">Devam\u0131n\u0131 Oku&#8230;<\/a><\/p>\n","protected":false},"author":1,"featured_media":0,"comment_status":"open","ping_status":"open","sticky":false,"template":"","format":"standard","meta":[],"categories":[],"tags":[],"_links":{"self":[{"href":"https:\/\/mersinekonomipolitikagazetesi.com\/index.php?rest_route=\/wp\/v2\/posts\/6420"}],"collection":[{"href":"https:\/\/mersinekonomipolitikagazetesi.com\/index.php?rest_route=\/wp\/v2\/posts"}],"about":[{"href":"https:\/\/mersinekonomipolitikagazetesi.com\/index.php?rest_route=\/wp\/v2\/types\/post"}],"author":[{"embeddable":true,"href":"https:\/\/mersinekonomipolitikagazetesi.com\/index.php?rest_route=\/wp\/v2\/users\/1"}],"replies":[{"embeddable":true,"href":"https:\/\/mersinekonomipolitikagazetesi.com\/index.php?rest_route=%2Fwp%2Fv2%2Fcomments&post=6420"}],"version-history":[{"count":0,"href":"https:\/\/mersinekonomipolitikagazetesi.com\/index.php?rest_route=\/wp\/v2\/posts\/6420\/revisions"}],"wp:attachment":[{"href":"https:\/\/mersinekonomipolitikagazetesi.com\/index.php?rest_route=%2Fwp%2Fv2%2Fmedia&parent=6420"}],"wp:term":[{"taxonomy":"category","embeddable":true,"href":"https:\/\/mersinekonomipolitikagazetesi.com\/index.php?rest_route=%2Fwp%2Fv2%2Fcategories&post=6420"},{"taxonomy":"post_tag","embeddable":true,"href":"https:\/\/mersinekonomipolitikagazetesi.com\/index.php?rest_route=%2Fwp%2Fv2%2Ftags&post=6420"}],"curies":[{"name":"wp","href":"https:\/\/api.w.org\/{rel}","templated":true}]}}