{"id":6421,"date":"2020-11-04T18:26:55","date_gmt":"2020-11-04T15:26:55","guid":{"rendered":"http:\/\/mersinekonomipolitikagazetesi.com\/?p=6421"},"modified":"2020-11-04T18:26:55","modified_gmt":"2020-11-04T15:26:55","slug":"gultak-bilsemin-zeki-cocuklarini-evlerinde-ziyaret-etti","status":"publish","type":"post","link":"https:\/\/mersinekonomipolitikagazetesi.com\/?p=6421","title":{"rendered":"G\u00fcltak, B\u0130LSEM\u2019in zeki \u00e7ocuklar\u0131n\u0131 evlerinde ziyaret etti"},"content":{"rendered":"<p><span style=\"line-height: 1.6em;\">\u00a0Akdeniz Belediye Ba\u015fkan\u0131 Mustafa G\u00fcltak, Mersin \u00dcniversitesi (ME\u00dc) ile i\u015fbirli\u011fi i\u00e7inde ba\u015flat\u0131lan &#8216;Akdeniz\u2019in parlayan y\u0131ld\u0131zlar\u0131&#8217; projesi kapsam\u0131nda yap\u0131lan saha ara\u015ft\u0131rmalar\u0131nda, zeki ve \u00fcst\u00fcn yetenekli olduklar\u0131 tespit edilen Kadriye Su Bozy\u0131lan, \u00d6mer Soy, Burak Ege D\u00f6ner ve Yusuf Ferhat adl\u0131 \u00f6\u011frencileri ve ailelerini evlerinde ziyaret etti.\u00a0<\/span><\/p>\n<p>G\u00fcltak, ziyaret etti\u011fi \u00e7ocuklara ihtiya\u00e7 duyduklar\u0131 tablet, bilgisayar masas\u0131 ve sandalye, ders kitaplar\u0131 setleri, hikaye ve roman kitaplar\u0131, hal\u0131 ve ayakkab\u0131 hediye etti. Zeki \u00e7ocuklara, \u00f6\u011frenim hayatlar\u0131 boyunca burs temin edilmesi i\u00e7in de ellerinden geleni yapacaklar\u0131n\u0131 kaydeden G\u00fcltak, farkl\u0131 s\u0131n\u0131flarda okuyan zeki \u00e7ocuklarla sohbet etti, hayallerini ve ileride ne olmak istediklerini sordu.\u00a0<br \/>\n\u201c\u00c7ocuklar\u0131m\u0131za g\u00fczel bir gelecek haz\u0131rlamak istiyoruz\u201d\u00a0<br \/>\n\u00c7ocuklara, \u00f6ncelikle \u00f6nlerine hedef koyup \u00e7ok disiplinli \u015fekilde derslerine \u00e7al\u0131\u015fmalar\u0131n\u0131 tavsiye eden G\u00fcltak, \u201cE\u011fitim konusu, \u00f6nceliklerimiz aras\u0131ndad\u0131r. \u00c7ocuklar\u0131m\u0131z en k\u0131ymetlimiz ve bizim gelece\u011fimiz. E\u011fitimde f\u0131rsat e\u015fitli\u011fi sa\u011flay\u0131p, onlara g\u00fczel bir gelecek haz\u0131rlamak i\u00e7in \u00e7al\u0131\u015f\u0131yoruz. \u00dcniversitemiz de bu \u00e7ocuklar\u0131m\u0131za kap\u0131lar\u0131n\u0131 a\u00e7t\u0131. Biz bu \u00e7ocuklar\u0131m\u0131z\u0131 \u00fcniversiteye g\u00f6nderece\u011fiz. Orada hocalar\u0131m\u0131zdan \u00f6zel e\u011fitim alacaklar. B\u00fct\u00fcn imkanlar\u0131m\u0131zla \u00e7ocuklar\u0131m\u0131z ve ailelerimizin yan\u0131nday\u0131z. Zeki, ba\u015far\u0131l\u0131 ve bu g\u00fczel \u00e7ocuklar\u0131m\u0131z in\u015fallah b\u00fcy\u00fcy\u00fcp hedeflerine ula\u015ft\u0131klar\u0131nda bizler i\u00e7in dua etsinler o yeter\u201d dedi. G\u00fcltak, \u201cT\u00fcrkiye&#8217;yi ileride y\u00f6netecek ve en iyi \u015fekilde temsil edebilecek, bilim insan\u0131 olabilecek, yapay zek\u00e2 geli\u015ftirecek bu \u00e7ocuklar\u0131m\u0131za, ba\u015fta ula\u015f\u0131m deste\u011finin yan\u0131 s\u0131ra, ailelerinin sosyo-ekonomik durumu da dikkate al\u0131narak, ihtiya\u00e7 duyduklar\u0131 kaynak kitaplar, burslar, ara\u00e7-gere\u00e7 ve k\u0131rtasiye malzemelerini sa\u011flamaya devam edece\u011fiz. Mersin \u00dcniversitesi ile i\u015fbirli\u011finde, bu \u00f6zel \u00e7ocuklar\u0131m\u0131za yol g\u00f6sterip yeteneklerini geli\u015ftirmeleri amac\u0131yla, akademik destek sa\u011flay\u0131p, topluma faydal\u0131 bireyler olmalar\u0131 i\u00e7in pek \u00e7ok konuda desteklerimizi sunaca\u011f\u0131z\u201d ifadelerini kulland\u0131.\u00a0<br \/>\nAnne ve babalar duyguland\u0131\u00a0<br \/>\nDi\u011fer yandan anne ve babalar ise Akdeniz Belediye Ba\u015fkan\u0131 Mustafa G\u00fcltak\u2019\u0131n kendilerini ziyareti ve \u00e7ocuklar\u0131 i\u00e7in g\u00f6nderdi\u011fi ders kitaplar\u0131 ve e\u011fitim materyalleri nedeniyle hem \u015fa\u015fk\u0131nl\u0131klar\u0131n\u0131 dile getirdiler hem de \u00e7ocuklar\u0131na g\u00f6sterilen ilgi ve sa\u011flanan imkanlardan dolay\u0131 duyguland\u0131lar.\u00a0<br \/>\n&#8216;Akdeniz\u2019in parlayan y\u0131ld\u0131zlar\u0131&#8217; projesi\u00a0<br \/>\nAkdeniz Belediyesi, &#8216;Akdeniz&#8217;in parlayan y\u0131ld\u0131zlar\u0131&#8217; projesiyle il\u00e7e s\u0131n\u0131rlar\u0131nda bulunan okullarda okuyan zeki ve \u00fcst\u00fcn yetenekli \u00e7ocuklar\u0131 tespit ediyor. ME\u00dc ile i\u015fbirli\u011finde ger\u00e7ekle\u015fen proje belirlenen bu \u00e7ocuklar, ME\u00dc\u2019ye ba\u011fl\u0131 Bilim ve Sanat Merkezi\u2019ne (B\u0130LSEM) y\u00f6nlendiriliyor. Akdeniz \u0130l\u00e7e Milli E\u011fitim M\u00fcd\u00fcrl\u00fc\u011f\u00fc&#8217;n\u00fcn yer ald\u0131\u011f\u0131 projenin ilk etab\u0131nda, Kad\u0131n ve Aile Hizmetleri M\u00fcd\u00fcrl\u00fc\u011f\u00fc uzmanlar\u0131 taraf\u0131ndan Akdeniz il\u00e7esinde 121 okulun 25&#8217;inde, \u00fcst\u00fcn yetenekli 25 \u00e7ocuk tespit edilmi\u015f ve aileleriyle g\u00f6r\u00fc\u015f\u00fclm\u00fc\u015ft\u00fc.\u00a0<\/p>\n","protected":false},"excerpt":{"rendered":"<p>\u00a0Akdeniz Belediye Ba\u015fkan\u0131 Mustafa G\u00fcltak, Mersin \u00dcniversitesi (ME\u00dc) ile i\u015fbirli\u011fi i\u00e7inde ba\u015flat\u0131lan &#8216;Akdeniz\u2019in parlayan y\u0131ld\u0131zlar\u0131&#8217; projesi kapsam\u0131nda yap\u0131lan saha ara\u015ft\u0131rmalar\u0131nda, zeki ve \u00fcst\u00fcn yetenekli olduklar\u0131 tespit edilen Kadriye Su Bozy\u0131lan, &hellip; <a href=\"https:\/\/mersinekonomipolitikagazetesi.com\/?p=6421\" class=\"more-link\">Devam\u0131n\u0131 Oku&#8230;<\/a><\/p>\n","protected":false},"author":1,"featured_media":0,"comment_status":"open","ping_status":"open","sticky":false,"template":"","format":"standard","meta":[],"categories":[],"tags":[],"_links":{"self":[{"href":"https:\/\/mersinekonomipolitikagazetesi.com\/index.php?rest_route=\/wp\/v2\/posts\/6421"}],"collection":[{"href":"https:\/\/mersinekonomipolitikagazetesi.com\/index.php?rest_route=\/wp\/v2\/posts"}],"about":[{"href":"https:\/\/mersinekonomipolitikagazetesi.com\/index.php?rest_route=\/wp\/v2\/types\/post"}],"author":[{"embeddable":true,"href":"https:\/\/mersinekonomipolitikagazetesi.com\/index.php?rest_route=\/wp\/v2\/users\/1"}],"replies":[{"embeddable":true,"href":"https:\/\/mersinekonomipolitikagazetesi.com\/index.php?rest_route=%2Fwp%2Fv2%2Fcomments&post=6421"}],"version-history":[{"count":0,"href":"https:\/\/mersinekonomipolitikagazetesi.com\/index.php?rest_route=\/wp\/v2\/posts\/6421\/revisions"}],"wp:attachment":[{"href":"https:\/\/mersinekonomipolitikagazetesi.com\/index.php?rest_route=%2Fwp%2Fv2%2Fmedia&parent=6421"}],"wp:term":[{"taxonomy":"category","embeddable":true,"href":"https:\/\/mersinekonomipolitikagazetesi.com\/index.php?rest_route=%2Fwp%2Fv2%2Fcategories&post=6421"},{"taxonomy":"post_tag","embeddable":true,"href":"https:\/\/mersinekonomipolitikagazetesi.com\/index.php?rest_route=%2Fwp%2Fv2%2Ftags&post=6421"}],"curies":[{"name":"wp","href":"https:\/\/api.w.org\/{rel}","templated":true}]}}