{"id":6422,"date":"2020-11-04T18:26:55","date_gmt":"2020-11-04T15:26:55","guid":{"rendered":"http:\/\/mersinekonomipolitikagazetesi.com\/?p=6422"},"modified":"2020-11-04T18:26:55","modified_gmt":"2020-11-04T15:26:55","slug":"son-2-yilin-ayni-ay-ortalamalari-baz-alinacak","status":"publish","type":"post","link":"https:\/\/mersinekonomipolitikagazetesi.com\/?p=6422","title":{"rendered":"Son 2 y\u0131l\u0131n ayn\u0131 ay ortalamalar\u0131 baz al\u0131nacak"},"content":{"rendered":"<p><span style=\"line-height: 1.6em;\">\u00a0Enerji Piyasas\u0131 D\u00fczenleme Kurumu (EPDK), \u2018k\u0131yasen fatura d\u00fczenlemesi\u2019ne ili\u015fkin, &#8220;Al\u0131nan kararla vatanda\u015flar\u0131m\u0131z\u0131n faturalar\u0131na hi\u00e7bir \u015fekilde ilave bedel \u00e7\u0131kart\u0131lmas\u0131 s\u00f6z konusu de\u011fildir&#8221; a\u00e7\u0131klamas\u0131n\u0131 yapt\u0131.\u00a0<\/span><\/p>\n<p>EPDK, elektrik ve do\u011falgaz faturalar\u0131na ili\u015fkin \u2018k\u0131yasen fatura d\u00fczenlemesi\u2019 hakk\u0131nda sabah saatlerinde bir a\u00e7\u0131klama yapt\u0131. Konunun daha iyi anla\u015f\u0131lmas\u0131 ve vatanda\u015f\u0131n akl\u0131nda soru i\u015fareti kalmamas\u0131 i\u00e7in ek bir a\u00e7\u0131klama daha yapan EPDK, \u00fclke genelinde rutin saya\u00e7 okuma i\u015flemlerinin baz\u0131 durumlar hari\u00e7 devam edece\u011fini a\u00e7\u0131klad\u0131. EPDK taraf\u0131ndan yap\u0131lan \u2018k\u0131yasen fatura d\u00fczenlemesi\u2019nin \u00f6nceli\u011finin hem sekt\u00f6r \u00e7al\u0131\u015fanlar\u0131 hem de t\u00fcketicilerin sa\u011fl\u0131\u011f\u0131n\u0131 korumak oldu\u011fu a\u00e7\u0131kland\u0131. B\u00f6ylece saha \u00e7al\u0131\u015fanlar\u0131n\u0131n azami d\u00fczeyde izolasyonunun da sa\u011flanaca\u011f\u0131 aktar\u0131ld\u0131.\u00a0<br \/>\n\u0130dari kararlar neticesinde faaliyetleri ge\u00e7ici s\u00fcreyle durdurulan i\u015f yerlerinde k\u0131yasen fatura d\u00fczenlenece\u011fini a\u00e7\u0131klayan EPDK taraf\u0131ndan, \u201cAl\u0131nan kararla vatanda\u015flar\u0131m\u0131z\u0131n faturalar\u0131na hi\u00e7bir \u015fekilde ilave bedel \u00e7\u0131kart\u0131lmas\u0131 s\u00f6z konusu de\u011fildir. Saya\u00e7larda yer alan de\u011ferlerin okunmas\u0131 esas olmakla birlikte okuma esnas\u0131nda ya\u015fanabilecek yak\u0131nla\u015fma, sosyal mesafenin ortadan kalkabilece\u011fi durumlar\u0131 ortadan kald\u0131rmak hem vatanda\u015flar\u0131n hem de \u00e7al\u0131\u015fanlar\u0131n korunmas\u0131 sa\u011flanacakt\u0131r. Covid-19 ile m\u00fccadele kapsam\u0131nda elektrik ve do\u011falgaz faturalar\u0131nda k\u0131yasen fatura d\u00fczenlemesi \u00fclkemizin tamam\u0131nda uygulanmayacakt\u0131r. \u0130dari kararlar nedeniyle faaliyetleri ge\u00e7ici s\u00fcreyle durdurulan i\u015f yerlerinde k\u0131yasen fatura d\u00fczenlenmeyecektir. Hataen fatura d\u00fczenlenmesi durumunda yap\u0131lacak olan ba\u015fvurular neticesinde gerekli d\u00fczeltmeler ivedilikle yap\u0131lacakt\u0131r. Meskenler i\u00e7in ise t\u00fcketimin olmad\u0131\u011f\u0131 \u015firketler taraf\u0131ndan tespit edilebilen \u00f6\u011frenci evi, karantina veya sa\u011fl\u0131k sebepleri ile bo\u015falt\u0131lan evlerde t\u00fcketimin olmamas\u0131 nedenleri ile zaten k\u0131yasen bir fatura \u00e7\u0131kart\u0131lmas\u0131 s\u00f6z konusu olamaz. Bu \u015fekilde t\u00fcketimi olmayan ve kapal\u0131 olan yerlere fatura d\u00fczenlenmeyecektir\u201d ifadelerine yer verildi.\u00a0<br \/>\n\u00d6zellikle do\u011falgaz konusunda vatanda\u015f\u0131n ya\u015fad\u0131\u011f\u0131 endi\u015fenin yersiz oldu\u011funa de\u011finilen a\u00e7\u0131klamada, \u201c\u00d6zellikle do\u011falgaz t\u00fcketicilerimizin d\u00f6nemsel de\u011fi\u015fen t\u00fcketimlerimiz nedeni ile ge\u00e7mi\u015f t\u00fcketimlerinin k\u0131\u015f aylar\u0131nda olanlar\u0131n dikkate al\u0131nmas\u0131n\u0131n fatura tutar\u0131n\u0131 artt\u0131raca\u011f\u0131 endi\u015fesi ise yersizdir. \u015e\u00f6yle ki ge\u00e7mi\u015f aylar de\u011fil ge\u00e7mi\u015f 2 y\u0131l\u0131n ayn\u0131 t\u00fcketim d\u00f6neminin ortalamas\u0131 \u00fczerinden hesap yap\u0131laca\u011f\u0131, ge\u00e7mi\u015f d\u00f6nem t\u00fcketimlerinin olmamas\u0131 halinde emsal t\u00fcketim veya t\u00fcketici beyan\u0131 ile k\u0131yas yap\u0131lacakt\u0131r. Hi\u00e7bir vatanda\u015f\u0131m\u0131za Ocak veya \u015eubat t\u00fcketimleri baz al\u0131narak Haziran ay\u0131nda do\u011falgaz faturas\u0131 \u00e7\u0131kart\u0131lamaz\u201d denildi.\u00a0<br \/>\nKarantinaya al\u0131nan b\u00f6lgeler, idari kararlar sebebiyle saya\u00e7 okumalar\u0131n\u0131n durduruldu\u011fu b\u00f6lgeler ve sosyal mesafenin korunmas\u0131n\u0131n m\u00fcmk\u00fcn olmad\u0131\u011f\u0131 b\u00f6lgelerde \u00fclke genelinde rutin saya\u00e7 okuma i\u015flemlerinin devam edece\u011fini a\u00e7\u0131klayan EPDK, \u201cMahsupla\u015fma sonucu fazla al\u0131nan tutar olursa ya da itiraz edilir ise t\u00fcketicilere muhakkak defaten iade edilecektir. EPDK bunun teminat\u0131d\u0131r. K\u0131yasen fatura d\u00fczenlemesi son 3 ay\u0131n de\u011fil \u00f6nceki iki y\u0131l\u0131n ayn\u0131 ay ortalamalar\u0131 baz al\u0131narak belirlenecektir. \u00d6rne\u011fin; May\u0131s ay\u0131 i\u00e7in d\u00fczenlenecek faturada 2018 ve 2019 y\u0131l\u0131 May\u0131s aylar\u0131na ili\u015fkin kullan\u0131m yerinin t\u00fcketim ortalamas\u0131 kullan\u0131lacakt\u0131r. Saya\u00e7lar\u0131n uzaktan okunabildi\u011fi uzaktan saya\u00e7 okuma sistemleri kurulmu\u015f olan t\u00fcketicilerimiz, ki bunlar sanayi ve ticarethane yo\u011funlukludur, i\u00e7in saya\u00e7 de\u011ferleri \u00fczerinden i\u015flem yap\u0131lmaya devam edece\u011finden bu yerlerin t\u00fcketimini d\u00fc\u015f\u00fcrmesi veya art\u0131rmas\u0131 halinde bile ger\u00e7ek fiili t\u00fcketim de\u011feri \u00fczerinden fatura \u00e7\u0131kar\u0131lacakt\u0131r\u201d a\u00e7\u0131klamas\u0131n\u0131 yapt\u0131.\u00a0<\/p>\n","protected":false},"excerpt":{"rendered":"<p>\u00a0Enerji Piyasas\u0131 D\u00fczenleme Kurumu (EPDK), \u2018k\u0131yasen fatura d\u00fczenlemesi\u2019ne ili\u015fkin, &#8220;Al\u0131nan kararla vatanda\u015flar\u0131m\u0131z\u0131n faturalar\u0131na hi\u00e7bir \u015fekilde ilave bedel \u00e7\u0131kart\u0131lmas\u0131 s\u00f6z konusu de\u011fildir&#8221; a\u00e7\u0131klamas\u0131n\u0131 yapt\u0131.\u00a0 EPDK, elektrik ve do\u011falgaz faturalar\u0131na ili\u015fkin \u2018k\u0131yasen &hellip; <a href=\"https:\/\/mersinekonomipolitikagazetesi.com\/?p=6422\" class=\"more-link\">Devam\u0131n\u0131 Oku&#8230;<\/a><\/p>\n","protected":false},"author":1,"featured_media":0,"comment_status":"open","ping_status":"open","sticky":false,"template":"","format":"standard","meta":[],"categories":[],"tags":[],"_links":{"self":[{"href":"https:\/\/mersinekonomipolitikagazetesi.com\/index.php?rest_route=\/wp\/v2\/posts\/6422"}],"collection":[{"href":"https:\/\/mersinekonomipolitikagazetesi.com\/index.php?rest_route=\/wp\/v2\/posts"}],"about":[{"href":"https:\/\/mersinekonomipolitikagazetesi.com\/index.php?rest_route=\/wp\/v2\/types\/post"}],"author":[{"embeddable":true,"href":"https:\/\/mersinekonomipolitikagazetesi.com\/index.php?rest_route=\/wp\/v2\/users\/1"}],"replies":[{"embeddable":true,"href":"https:\/\/mersinekonomipolitikagazetesi.com\/index.php?rest_route=%2Fwp%2Fv2%2Fcomments&post=6422"}],"version-history":[{"count":0,"href":"https:\/\/mersinekonomipolitikagazetesi.com\/index.php?rest_route=\/wp\/v2\/posts\/6422\/revisions"}],"wp:attachment":[{"href":"https:\/\/mersinekonomipolitikagazetesi.com\/index.php?rest_route=%2Fwp%2Fv2%2Fmedia&parent=6422"}],"wp:term":[{"taxonomy":"category","embeddable":true,"href":"https:\/\/mersinekonomipolitikagazetesi.com\/index.php?rest_route=%2Fwp%2Fv2%2Fcategories&post=6422"},{"taxonomy":"post_tag","embeddable":true,"href":"https:\/\/mersinekonomipolitikagazetesi.com\/index.php?rest_route=%2Fwp%2Fv2%2Ftags&post=6422"}],"curies":[{"name":"wp","href":"https:\/\/api.w.org\/{rel}","templated":true}]}}