{"id":6438,"date":"2020-11-04T18:26:57","date_gmt":"2020-11-04T15:26:57","guid":{"rendered":"http:\/\/mersinekonomipolitikagazetesi.com\/?p=6438"},"modified":"2020-11-04T18:26:57","modified_gmt":"2020-11-04T15:26:57","slug":"mersinde-utanc-var","status":"publish","type":"post","link":"https:\/\/mersinekonomipolitikagazetesi.com\/?p=6438","title":{"rendered":"&#8220;MERS\u0130N\u2019DE UTAN\u00c7 VAR&#8221;"},"content":{"rendered":"<p>KKTC\u2019den gelen \u00f6\u011frencilerin ve vatanda\u015flar\u0131n 14 g\u00fcn karantina s\u00fcresinin sona ermesinin ard\u0131ndan, otob\u00fcs biletlerindeki fahi\u015f fiyat art\u0131\u015f\u0131 iddialar\u0131 sosyal medyada b\u00fcy\u00fck yank\u0131 yaratt\u0131. Memleketlerine d\u00f6nmek isteyen \u00f6\u011frenciler, #MersindeUtan\u00e7Var etiketiyle tepkilerini dile getirdi. Tepkilerin ard\u0131ndan AFAD, \u00f6\u011frencilerin memleketlerine \u00fccretsiz ula\u015ft\u0131r\u0131laca\u011f\u0131n\u0131 a\u00e7\u0131klad\u0131.\u00a0<br \/>\nKoronavir\u00fcs salg\u0131n\u0131 nedeniyle \u00fcniversitelerin tatile girmesinin ard\u0131ndan Kuzey K\u0131br\u0131s T\u00fcrk Cumhuriyeti\u2019nden -KKTC- gelen vatanda\u015flar ve \u00f6\u011frenciler, Mersin\u2019de 14 g\u00fcn s\u00fcreyle karantinaya al\u0131nm\u0131\u015ft\u0131.<br \/>\nKarantina s\u00fcresini dolduran \u00f6\u011frenciler, memleketlerine d\u00f6nmek \u00fczere AFAD taraf\u0131ndan ayarlarland\u0131\u011f\u0131n\u0131 iddia ettikleri otob\u00fcs firmalar\u0131n\u0131n bilet fiyatlar\u0131n\u0131 fahi\u015f bularak tepki g\u00f6sterdiler.<br \/>\nK\u0131br\u0131s&#8217;tan geldikleri y\u00fcksek gemi bilet fiyat\u0131ndan sonra, otob\u00fcs firmalar\u0131n\u0131n da f\u0131rsat\u00e7\u0131l\u0131k yap\u0131p, bilet fiyatlar\u0131n\u0131n \u00e7ok y\u00fcksek al\u0131nd\u0131\u011f\u0131n\u0131 belirten \u00f6\u011frenciler tepkilerini, sosyal medya hesaplar\u0131 \u00fczerinden #MersindeUtan\u00e7Var etiketiyle dile getirdiler. Tepkilerin ard\u0131ndan AFAD resmi a\u00e7\u0131klama yapt\u0131. A\u00e7\u0131klamada, &#8220;Koronavir\u00fcs salg\u0131n\u0131 nedeniyle yurtd\u0131\u015f\u0131ndan \u00fclkemize getirilen ve 14 g\u00fcnl\u00fck karantina s\u00fcresini yerle\u015ftirildikleri yurtlarda dolduran \u00fcniversite \u00f6\u011frencilerimiz, AFAD koordinasyonunda memleketlerine \u00dcCRETS\u0130Z olarak g\u00f6nderilmektedir.&#8221;ifadelerini kulland\u0131.<br \/>\n.\u00a0<br \/>\nA\u00e7\u0131lan etiket bir anda Twitter T\u00fcrkiye g\u00fcndeminde birinci s\u0131rada yer ald\u0131.<br \/>\n.\u00a0<br \/>\n\u00d6\u011frenciler, \u201cBizi okutmak i\u00e7in elleri k\u00f6m\u00fcr karas\u0131, gecesini g\u00fcnd\u00fcz\u00fcne katan babalar\u0131n evlatlar\u0131y\u0131z. Tak\u0131m elbisesi giyen, fiyakal\u0131 deri koltuklarda oturan babalar\u0131n de\u011fil. Anlay\u0131n art\u0131k kimseyi ma\u011fdur etmeyin. Zor duruma d\u00fc\u015f\u00fcrmeyin..!&#8221; ifadelerini kulland\u0131.<\/p>\n","protected":false},"excerpt":{"rendered":"<p>KKTC\u2019den gelen \u00f6\u011frencilerin ve vatanda\u015flar\u0131n 14 g\u00fcn karantina s\u00fcresinin sona ermesinin ard\u0131ndan, otob\u00fcs biletlerindeki fahi\u015f fiyat art\u0131\u015f\u0131 iddialar\u0131 sosyal medyada b\u00fcy\u00fck yank\u0131 yaratt\u0131. Memleketlerine d\u00f6nmek isteyen \u00f6\u011frenciler, #MersindeUtan\u00e7Var etiketiyle tepkilerini &hellip; <a href=\"https:\/\/mersinekonomipolitikagazetesi.com\/?p=6438\" class=\"more-link\">Devam\u0131n\u0131 Oku&#8230;<\/a><\/p>\n","protected":false},"author":1,"featured_media":0,"comment_status":"open","ping_status":"open","sticky":false,"template":"","format":"standard","meta":[],"categories":[],"tags":[],"_links":{"self":[{"href":"https:\/\/mersinekonomipolitikagazetesi.com\/index.php?rest_route=\/wp\/v2\/posts\/6438"}],"collection":[{"href":"https:\/\/mersinekonomipolitikagazetesi.com\/index.php?rest_route=\/wp\/v2\/posts"}],"about":[{"href":"https:\/\/mersinekonomipolitikagazetesi.com\/index.php?rest_route=\/wp\/v2\/types\/post"}],"author":[{"embeddable":true,"href":"https:\/\/mersinekonomipolitikagazetesi.com\/index.php?rest_route=\/wp\/v2\/users\/1"}],"replies":[{"embeddable":true,"href":"https:\/\/mersinekonomipolitikagazetesi.com\/index.php?rest_route=%2Fwp%2Fv2%2Fcomments&post=6438"}],"version-history":[{"count":0,"href":"https:\/\/mersinekonomipolitikagazetesi.com\/index.php?rest_route=\/wp\/v2\/posts\/6438\/revisions"}],"wp:attachment":[{"href":"https:\/\/mersinekonomipolitikagazetesi.com\/index.php?rest_route=%2Fwp%2Fv2%2Fmedia&parent=6438"}],"wp:term":[{"taxonomy":"category","embeddable":true,"href":"https:\/\/mersinekonomipolitikagazetesi.com\/index.php?rest_route=%2Fwp%2Fv2%2Fcategories&post=6438"},{"taxonomy":"post_tag","embeddable":true,"href":"https:\/\/mersinekonomipolitikagazetesi.com\/index.php?rest_route=%2Fwp%2Fv2%2Ftags&post=6438"}],"curies":[{"name":"wp","href":"https:\/\/api.w.org\/{rel}","templated":true}]}}