{"id":6439,"date":"2020-11-04T18:26:57","date_gmt":"2020-11-04T15:26:57","guid":{"rendered":"http:\/\/mersinekonomipolitikagazetesi.com\/?p=6439"},"modified":"2020-11-04T18:26:57","modified_gmt":"2020-11-04T15:26:57","slug":"buyuksehir-belediyesinden-seyyar-saticilara-gida-destegi","status":"publish","type":"post","link":"https:\/\/mersinekonomipolitikagazetesi.com\/?p=6439","title":{"rendered":"B\u00fcy\u00fck\u015fehir Belediyesinden seyyar sat\u0131c\u0131lara g\u0131da deste\u011fi"},"content":{"rendered":"<p>\u00a0Mersin B\u00fcy\u00fck\u015fehir Belediyesi, korona vir\u00fcs salg\u0131n\u0131 nedeniyle \u2018evde kal\u2019 \u00e7a\u011fr\u0131s\u0131 yapt\u0131\u011f\u0131 sahilde izinli olarak sat\u0131\u015f yapan seyyar sat\u0131c\u0131lara destek oldu. B\u00fcy\u00fck\u015fehir Belediyesi zab\u0131ta ekipleri, \u00e7a\u011fr\u0131ya uyarak seyyar ara\u00e7lar\u0131n\u0131 k\u0131za\u011fa \u00e7eken sat\u0131c\u0131lar\u0131n evlerine g\u0131da ve sa\u011fl\u0131k paketi ile s\u00fct g\u00f6t\u00fcrd\u00fc.\u00a0<br \/>\n\u00a0 B\u00fcy\u00fck\u015fehir Belediyesinden yap\u0131lan a\u00e7\u0131klamaya g\u00f6re, korona vir\u00fcsle m\u00fccadele s\u00fcrecinde evlerine kapanan 50 seyyar sat\u0131c\u0131ya, ekonomik zorluklar nedeniyle ma\u011fdur olmamalar\u0131 i\u00e7in 15 farkl\u0131 g\u0131da malzemesinin yer ald\u0131\u011f\u0131 toplam 50 g\u0131da kolisi, 50 sa\u011fl\u0131k paketi ve \u00e7ocuklar\u0131 i\u00e7in toplam 100 kutu s\u00fct ula\u015ft\u0131r\u0131ld\u0131. B\u00fcy\u00fck\u015fehir Belediyesi Zab\u0131ta Dairesi Ba\u015fkanl\u0131\u011f\u0131 ekipleri, seyyar sat\u0131c\u0131lar\u0131n evlerine tek tek giderek paketleri teslim etti.\u00a0<br \/>\n\u00a0<br \/>\n\u00a0 B\u00fcy\u00fck\u015fehir\u2019in seyyar sat\u0131c\u0131lar i\u00e7in geli\u015ftirdi\u011fi projenin ilk aya\u011f\u0131 sahilde uygulanm\u0131\u015ft\u0131\u00a0<br \/>\n\u00a0 B\u00fcy\u00fck\u015fehir Belediyesi, yak\u0131n zamanda kentteki seyyar sat\u0131c\u0131lar i\u00e7in geli\u015ftirdi\u011fi projenin ilk aya\u011f\u0131n\u0131 sahil \u015feridinde uygulam\u0131\u015ft\u0131. Sahil \u015feridinde da\u011f\u0131n\u0131k bi\u00e7imde sat\u0131\u015f yapan seyyar sat\u0131c\u0131lar, kay\u0131t alt\u0131na al\u0131narak, tek tip bir g\u00f6r\u00fcn\u00fcme kavu\u015fturulmu\u015ftu. \u0130lk etapta 25 seyyar sat\u0131c\u0131yla ba\u015flayan \u00e7al\u0131\u015fma kapsam\u0131nda seyyar sat\u0131c\u0131lar\u0131n tek tip ara\u00e7 ve k\u0131yafetlerinin standartlar\u0131n\u0131 belirleyen B\u00fcy\u00fck\u015fehir Belediyesi, vergi m\u00fckellefi olarak hijyenik ve modern \u015fartlarda sat\u0131\u015f yapmalar\u0131n\u0131n \u00f6n\u00fcn\u00fc a\u00e7m\u0131\u015ft\u0131. Projenin ikinci etab\u0131nda 25 seyyar sat\u0131c\u0131 daha kay\u0131t alt\u0131na al\u0131nd\u0131. E\u011fitimlerini tamamlayan seyyar sat\u0131c\u0131lar\u0131n tek tip ara\u00e7 ve k\u0131yafetleri ile i\u015flerinin ba\u015f\u0131na ge\u00e7ece\u011fi s\u00fcre\u00e7te, korona vir\u00fcs\u00fcn T\u00fcrkiye\u2019yi de etkisi alt\u0131na ald\u0131\u011f\u0131 a\u00e7\u0131kland\u0131.\u00a0<br \/>\n\u00a0<br \/>\n\u00a0 \u201cSeyyar faaliyet g\u00f6steren vatanda\u015flar\u0131m\u0131za evden \u00e7\u0131kmamalar\u0131n\u0131 s\u00f6yledik\u201d\u00a0<br \/>\n\u00a0 Mersin B\u00fcy\u00fck\u015fehir Belediyesi Zab\u0131ta Dairesi Ba\u015fkanl\u0131\u011f\u0131 Denetleme Zab\u0131ta \u015eube M\u00fcd\u00fcr Vekili Sad\u0131k Uysal, projenin hem seyyar sat\u0131c\u0131lara hem de kendilerinden al\u0131\u015fveri\u015f yapan vatanda\u015flara y\u00f6nelik olumlu yans\u0131malar\u0131 oldu\u011funu belirtti. Kay\u0131tl\u0131 seyyar sat\u0131c\u0131lar\u0131 ya\u015fanan zorlu s\u00fcre\u00e7te yaln\u0131z b\u0131rakmad\u0131klar\u0131n\u0131 s\u00f6yleyen Uysal, \u201cBiz bu projeden yararlanan, izin \u00e7er\u00e7evesinde seyyar faaliyet g\u00f6steren vatanda\u015flar\u0131m\u0131za korona vir\u00fcsten kaynakl\u0131 evden \u00e7\u0131kmamalar\u0131n\u0131 s\u00f6yledik. Onlar da bu s\u00fcre\u00e7te hi\u00e7bir sorun \u00e7\u0131karmad\u0131. Ama zamanla do\u011fal olarak ge\u00e7im darl\u0131\u011f\u0131na d\u00fc\u015f\u00fcl\u00fcyor. Dolay\u0131s\u0131yla vatanda\u015flar\u0131m\u0131za verilen g\u0131da yard\u0131m\u0131n\u0131n proje kapsam\u0131nda bulunan seyyar sat\u0131c\u0131lara da verilmesi do\u011frultusunda g\u00f6r\u00fc\u015fmelerimiz oldu. Uygun g\u00f6r\u00fcld\u00fc, g\u0131da da\u011f\u0131t\u0131m\u0131 da \u015fu anda yap\u0131l\u0131yor\u201d diye konu\u015ftu.\u00a0<br \/>\n\u00a0<br \/>\n\u00a0 \u201c\u00c7ok g\u00fczel bir \u00e7al\u0131\u015fmayla kar\u015f\u0131la\u015ft\u0131k\u201d\u00a0<br \/>\n\u00a0 Seyyar Sat\u0131c\u0131lar Derne\u011fi Ba\u015fkan\u0131 Mehmet Aslan da kendisinin de 25 y\u0131l sahilde seyyar sat\u0131c\u0131l\u0131k yapt\u0131\u011f\u0131n\u0131 s\u00f6yledi. Proje ile rahat bir nefes ald\u0131klar\u0131n\u0131 ifade eden Aslan, korona vir\u00fcs salg\u0131n\u0131 s\u00fcrecinde de seyyar sat\u0131c\u0131lar\u0131n B\u00fcy\u00fck\u015fehir Belediyesinin deste\u011fini hissettiklerini s\u00f6yledi. Seyyar sat\u0131c\u0131lar\u0131n bu s\u00fcre\u00e7te s\u0131k\u0131nt\u0131larla kar\u015f\u0131la\u015ft\u0131klar\u0131n\u0131 vurgulayan Aslan, B\u00fcy\u00fck\u015fehir\u2019e taleplerini ilettiklerini belirterek, \u201cBurada \u00e7ok g\u00fczel bir \u00e7al\u0131\u015fmayla kar\u015f\u0131la\u015ft\u0131k. Birlikte ev ev geziyoruz\u201d dedi.\u00a0<br \/>\n\u00a0<br \/>\n\u00a0 \u201cSa\u011f olsunlar, bize yard\u0131mc\u0131 oluyorlar\u201d\u00a0<br \/>\n\u00a0 Sahilde izinli olarak sat\u0131\u015f yapan Muhammet Re\u015fit Altunda\u015f ise ya\u015fanan s\u00fcre\u00e7te sat\u0131\u015flar\u0131nda d\u00fc\u015f\u00fc\u015f oldu\u011funu s\u00f6yledi. B\u00fcy\u00fck\u015fehir\u2019in deste\u011finin zor bir d\u00f6nemde kendilerine nefes verdi\u011fini ifade eden Altunda\u015f, \u201cMersin B\u00fcy\u00fck\u015fehir Belediyesinin bize sahilde seyyar sat\u0131c\u0131l\u0131kla ilgili sunmu\u015f oldu\u011fu proje kapsam\u0131 i\u00e7erisindeyiz. \u015eu s\u0131ralar zaten i\u015fe \u00e7\u0131kam\u0131yoruz. Mesire alanlar\u0131na falan da k\u0131s\u0131tlama geldi. \u00c7al\u0131\u015famad\u0131\u011f\u0131m\u0131z i\u00e7in biz de evde kal\u0131yoruz. Sa\u011f olsunlar, bize yard\u0131mc\u0131 oluyorlar\u201d \u015feklinde konu\u015ftu.\u00a0<\/p>\n","protected":false},"excerpt":{"rendered":"<p>\u00a0Mersin B\u00fcy\u00fck\u015fehir Belediyesi, korona vir\u00fcs salg\u0131n\u0131 nedeniyle \u2018evde kal\u2019 \u00e7a\u011fr\u0131s\u0131 yapt\u0131\u011f\u0131 sahilde izinli olarak sat\u0131\u015f yapan seyyar sat\u0131c\u0131lara destek oldu. B\u00fcy\u00fck\u015fehir Belediyesi zab\u0131ta ekipleri, \u00e7a\u011fr\u0131ya uyarak seyyar ara\u00e7lar\u0131n\u0131 k\u0131za\u011fa \u00e7eken &hellip; <a href=\"https:\/\/mersinekonomipolitikagazetesi.com\/?p=6439\" class=\"more-link\">Devam\u0131n\u0131 Oku&#8230;<\/a><\/p>\n","protected":false},"author":1,"featured_media":0,"comment_status":"open","ping_status":"open","sticky":false,"template":"","format":"standard","meta":[],"categories":[],"tags":[],"_links":{"self":[{"href":"https:\/\/mersinekonomipolitikagazetesi.com\/index.php?rest_route=\/wp\/v2\/posts\/6439"}],"collection":[{"href":"https:\/\/mersinekonomipolitikagazetesi.com\/index.php?rest_route=\/wp\/v2\/posts"}],"about":[{"href":"https:\/\/mersinekonomipolitikagazetesi.com\/index.php?rest_route=\/wp\/v2\/types\/post"}],"author":[{"embeddable":true,"href":"https:\/\/mersinekonomipolitikagazetesi.com\/index.php?rest_route=\/wp\/v2\/users\/1"}],"replies":[{"embeddable":true,"href":"https:\/\/mersinekonomipolitikagazetesi.com\/index.php?rest_route=%2Fwp%2Fv2%2Fcomments&post=6439"}],"version-history":[{"count":0,"href":"https:\/\/mersinekonomipolitikagazetesi.com\/index.php?rest_route=\/wp\/v2\/posts\/6439\/revisions"}],"wp:attachment":[{"href":"https:\/\/mersinekonomipolitikagazetesi.com\/index.php?rest_route=%2Fwp%2Fv2%2Fmedia&parent=6439"}],"wp:term":[{"taxonomy":"category","embeddable":true,"href":"https:\/\/mersinekonomipolitikagazetesi.com\/index.php?rest_route=%2Fwp%2Fv2%2Fcategories&post=6439"},{"taxonomy":"post_tag","embeddable":true,"href":"https:\/\/mersinekonomipolitikagazetesi.com\/index.php?rest_route=%2Fwp%2Fv2%2Ftags&post=6439"}],"curies":[{"name":"wp","href":"https:\/\/api.w.org\/{rel}","templated":true}]}}