{"id":6441,"date":"2020-11-04T18:26:57","date_gmt":"2020-11-04T15:26:57","guid":{"rendered":"http:\/\/mersinekonomipolitikagazetesi.com\/?p=6441"},"modified":"2020-11-04T18:26:57","modified_gmt":"2020-11-04T15:26:57","slug":"mersinde-nisan-ayi-su-faturalarinda-korona-virus-duzenlemesi","status":"publish","type":"post","link":"https:\/\/mersinekonomipolitikagazetesi.com\/?p=6441","title":{"rendered":"Mersin&#8217;de nisan ay\u0131 su faturalar\u0131nda korona vir\u00fcs d\u00fczenlemesi"},"content":{"rendered":"<p>\u00a0Mersin B\u00fcy\u00fck\u015fehir Belediye Ba\u015fkan\u0131 Vahap Se\u00e7er\u2019in korona vir\u00fcs salg\u0131n\u0131 ile m\u00fccadele kapsam\u0131nda dar gelirliler ve esnaf i\u00e7in su faturalar\u0131nda gerekli kolayl\u0131\u011f\u0131n sa\u011flanaca\u011f\u0131n\u0131 a\u00e7\u0131klanmas\u0131n\u0131n ard\u0131ndan, Mersin Su ve Kanalizasyon \u0130daresi (MESK\u0130) Genel M\u00fcd\u00fcrl\u00fc\u011f\u00fc&#8217;n\u00fcn nisan ay\u0131 faturalar\u0131 i\u00e7in d\u00fczenlemeye gitti bildirildi.\u00a0 \u00a0<br \/>\n\u00a0 MESK\u0130 Genel M\u00fcd\u00fcrl\u00fc\u011f\u00fc\u2019den yap\u0131lan a\u00e7\u0131klamada, korona vir\u00fcs salg\u0131n\u0131ndan dolay\u0131 Mersin halk\u0131na nisan ay\u0131 faturaland\u0131rmas\u0131 i\u00e7in saya\u00e7 okuma ve fatura i\u015flemlerinde yeni d\u00fczenlemeler getirildi\u011fi vurguland\u0131.\u00a0<br \/>\n\u00a0 A\u00e7\u0131klamada yeni d\u00fczenlemeler \u015fu \u015fekilde s\u0131raland\u0131; &#8220;6360 say\u0131l\u0131 yasa ile k\u00f6ylerden mahalleye d\u00f6n\u00fc\u015fen yerlerde oturan vatanda\u015flar\u0131m\u0131z i\u00e7in, kas\u0131m 2019 d\u00f6neminde su t\u00fcketimi yapan ve faturas\u0131 \u00e7\u0131kan abonelerimize son 1 y\u0131l ortalamas\u0131na g\u00f6re nisan ay\u0131 faturaland\u0131rmalar\u0131 yap\u0131lacakt\u0131r. Mesken abonelerinde, 2020 y\u0131l\u0131n\u0131n Ocak, \u015eubat ve Mart aylar\u0131nda faturaland\u0131rmas\u0131 yap\u0131lan abonelerimize 1 y\u0131ll\u0131k ortalama t\u00fcketimlerine g\u00f6re faturaland\u0131rma i\u015flemi yap\u0131lacakt\u0131r. \u0130\u015fyeri abonelerinde, 2020 y\u0131l\u0131n\u0131n Ocak, \u015eubat ve Mart aylar\u0131nda, 75 metrek\u00fcp ve \u00fcst\u00fc kullan\u0131m yapan abonelerimize 1 y\u0131ll\u0131k ortalama t\u00fcketimlerine g\u00f6re nisan ay\u0131nda faturaland\u0131rma i\u015flemi yap\u0131lacakt\u0131r. Ayr\u0131ca i\u015fyeri abonelerimizde son 1 y\u0131l ortalamas\u0131 0 ile 75 metrek\u00fcp aras\u0131 ise nisan ay\u0131nda su faturas\u0131 d\u00fczenlenmeyecektir. Resmi daireler, in\u015faatlar, kamu yarar\u0131na hizmet eden kurumlar\u0131n 1 y\u0131ll\u0131k ortalama t\u00fcketimlerine g\u00f6re nisan ay\u0131nda faturaland\u0131rma i\u015flemi yap\u0131lacakt\u0131r. Ayr\u0131ca halk kart sahiplerinin 0 &#8211; 10 metrek\u00fcpe kadar su t\u00fcketim bedeli B\u00fcy\u00fck\u015fehir Belediyesi taraf\u0131ndan kar\u015f\u0131lanacakt\u0131r.\u201d\u00a0<br \/>\n\u00a0 Korona vir\u00fcs salg\u0131n\u0131ndan dolay\u0131 MESK\u0130 taraf\u0131ndan d\u00fczenlenen nisan ay\u0131 fatura hesaplama kriterlerinin, 6 Nisan gece 01.00 itibariyle ba\u015flayaca\u011f\u0131 ifade edilen a\u00e7\u0131klamada, her abone i\u00e7in daha \u00f6nceki okumas\u0131 hangi g\u00fcn yap\u0131lm\u0131\u015fsa ona g\u00f6re faturas\u0131n\u0131n hesaplan\u0131p sisteme eklenece\u011fi kaydedildi. Ertesi g\u00fcn sabah 08.00 itibariyle gece olu\u015fan faturalar\u0131n bilgilendirmesinin ise abonelerin telefonlar\u0131na mesaj olarak at\u0131laca\u011f\u0131, sistemde mail adresi bulunan abonelere faturalar\u0131n\u0131n maillerinin otomatik olarak g\u00f6nderilece\u011fi belirtildi.\u00a0<br \/>\n\u00a0 Yeni abonelerin de ge\u00e7ti\u011fimiz aylarda hangi g\u00fcn su faturalar\u0131n\u0131 ald\u0131ysa, yine ayn\u0131 zamanda faturalar\u0131n\u0131 \u00f6\u011frenip, \u00f6deme yapabilece\u011fi vurguland\u0131.\u00a0<\/p>\n","protected":false},"excerpt":{"rendered":"<p>\u00a0Mersin B\u00fcy\u00fck\u015fehir Belediye Ba\u015fkan\u0131 Vahap Se\u00e7er\u2019in korona vir\u00fcs salg\u0131n\u0131 ile m\u00fccadele kapsam\u0131nda dar gelirliler ve esnaf i\u00e7in su faturalar\u0131nda gerekli kolayl\u0131\u011f\u0131n sa\u011flanaca\u011f\u0131n\u0131 a\u00e7\u0131klanmas\u0131n\u0131n ard\u0131ndan, Mersin Su ve Kanalizasyon \u0130daresi (MESK\u0130) &hellip; <a href=\"https:\/\/mersinekonomipolitikagazetesi.com\/?p=6441\" class=\"more-link\">Devam\u0131n\u0131 Oku&#8230;<\/a><\/p>\n","protected":false},"author":1,"featured_media":0,"comment_status":"open","ping_status":"open","sticky":false,"template":"","format":"standard","meta":[],"categories":[],"tags":[],"_links":{"self":[{"href":"https:\/\/mersinekonomipolitikagazetesi.com\/index.php?rest_route=\/wp\/v2\/posts\/6441"}],"collection":[{"href":"https:\/\/mersinekonomipolitikagazetesi.com\/index.php?rest_route=\/wp\/v2\/posts"}],"about":[{"href":"https:\/\/mersinekonomipolitikagazetesi.com\/index.php?rest_route=\/wp\/v2\/types\/post"}],"author":[{"embeddable":true,"href":"https:\/\/mersinekonomipolitikagazetesi.com\/index.php?rest_route=\/wp\/v2\/users\/1"}],"replies":[{"embeddable":true,"href":"https:\/\/mersinekonomipolitikagazetesi.com\/index.php?rest_route=%2Fwp%2Fv2%2Fcomments&post=6441"}],"version-history":[{"count":0,"href":"https:\/\/mersinekonomipolitikagazetesi.com\/index.php?rest_route=\/wp\/v2\/posts\/6441\/revisions"}],"wp:attachment":[{"href":"https:\/\/mersinekonomipolitikagazetesi.com\/index.php?rest_route=%2Fwp%2Fv2%2Fmedia&parent=6441"}],"wp:term":[{"taxonomy":"category","embeddable":true,"href":"https:\/\/mersinekonomipolitikagazetesi.com\/index.php?rest_route=%2Fwp%2Fv2%2Fcategories&post=6441"},{"taxonomy":"post_tag","embeddable":true,"href":"https:\/\/mersinekonomipolitikagazetesi.com\/index.php?rest_route=%2Fwp%2Fv2%2Ftags&post=6441"}],"curies":[{"name":"wp","href":"https:\/\/api.w.org\/{rel}","templated":true}]}}