{"id":6442,"date":"2020-11-04T18:26:57","date_gmt":"2020-11-04T15:26:57","guid":{"rendered":"http:\/\/mersinekonomipolitikagazetesi.com\/?p=6442"},"modified":"2020-11-04T18:26:57","modified_gmt":"2020-11-04T15:26:57","slug":"mersinde-belediye-baskani-pazarda-maskesiz-gezenlere-gecit-vermedi","status":"publish","type":"post","link":"https:\/\/mersinekonomipolitikagazetesi.com\/?p=6442","title":{"rendered":"Mersin\u2019de belediye ba\u015fkan\u0131 pazarda maskesiz gezenlere ge\u00e7it vermedi"},"content":{"rendered":"<p>Mersin\u2019de, korona vir\u00fcs salg\u0131n\u0131yla m\u00fccadelede s\u0131k\u0131 denetimi elden b\u0131rakmayan Akdeniz Belediye Ba\u015fkan\u0131 Muhammet Mustafa G\u00fcltak, pazar yerlerinde maskesiz al\u0131\u015fveri\u015f yapanlara ge\u00e7it vermedi. G\u00fcne\u015f Mahallesi Kapal\u0131 Semt Pazar\u0131nda denetime \u00e7\u0131kan Ba\u015fkan G\u00fcltak, vatanda\u015flar\u0131n pazara maskesiz girmelerine izin vermeyerek maske, eldiven ve dezenfektan da\u011f\u0131tt\u0131.\u00a0<br \/>\n\u00a0 Korona vir\u00fcs salg\u0131n\u0131n\u0131n yay\u0131lmas\u0131n\u0131 \u00f6nlemek amac\u0131yla hayata ge\u00e7irilen s\u0131k\u0131 \u00f6nlemler \u00e7er\u00e7evesinde, pazar yerlerine de d\u00fczenleme getirilmi\u015f, vatanda\u015flar\u0131n maskesiz pazara girmeleri yasaklanm\u0131\u015ft\u0131. Mersin\u2019in merkez il\u00e7e Akdeniz Belediyesi, \u00f6nlemler kapsam\u0131nda pazar yerlerindeki denetimlerini s\u0131kla\u015ft\u0131r\u0131rken, Ba\u015fkan Mustafa G\u00fcltak, bizzat denetime \u00e7\u0131kt\u0131. G\u00fcne\u015f Mahallesi Kapal\u0131 Semt Pazar\u0131nda denetim yapan G\u00fcltak, pazar giri\u015finde ve i\u00e7inde hem sat\u0131c\u0131lar\u0131 hem vatanda\u015flar\u0131 vir\u00fcse kar\u015f\u0131 uyard\u0131. Pazara maskesiz gelen vatanda\u015flara, vir\u00fcsle ilgili bilgiler vererek, bir daha maskesiz gelmemelerini isteyen G\u00fcltak, bu vatanda\u015flar\u0131n pazara maske ve eldivenle girmelerini sa\u011flad\u0131. Pazar i\u00e7inde maskesiz dola\u015fan vatanda\u015flar\u0131 da an\u0131nda uyaran G\u00fcltak, onlara da maske ve eldiven da\u011f\u0131tt\u0131.\u00a0<br \/>\n\u00a0 Pazar i\u00e7indeki sat\u0131c\u0131lar\u0131 da denetleyen G\u00fcltak, sat\u0131c\u0131lar\u0131n 3 metre kural\u0131na uymalar\u0131ndan, maske ve eldivenle sat\u0131\u015f yapmalar\u0131ndan, se\u00e7meye izin vermemelerinden duydu\u011fu memnuniyeti dile getirdi.\u00a0<br \/>\n\u00a0 Pazar giri\u015finde ve i\u00e7inde zab\u0131ta ekipleri de Ba\u015fkan G\u00fcltak ile birlikte vatanda\u015flara maske, dezenfektan ve eldiven da\u011f\u0131tt\u0131.\u00a0<br \/>\n\u00a0<br \/>\n\u00a0 \u201cKurallara uydu\u011fumuzda biz bu i\u015fi bir aya kalmaz bitiririz\u201d\u00a0<\/p>\n<p>\n\u00a0 Ba\u015fkan G\u00fcltak, denetimin ard\u0131ndan gazetecilere yapt\u0131\u011f\u0131 a\u00e7\u0131klamada, G\u00fcne\u015f Mahallesi Kapal\u0131 Semt Pazar\u0131nda denetim yapt\u0131klar\u0131n\u0131 s\u00f6yledi. Zab\u0131ta ekiplerinin 7\/24 hizmet verdiklerini belirten G\u00fcltak, \u201cCumhurba\u015fkanl\u0131\u011f\u0131m\u0131z\u0131n \u00e7\u0131kard\u0131\u011f\u0131 t\u00fcm kurallar\u0131 yerlerinde bir ben denetleyeyim dedim. Pazar mesafelerine bakt\u0131m, maskesiz kimsenin girmemesi i\u00e7in giri\u015f \u00e7\u0131k\u0131\u015flar\u0131 bu pazarda ikiye indirdik ve maske da\u011f\u0131t\u0131m\u0131 yap\u0131yor zab\u0131tam\u0131z. Ayr\u0131ca, kendi haz\u0131rlad\u0131\u011f\u0131m\u0131z 10 bin dezenfektana ek olarak 10 bin tane daha dezenfektan haz\u0131rlad\u0131k. \u015eu an onlar da\u011f\u0131t\u0131l\u0131yor. Eldiven da\u011f\u0131t\u0131l\u0131yor. Zab\u0131tam\u0131z burada vatanda\u015f\u0131m\u0131z\u0131n maskesiz, eldivensiz i\u00e7eriye girmesine izin vermiyor\u201d dedi.\u00a0<br \/>\n\u00a0 Pazarc\u0131 esnaf\u0131n\u0131n hepsinin kurallara uydu\u011funu g\u00f6zlemledi\u011fini de dile getiren G\u00fcltak, \u201cEsnam\u0131z\u0131n hepsi kurallara uyuyor. Tezgahlar aras\u0131 mesafeler uygun. Sosyal mesafeler dikkatli bir \u015fekilde takip ediliyor. Bu g\u00fczel bir \u015fey. Bilim Kurulunun s\u00f6yledi\u011fi kurallara uydu\u011fumuzda hi\u00e7bir s\u0131k\u0131nt\u0131 \u00e7\u0131kmayacak. Ayn\u0131 zamanda eczac\u0131 oldu\u011fumdan vatanda\u015fa \u015funlar\u0131 s\u00f6yl\u00fcyorum; sosyal mesafelerimizi koruyal\u0131m, maskelerimizi takal\u0131m ve mecbur kalmad\u0131\u011f\u0131m\u0131z s\u00fcrece evden \u00e7\u0131kmayal\u0131m. Bu kurallara uydu\u011fumuzda biz bu i\u015fi bir aya kalmaz bitiririz. Ama \u00f6nemli olan bizim bu kurallara uymam\u0131z\u201d diye konu\u015ftu.\u00a0<br \/>\n\u00a0<br \/>\n\u00a0 \u201cG\u00fcnl\u00fck 5 binin \u00fczerinde maske \u00fcretiyoruz\u201d\u00a0<\/p>\n<p>\n\u00a0 G\u00fcltak, maske s\u0131k\u0131nt\u0131s\u0131 nedeniyle belediyenin mahalle evlerinde yakla\u015f\u0131k 30 kad\u0131n \u00e7al\u0131\u015ft\u0131rd\u0131klar\u0131n\u0131 kaydederek, \u201cG\u00fcnl\u00fck yevmiyelerini veriyoruz ve 5 binin \u00fczerinde maske \u00fcretiyoruz. Bu maskelerimizi de Sa\u011fl\u0131k \u0130l M\u00fcd\u00fcrl\u00fc\u011f\u00fcm\u00fcze teslim ediyoruz. B\u00f6ylelikle hem \u00fclkemize hem \u015fehrimize maske konusunda yard\u0131mc\u0131 oluyoruz hem de mahallelerimizde 30 han\u0131mefendinin evlerine katk\u0131 vermelerini sa\u011fl\u0131yoruz\u201d ifadelerini kulland\u0131.\u00a0<br \/>\n\u00a0 G\u00fcnl\u00fck 100 bin litre kullanarak hem yollar\u0131 hem sokaklar\u0131 dezenfekte ettikleri bilgisini de verin G\u00fcltak, il\u00e7e genelindeki bir\u00e7ok noktay\u0131 100 ki\u015filik ekiple her g\u00fcn dezenfekte ettiklerini s\u00f6yledi. G\u00fcltak, vatanda\u015flara seslenerek, \u201cEvde kakal\u0131m. Hayat eve s\u0131\u011far\u201d \u00e7a\u011fr\u0131s\u0131 yapt\u0131.\u00a0<br \/>\n\u00a0 Pazarc\u0131 esnaf\u0131 ve al\u0131\u015fveri\u015fe gelen vatanda\u015flar da getirilen kurallara s\u0131k\u0131 s\u0131k\u0131 uyduklar\u0131n\u0131 belirterek, hem kendi sa\u011fl\u0131klar\u0131 hem de t\u00fcm insanlar\u0131n sa\u011fl\u0131\u011f\u0131 i\u00e7in herkese maske takmalar\u0131 \u00e7a\u011fr\u0131s\u0131nda bulundular.<\/p>\n","protected":false},"excerpt":{"rendered":"<p>Mersin\u2019de, korona vir\u00fcs salg\u0131n\u0131yla m\u00fccadelede s\u0131k\u0131 denetimi elden b\u0131rakmayan Akdeniz Belediye Ba\u015fkan\u0131 Muhammet Mustafa G\u00fcltak, pazar yerlerinde maskesiz al\u0131\u015fveri\u015f yapanlara ge\u00e7it vermedi. G\u00fcne\u015f Mahallesi Kapal\u0131 Semt Pazar\u0131nda denetime \u00e7\u0131kan Ba\u015fkan &hellip; <a href=\"https:\/\/mersinekonomipolitikagazetesi.com\/?p=6442\" class=\"more-link\">Devam\u0131n\u0131 Oku&#8230;<\/a><\/p>\n","protected":false},"author":1,"featured_media":0,"comment_status":"open","ping_status":"open","sticky":false,"template":"","format":"standard","meta":[],"categories":[],"tags":[],"_links":{"self":[{"href":"https:\/\/mersinekonomipolitikagazetesi.com\/index.php?rest_route=\/wp\/v2\/posts\/6442"}],"collection":[{"href":"https:\/\/mersinekonomipolitikagazetesi.com\/index.php?rest_route=\/wp\/v2\/posts"}],"about":[{"href":"https:\/\/mersinekonomipolitikagazetesi.com\/index.php?rest_route=\/wp\/v2\/types\/post"}],"author":[{"embeddable":true,"href":"https:\/\/mersinekonomipolitikagazetesi.com\/index.php?rest_route=\/wp\/v2\/users\/1"}],"replies":[{"embeddable":true,"href":"https:\/\/mersinekonomipolitikagazetesi.com\/index.php?rest_route=%2Fwp%2Fv2%2Fcomments&post=6442"}],"version-history":[{"count":0,"href":"https:\/\/mersinekonomipolitikagazetesi.com\/index.php?rest_route=\/wp\/v2\/posts\/6442\/revisions"}],"wp:attachment":[{"href":"https:\/\/mersinekonomipolitikagazetesi.com\/index.php?rest_route=%2Fwp%2Fv2%2Fmedia&parent=6442"}],"wp:term":[{"taxonomy":"category","embeddable":true,"href":"https:\/\/mersinekonomipolitikagazetesi.com\/index.php?rest_route=%2Fwp%2Fv2%2Fcategories&post=6442"},{"taxonomy":"post_tag","embeddable":true,"href":"https:\/\/mersinekonomipolitikagazetesi.com\/index.php?rest_route=%2Fwp%2Fv2%2Ftags&post=6442"}],"curies":[{"name":"wp","href":"https:\/\/api.w.org\/{rel}","templated":true}]}}