{"id":6443,"date":"2020-11-04T18:26:57","date_gmt":"2020-11-04T15:26:57","guid":{"rendered":"http:\/\/mersinekonomipolitikagazetesi.com\/?p=6443"},"modified":"2020-11-04T18:26:57","modified_gmt":"2020-11-04T15:26:57","slug":"mutta-korona-virus-onlemleri","status":"publish","type":"post","link":"https:\/\/mersinekonomipolitikagazetesi.com\/?p=6443","title":{"rendered":"Mut\u2019ta korona vir\u00fcs \u00f6nlemleri"},"content":{"rendered":"<p>Mersin&#8217;in Mut il\u00e7esinde, korona vir\u00fcse kar\u015f\u0131 al\u0131nan \u00f6nlemler kapsam\u0131nda pazar yerlerine giri\u015fler tek noktadan yap\u0131l\u0131yor.\u00a0<br \/>\n\u00a0 Belediye Ba\u015fkan\u0131 Volkan \u015eeker, yay\u0131nlanan genelge sonras\u0131 pazar yerlerinin giri\u015f ve \u00e7\u0131k\u0131\u015flar\u0131n\u0131n tek noktadan olmas\u0131 i\u00e7in harekete ge\u00e7ti. Belediye Zab\u0131ta M\u00fcd\u00fcrl\u00fc\u011f\u00fc ekipleri, il\u00e7ede kurulan sebze ve meyve pazar\u0131 giri\u015f ve \u00e7\u0131k\u0131\u015f\u0131n\u0131 tek yerden sa\u011fl\u0131yor. Pazara giri\u015f ve \u00e7\u0131k\u0131\u015flar\u0131 kontroll\u00fc \u015fekilde sa\u011flayan belediye ekipleri, vatanda\u015fa maske ve eldiven da\u011f\u0131t\u0131m\u0131 yaparak ate\u015fini de \u00f6l\u00e7\u00fcyor. Ba\u015fkan \u015eeker, &#8220;Belediye olarak tedbirlerimizi almaya devam ediyoruz. Yay\u0131nlanan genelge ile pazar yerlerine maskesiz girmek yasakland\u0131. Biz daha \u00f6nce yapt\u0131\u011f\u0131m\u0131z gibi pazar giri\u015finde maske da\u011f\u0131t\u0131m\u0131na devam ediyoruz. Bunun yan\u0131nda eldiven verip halk\u0131m\u0131z\u0131n ate\u015fini \u00f6l\u00e7\u00fcyoruz. Halk\u0131m\u0131z kurallara uydu\u011fu takdirde biz bu salg\u0131n\u0131n \u00fcstesinden millet\u00e7e geliriz. L\u00fctfen maskesiz ve tedbirsiz d\u0131\u015far\u0131 \u00e7\u0131kmay\u0131n\u0131z\u201d dedi.\u00a0<\/p>\n","protected":false},"excerpt":{"rendered":"<p>Mersin&#8217;in Mut il\u00e7esinde, korona vir\u00fcse kar\u015f\u0131 al\u0131nan \u00f6nlemler kapsam\u0131nda pazar yerlerine giri\u015fler tek noktadan yap\u0131l\u0131yor.\u00a0 \u00a0 Belediye Ba\u015fkan\u0131 Volkan \u015eeker, yay\u0131nlanan genelge sonras\u0131 pazar yerlerinin giri\u015f ve \u00e7\u0131k\u0131\u015flar\u0131n\u0131n tek noktadan &hellip; <a href=\"https:\/\/mersinekonomipolitikagazetesi.com\/?p=6443\" class=\"more-link\">Devam\u0131n\u0131 Oku&#8230;<\/a><\/p>\n","protected":false},"author":1,"featured_media":0,"comment_status":"open","ping_status":"open","sticky":false,"template":"","format":"standard","meta":[],"categories":[],"tags":[],"_links":{"self":[{"href":"https:\/\/mersinekonomipolitikagazetesi.com\/index.php?rest_route=\/wp\/v2\/posts\/6443"}],"collection":[{"href":"https:\/\/mersinekonomipolitikagazetesi.com\/index.php?rest_route=\/wp\/v2\/posts"}],"about":[{"href":"https:\/\/mersinekonomipolitikagazetesi.com\/index.php?rest_route=\/wp\/v2\/types\/post"}],"author":[{"embeddable":true,"href":"https:\/\/mersinekonomipolitikagazetesi.com\/index.php?rest_route=\/wp\/v2\/users\/1"}],"replies":[{"embeddable":true,"href":"https:\/\/mersinekonomipolitikagazetesi.com\/index.php?rest_route=%2Fwp%2Fv2%2Fcomments&post=6443"}],"version-history":[{"count":0,"href":"https:\/\/mersinekonomipolitikagazetesi.com\/index.php?rest_route=\/wp\/v2\/posts\/6443\/revisions"}],"wp:attachment":[{"href":"https:\/\/mersinekonomipolitikagazetesi.com\/index.php?rest_route=%2Fwp%2Fv2%2Fmedia&parent=6443"}],"wp:term":[{"taxonomy":"category","embeddable":true,"href":"https:\/\/mersinekonomipolitikagazetesi.com\/index.php?rest_route=%2Fwp%2Fv2%2Fcategories&post=6443"},{"taxonomy":"post_tag","embeddable":true,"href":"https:\/\/mersinekonomipolitikagazetesi.com\/index.php?rest_route=%2Fwp%2Fv2%2Ftags&post=6443"}],"curies":[{"name":"wp","href":"https:\/\/api.w.org\/{rel}","templated":true}]}}