{"id":6453,"date":"2020-11-04T18:26:58","date_gmt":"2020-11-04T15:26:58","guid":{"rendered":"http:\/\/mersinekonomipolitikagazetesi.com\/?p=6453"},"modified":"2020-11-04T18:26:58","modified_gmt":"2020-11-04T15:26:58","slug":"14-gunluk-karantina-suresi-dolan-ogrenciler-evlerine-gonderildi","status":"publish","type":"post","link":"https:\/\/mersinekonomipolitikagazetesi.com\/?p=6453","title":{"rendered":"14 g\u00fcnl\u00fck karantina s\u00fcresi dolan \u00f6\u011frenciler evlerine g\u00f6nderildi"},"content":{"rendered":"<p>\u00a0Kuzey K\u0131br\u0131s T\u00fcrk Cumhuriyeti&#8217;nden (KKTC) gelen 395 \u00fcniversite \u00f6\u011frencisi ile L\u00fcbnan&#8217;dan gelen 44 t\u0131r \u015fof\u00f6r\u00fcn\u00fcn, Mersin&#8217;deki 14 g\u00fcnl\u00fck karantina s\u00fcresinin ard\u0131ndan evlerine g\u00f6nderildi\u011fi bildirildi.\u00a0\u00a0<br \/>\n\u00a0 Mersin \u0130l Afet ve Acil Durum (AFAD) M\u00fcd\u00fcrl\u00fc\u011f\u00fc&#8217;n\u00fcn resmi internet sitesinde yer alan a\u00e7\u0131klamada, korona vir\u00fcs salg\u0131n\u0131 nedeniyle KKTC\u2019den getirilen ve 14 g\u00fcnl\u00fck karantina s\u00fcresini, yerle\u015ftirildikleri Kredi Yurtlar Kurumuna ba\u011fl\u0131 Mersin K\u0131rk Ka\u015f\u0131k K\u0131z Yurdunda dolduran 395 \u00fcniversite \u00f6\u011frencisi ile 44 sivil vatanda\u015f, AFAD Mersin taraf\u0131ndan organize edilen ara\u00e7larla, sosyal mesafe kurallar\u0131na uyularak her koltukta bir ki\u015fi olacak \u015fekilde d\u00fcn sabah memleketlerine u\u011furland\u0131\u011f\u0131 belirtildi.\u00a0<br \/>\n\u00a0 23 Mart tarihinde, KKTC\u2019den yurda d\u00f6n\u00fc\u015f yapan 395 T\u00fcrk \u00f6\u011frenci ile L\u00fcbnan\u2019dan gelen 44 t\u0131r \u015fof\u00f6r\u00fc, Silifke Ta\u015fucu Liman\u0131nda yap\u0131lan sa\u011fl\u0131k muayenelerini m\u00fcteakip 14 g\u00fcn s\u00fcresince tedbir ama\u00e7l\u0131 karantina uygulanmak \u00fczere Mersin KYK yurtlar\u0131na yerle\u015ftirilmi\u015fti.\u00a0<\/p>\n","protected":false},"excerpt":{"rendered":"<p>\u00a0Kuzey K\u0131br\u0131s T\u00fcrk Cumhuriyeti&#8217;nden (KKTC) gelen 395 \u00fcniversite \u00f6\u011frencisi ile L\u00fcbnan&#8217;dan gelen 44 t\u0131r \u015fof\u00f6r\u00fcn\u00fcn, Mersin&#8217;deki 14 g\u00fcnl\u00fck karantina s\u00fcresinin ard\u0131ndan evlerine g\u00f6nderildi\u011fi bildirildi.\u00a0\u00a0 \u00a0 Mersin \u0130l Afet ve Acil &hellip; <a href=\"https:\/\/mersinekonomipolitikagazetesi.com\/?p=6453\" class=\"more-link\">Devam\u0131n\u0131 Oku&#8230;<\/a><\/p>\n","protected":false},"author":1,"featured_media":0,"comment_status":"open","ping_status":"open","sticky":false,"template":"","format":"standard","meta":[],"categories":[],"tags":[],"_links":{"self":[{"href":"https:\/\/mersinekonomipolitikagazetesi.com\/index.php?rest_route=\/wp\/v2\/posts\/6453"}],"collection":[{"href":"https:\/\/mersinekonomipolitikagazetesi.com\/index.php?rest_route=\/wp\/v2\/posts"}],"about":[{"href":"https:\/\/mersinekonomipolitikagazetesi.com\/index.php?rest_route=\/wp\/v2\/types\/post"}],"author":[{"embeddable":true,"href":"https:\/\/mersinekonomipolitikagazetesi.com\/index.php?rest_route=\/wp\/v2\/users\/1"}],"replies":[{"embeddable":true,"href":"https:\/\/mersinekonomipolitikagazetesi.com\/index.php?rest_route=%2Fwp%2Fv2%2Fcomments&post=6453"}],"version-history":[{"count":0,"href":"https:\/\/mersinekonomipolitikagazetesi.com\/index.php?rest_route=\/wp\/v2\/posts\/6453\/revisions"}],"wp:attachment":[{"href":"https:\/\/mersinekonomipolitikagazetesi.com\/index.php?rest_route=%2Fwp%2Fv2%2Fmedia&parent=6453"}],"wp:term":[{"taxonomy":"category","embeddable":true,"href":"https:\/\/mersinekonomipolitikagazetesi.com\/index.php?rest_route=%2Fwp%2Fv2%2Fcategories&post=6453"},{"taxonomy":"post_tag","embeddable":true,"href":"https:\/\/mersinekonomipolitikagazetesi.com\/index.php?rest_route=%2Fwp%2Fv2%2Ftags&post=6453"}],"curies":[{"name":"wp","href":"https:\/\/api.w.org\/{rel}","templated":true}]}}