{"id":6454,"date":"2020-11-04T18:26:58","date_gmt":"2020-11-04T15:26:58","guid":{"rendered":"http:\/\/mersinekonomipolitikagazetesi.com\/?p=6454"},"modified":"2020-11-04T18:26:58","modified_gmt":"2020-11-04T15:26:58","slug":"kayisida-sezon-heyecani","status":"publish","type":"post","link":"https:\/\/mersinekonomipolitikagazetesi.com\/?p=6454","title":{"rendered":"Kay\u0131s\u0131da sezon heyecan\u0131"},"content":{"rendered":"<p><span style=\"font-family: sans-serif; font-size: 14px; text-align: justify; background-color: rgb(242, 244, 245);\">Sofral\u0131k kay\u0131s\u0131da T\u00fcrkiye\u2019nin ihtiyac\u0131n\u0131n y\u00fczde 85\u2019ini kar\u015f\u0131layan Mersin\u2019in Mut il\u00e7esinde sezon iki hafta sonra a\u00e7\u0131lacak.<\/span><br style=\"box-sizing: border-box; font-family: sans-serif; font-size: 14px; text-align: justify; background-color: rgb(242, 244, 245);\" \/><br \/>\n<span style=\"font-family: sans-serif; font-size: 14px; text-align: justify; background-color: rgb(242, 244, 245);\">Mut \u0130l\u00e7e Tar\u0131m ve Orman M\u00fcd\u00fcr\u00fc Ekrem Bay\u0131r, yakla\u015f\u0131k 10-15 g\u00fcn sonra a\u00e7\u0131kta erik ve kay\u0131s\u0131 hasad\u0131n\u0131n ba\u015flayaca\u011f\u0131n\u0131 s\u00f6yledi.<\/span><br style=\"box-sizing: border-box; font-family: sans-serif; font-size: 14px; text-align: justify; background-color: rgb(242, 244, 245);\" \/><br \/>\n<span style=\"font-family: sans-serif; font-size: 14px; text-align: justify; background-color: rgb(242, 244, 245);\">Mut Ziraat Odas\u0131 Ba\u015fkan\u0131 H\u0131d\u0131r Kar ise \u015fu anda toptanc\u0131 halinin sezona haz\u0131r oldu\u011funu ifade etti.<\/span><br style=\"box-sizing: border-box; font-family: sans-serif; font-size: 14px; text-align: justify; background-color: rgb(242, 244, 245);\" \/><br \/>\n<span style=\"font-family: sans-serif; font-size: 14px; text-align: justify; background-color: rgb(242, 244, 245);\">Mersin B\u00fcy\u00fck\u015fehir Belediyesi Mut Toptanc\u0131 Hali Sebze Meyve Komisyoncular Derne\u011fi Ba\u015fkan\u0131 Mehmet Ali Acar ise korona vir\u00fcs dolay\u0131s\u0131yla hal sezon a\u00e7\u0131l\u0131\u015f program\u0131n\u0131 iptal ettiklerini belirterek, &#8220;Kay\u0131s\u0131 denince hala Malatya kays\u0131s\u0131 reklam\u0131 yap\u0131yorlar. Malatya\u2019n\u0131n kay\u0131s\u0131s\u0131 Mut\u2019ta kay\u0131s\u0131 bittikten sonra \u00e7\u0131kar. \u00c7\u00fcnk\u00fc Malatya kay\u0131s\u0131s\u0131 kurutmal\u0131k, Mut kays\u0131s\u0131 ise sofral\u0131kt\u0131r. Ge\u00e7en y\u0131l Kay\u0131s\u0131da 110 bin tonunun 60 bin tonunu i\u00e7 piyasada, 50 bin tonunu da d\u0131\u015f piyasada t\u00fckettik. Pazar sorunumuz hi\u00e7 olmad\u0131. Bu sene ne yapabiliriz noktas\u0131nday\u0131z d\u00fc\u015f\u00fcnceliyiz. \u0130n\u015fallah bu kara duman kalkar. Bizimle irtibata ge\u00e7en ihracat\u00e7\u0131lar var. \u0130n\u015fallah devlet ihracat\u00e7\u0131lara da bir destek verir\u201d dedi.<\/span><br style=\"box-sizing: border-box; font-family: sans-serif; font-size: 14px; text-align: justify; background-color: rgb(242, 244, 245);\" \/><br \/>\n<span style=\"font-family: sans-serif; font-size: 14px; text-align: justify; background-color: rgb(242, 244, 245);\">\u00dcreticilerde sezon \u00f6ncesi il\u00e7eye d\u0131\u015far\u0131dan gelecek y\u00fczlerce i\u015f\u00e7i i\u00e7in korona vir\u00fcs nedeniyle tedbir al\u0131nmas\u0131 istendi.<\/span><\/p>\n","protected":false},"excerpt":{"rendered":"<p>Sofral\u0131k kay\u0131s\u0131da T\u00fcrkiye\u2019nin ihtiyac\u0131n\u0131n y\u00fczde 85\u2019ini kar\u015f\u0131layan Mersin\u2019in Mut il\u00e7esinde sezon iki hafta sonra a\u00e7\u0131lacak. Mut \u0130l\u00e7e Tar\u0131m ve Orman M\u00fcd\u00fcr\u00fc Ekrem Bay\u0131r, yakla\u015f\u0131k 10-15 g\u00fcn sonra a\u00e7\u0131kta erik ve &hellip; <a href=\"https:\/\/mersinekonomipolitikagazetesi.com\/?p=6454\" class=\"more-link\">Devam\u0131n\u0131 Oku&#8230;<\/a><\/p>\n","protected":false},"author":1,"featured_media":0,"comment_status":"open","ping_status":"open","sticky":false,"template":"","format":"standard","meta":[],"categories":[],"tags":[],"_links":{"self":[{"href":"https:\/\/mersinekonomipolitikagazetesi.com\/index.php?rest_route=\/wp\/v2\/posts\/6454"}],"collection":[{"href":"https:\/\/mersinekonomipolitikagazetesi.com\/index.php?rest_route=\/wp\/v2\/posts"}],"about":[{"href":"https:\/\/mersinekonomipolitikagazetesi.com\/index.php?rest_route=\/wp\/v2\/types\/post"}],"author":[{"embeddable":true,"href":"https:\/\/mersinekonomipolitikagazetesi.com\/index.php?rest_route=\/wp\/v2\/users\/1"}],"replies":[{"embeddable":true,"href":"https:\/\/mersinekonomipolitikagazetesi.com\/index.php?rest_route=%2Fwp%2Fv2%2Fcomments&post=6454"}],"version-history":[{"count":0,"href":"https:\/\/mersinekonomipolitikagazetesi.com\/index.php?rest_route=\/wp\/v2\/posts\/6454\/revisions"}],"wp:attachment":[{"href":"https:\/\/mersinekonomipolitikagazetesi.com\/index.php?rest_route=%2Fwp%2Fv2%2Fmedia&parent=6454"}],"wp:term":[{"taxonomy":"category","embeddable":true,"href":"https:\/\/mersinekonomipolitikagazetesi.com\/index.php?rest_route=%2Fwp%2Fv2%2Fcategories&post=6454"},{"taxonomy":"post_tag","embeddable":true,"href":"https:\/\/mersinekonomipolitikagazetesi.com\/index.php?rest_route=%2Fwp%2Fv2%2Ftags&post=6454"}],"curies":[{"name":"wp","href":"https:\/\/api.w.org\/{rel}","templated":true}]}}