{"id":6456,"date":"2020-11-04T18:26:58","date_gmt":"2020-11-04T15:26:58","guid":{"rendered":"http:\/\/mersinekonomipolitikagazetesi.com\/?p=6456"},"modified":"2020-11-04T18:26:58","modified_gmt":"2020-11-04T15:26:58","slug":"vali-su-maske-ve-dezenfektan-uretilen-okullarda-inceleme-yapti","status":"publish","type":"post","link":"https:\/\/mersinekonomipolitikagazetesi.com\/?p=6456","title":{"rendered":"Vali Su, maske ve dezenfektan \u00fcretilen okullarda inceleme yapt\u0131"},"content":{"rendered":"<p>\u00a0Mersin valisi Ali \u0130hsan Su, korona vir\u00fcs salg\u0131n\u0131na kar\u015f\u0131 dezenfektan ve maske \u00fcretilen okullarda incelemelerde bulunarak, yetkililerden bilgi ald\u0131.\u00a0<br \/>\n\u00a0 Korona vir\u00fcs salg\u0131n\u0131n\u0131n d\u00fcnyada yay\u0131lmaya ba\u015flad\u0131\u011f\u0131 g\u00fcnlerden itibaren Mersin\u2019de Milli E\u011fitim Bakanl\u0131\u011f\u0131na ba\u011fl\u0131 baz\u0131 meslek okullar\u0131nda dezenfektan ve maske \u00fcretimlerine ba\u015fland\u0131. \u00d6\u011fretmenler ve \u00f6\u011frenciler taraf\u0131ndan \u00fcretilen \u00fcr\u00fcnler hem Mersin\u2019in hem de talep eden illerin ihtiya\u00e7lar\u0131n\u0131 kar\u015f\u0131lamak i\u00e7in yo\u011fun olarak \u00fcretiliyor.\u00a0<br \/>\n\u00a0 Vali Su, bu \u00fcr\u00fcnlerin \u00fcretildi\u011fi Atat\u00fcrk Mesleki ve Teknik Anadolu Lisesi ile Mersin Olgunla\u015fma Enstit\u00fcs\u00fcn\u00fc ziyaret etti. Vali Su\u2019ya ziyaretlerinde, Mersin \u0130l Milli E\u011fitim M\u00fcd\u00fcr\u00fc Adem Koca da e\u015flik etti.\u00a0<br \/>\n\u00a0 Atat\u00fcrk Mesleki ve Teknik Anadolu Lisesinde \u00fcretilen dezenfektan \u00fcr\u00fcnleri ile Mersin Olgunla\u015fma Enstit\u00fcs\u00fcnde \u00fcretilen cerrahi maske hakk\u0131nda bilgi alan Su ve Koca, \u00fcretim yerlerinde de incelemelerde bulundu.\u00a0<br \/>\n\u00a0 \u0130l Milli E\u011fitim M\u00fcd\u00fcrl\u00fc\u011f\u00fcnden yap\u0131lan a\u00e7\u0131klamada, Mersin\u2019in g\u00fcnl\u00fck 44 bin 650 adet cerrahi maske \u00fcretim kapasitesine sahip oldu\u011fu ve bug\u00fcne kadar 1 milyon 923 bin adet maske sipari\u015fi al\u0131nd\u0131\u011f\u0131 belirtildi. \u00d6te yandan, g\u00fcnl\u00fck 12 bin litre dezenfektan \u00fcr\u00fcnleri \u00fcretim kapasitesine sahip olan okulda da 92 bin 785 litre sipari\u015f al\u0131nd\u0131\u011f\u0131 kaydedildi.\u00a0<br \/>\n\u00a0 Milli E\u011fitim Bakanl\u0131\u011f\u0131n\u0131n (MEB) \u00f6ng\u00f6rd\u00fc\u011f\u00fc yo\u011funluklarda \u00fcretilen dezenfektan \u00fcr\u00fcnleri ile maske sipari\u015flerinin, MEB kurumlar\u0131, belediyeler, tar\u0131m il\u00e7e m\u00fcd\u00fcrl\u00fckleri, resmi ve \u00f6zel kurumlar, \u015fahsi ve k\u00fc\u00e7\u00fck \u00f6l\u00e7ekli i\u015fletmeler, yurtlardan gelen talepler do\u011frultusunda kar\u015f\u0131land\u0131\u011f\u0131 ifade edildi.\u00a0<\/p>\n","protected":false},"excerpt":{"rendered":"<p>\u00a0Mersin valisi Ali \u0130hsan Su, korona vir\u00fcs salg\u0131n\u0131na kar\u015f\u0131 dezenfektan ve maske \u00fcretilen okullarda incelemelerde bulunarak, yetkililerden bilgi ald\u0131.\u00a0 \u00a0 Korona vir\u00fcs salg\u0131n\u0131n\u0131n d\u00fcnyada yay\u0131lmaya ba\u015flad\u0131\u011f\u0131 g\u00fcnlerden itibaren Mersin\u2019de Milli &hellip; <a href=\"https:\/\/mersinekonomipolitikagazetesi.com\/?p=6456\" class=\"more-link\">Devam\u0131n\u0131 Oku&#8230;<\/a><\/p>\n","protected":false},"author":1,"featured_media":0,"comment_status":"open","ping_status":"open","sticky":false,"template":"","format":"standard","meta":[],"categories":[],"tags":[],"_links":{"self":[{"href":"https:\/\/mersinekonomipolitikagazetesi.com\/index.php?rest_route=\/wp\/v2\/posts\/6456"}],"collection":[{"href":"https:\/\/mersinekonomipolitikagazetesi.com\/index.php?rest_route=\/wp\/v2\/posts"}],"about":[{"href":"https:\/\/mersinekonomipolitikagazetesi.com\/index.php?rest_route=\/wp\/v2\/types\/post"}],"author":[{"embeddable":true,"href":"https:\/\/mersinekonomipolitikagazetesi.com\/index.php?rest_route=\/wp\/v2\/users\/1"}],"replies":[{"embeddable":true,"href":"https:\/\/mersinekonomipolitikagazetesi.com\/index.php?rest_route=%2Fwp%2Fv2%2Fcomments&post=6456"}],"version-history":[{"count":0,"href":"https:\/\/mersinekonomipolitikagazetesi.com\/index.php?rest_route=\/wp\/v2\/posts\/6456\/revisions"}],"wp:attachment":[{"href":"https:\/\/mersinekonomipolitikagazetesi.com\/index.php?rest_route=%2Fwp%2Fv2%2Fmedia&parent=6456"}],"wp:term":[{"taxonomy":"category","embeddable":true,"href":"https:\/\/mersinekonomipolitikagazetesi.com\/index.php?rest_route=%2Fwp%2Fv2%2Fcategories&post=6456"},{"taxonomy":"post_tag","embeddable":true,"href":"https:\/\/mersinekonomipolitikagazetesi.com\/index.php?rest_route=%2Fwp%2Fv2%2Ftags&post=6456"}],"curies":[{"name":"wp","href":"https:\/\/api.w.org\/{rel}","templated":true}]}}