{"id":6458,"date":"2020-11-04T18:26:58","date_gmt":"2020-11-04T15:26:58","guid":{"rendered":"http:\/\/mersinekonomipolitikagazetesi.com\/?p=6458"},"modified":"2020-11-04T18:26:58","modified_gmt":"2020-11-04T15:26:58","slug":"uzerine-demir-kapi-dusen-sahis-hayatini-kaybetti","status":"publish","type":"post","link":"https:\/\/mersinekonomipolitikagazetesi.com\/?p=6458","title":{"rendered":"\u00dczerine demir kap\u0131 d\u00fc\u015fen \u015fah\u0131s hayat\u0131n\u0131 kaybetti"},"content":{"rendered":"<p><span style=\"font-family: sans-serif; font-size: 14px; text-align: justify; background-color: rgb(242, 244, 245);\">Mersin\u2019in Akdeniz il\u00e7esinde \u00fczerine demir merdiven d\u00fc\u015fen bir ki\u015fi hayat\u0131n\u0131 kaybetti.<\/span><br style=\"box-sizing: border-box; font-family: sans-serif; font-size: 14px; text-align: justify; background-color: rgb(242, 244, 245);\" \/><br \/>\n<span style=\"font-family: sans-serif; font-size: 14px; text-align: justify; background-color: rgb(242, 244, 245);\">Olay Akdeniz il\u00e7esi Evci Mahallesi&#8217;nde meydana geldi. \u0130ddiaya g\u00f6re, bir so\u011fuk hava deposunda tadilat s\u0131ras\u0131nda Mustafa Ar\u0131kan (53) isimli i\u015f\u00e7i \u00e7al\u0131\u015ft\u0131\u011f\u0131 demir merdiven nedeni bilinmeyen bir \u015fekilde \u00fczerine devrildi. Yan\u0131nda bulunan arkada\u015flar\u0131 taraf\u0131ndan demir merdiven kald\u0131r\u0131l\u0131rken, olay yerine \u00e7a\u011fr\u0131lan 112 ekiplerince Tarsus&#8217;ta \u00f6zel bir hastanesine kald\u0131r\u0131lan Mustafa Ar\u0131kan t\u00fcm m\u00fcdahaleye ra\u011fmen kurtulamad\u0131.<\/span><br style=\"box-sizing: border-box; font-family: sans-serif; font-size: 14px; text-align: justify; background-color: rgb(242, 244, 245);\" \/><br \/>\n<span style=\"font-family: sans-serif; font-size: 14px; text-align: justify; background-color: rgb(242, 244, 245);\">Polis olay yerinde yapt\u0131\u011f\u0131 ara\u015ft\u0131rmada g\u00f6rg\u00fc tan\u0131klar\u0131n\u0131 dinledikten sonra kaza ile ilgili soru\u015fturma ba\u015flatt\u0131.<\/span><\/p>\n","protected":false},"excerpt":{"rendered":"<p>Mersin\u2019in Akdeniz il\u00e7esinde \u00fczerine demir merdiven d\u00fc\u015fen bir ki\u015fi hayat\u0131n\u0131 kaybetti. Olay Akdeniz il\u00e7esi Evci Mahallesi&#8217;nde meydana geldi. \u0130ddiaya g\u00f6re, bir so\u011fuk hava deposunda tadilat s\u0131ras\u0131nda Mustafa Ar\u0131kan (53) isimli &hellip; <a href=\"https:\/\/mersinekonomipolitikagazetesi.com\/?p=6458\" class=\"more-link\">Devam\u0131n\u0131 Oku&#8230;<\/a><\/p>\n","protected":false},"author":1,"featured_media":0,"comment_status":"open","ping_status":"open","sticky":false,"template":"","format":"standard","meta":[],"categories":[],"tags":[],"_links":{"self":[{"href":"https:\/\/mersinekonomipolitikagazetesi.com\/index.php?rest_route=\/wp\/v2\/posts\/6458"}],"collection":[{"href":"https:\/\/mersinekonomipolitikagazetesi.com\/index.php?rest_route=\/wp\/v2\/posts"}],"about":[{"href":"https:\/\/mersinekonomipolitikagazetesi.com\/index.php?rest_route=\/wp\/v2\/types\/post"}],"author":[{"embeddable":true,"href":"https:\/\/mersinekonomipolitikagazetesi.com\/index.php?rest_route=\/wp\/v2\/users\/1"}],"replies":[{"embeddable":true,"href":"https:\/\/mersinekonomipolitikagazetesi.com\/index.php?rest_route=%2Fwp%2Fv2%2Fcomments&post=6458"}],"version-history":[{"count":0,"href":"https:\/\/mersinekonomipolitikagazetesi.com\/index.php?rest_route=\/wp\/v2\/posts\/6458\/revisions"}],"wp:attachment":[{"href":"https:\/\/mersinekonomipolitikagazetesi.com\/index.php?rest_route=%2Fwp%2Fv2%2Fmedia&parent=6458"}],"wp:term":[{"taxonomy":"category","embeddable":true,"href":"https:\/\/mersinekonomipolitikagazetesi.com\/index.php?rest_route=%2Fwp%2Fv2%2Fcategories&post=6458"},{"taxonomy":"post_tag","embeddable":true,"href":"https:\/\/mersinekonomipolitikagazetesi.com\/index.php?rest_route=%2Fwp%2Fv2%2Ftags&post=6458"}],"curies":[{"name":"wp","href":"https:\/\/api.w.org\/{rel}","templated":true}]}}