{"id":6460,"date":"2020-11-04T18:26:58","date_gmt":"2020-11-04T15:26:58","guid":{"rendered":"http:\/\/mersinekonomipolitikagazetesi.com\/?p=6460"},"modified":"2020-11-04T18:26:58","modified_gmt":"2020-11-04T15:26:58","slug":"silifkeli-aile-atolyelerinde-maske-dikip-ucretsiz-dagitiyor","status":"publish","type":"post","link":"https:\/\/mersinekonomipolitikagazetesi.com\/?p=6460","title":{"rendered":"Silifkeli aile at\u00f6lyelerinde maske dikip \u00fccretsiz da\u011f\u0131t\u0131yor"},"content":{"rendered":"<p>Cumhurba\u015fkan\u0131 Recep Tayyip Erdo\u011fan\u2019\u0131n \u201cBiz Bize Yeteriz T\u00fcrkiyem\u201d slogan\u0131yla ba\u015flatt\u0131\u011f\u0131 Milli Dayan\u0131\u015fma Kampanyas\u0131&#8217;na destek her ge\u00e7en g\u00fcn art\u0131yor. Mersin\u2019in Silifke il\u00e7esinde bir aile, kendi at\u00f6lyelerinde diktikleri maskeleri \u00fccretsiz da\u011f\u0131tarak kampanyaya destek verdi.\u00a0\u00a0<br \/>\n\u00a0 Silifke\u2019de Bet\u00fcl ve \u00c7a\u011flar Duman \u00e7ifti, Cumhurba\u015fkan\u0131 Recep Tayyip Erdo\u011fan\u2019\u0131n ba\u015flatt\u0131\u011f\u0131 Milli Dayan\u0131\u015fma Kampanyas\u0131&#8217;na kendi at\u00f6lyelerinde diktikleri maskeleri \u00fccretsiz da\u011f\u0131tarak destek verdi. Bug\u00fcnlerde korona vir\u00fcs nedeniyle maske dikip \u00fccretsiz da\u011f\u0131tan Bet\u00fcl Duman, \u201c\u00dclkemiz genelinde Milli Dayan\u0131\u015fma Kampanyas\u0131 ba\u015flat\u0131lm\u0131\u015ft\u0131. Biz de vatanda\u015flar\u0131m\u0131za yard\u0131mc\u0131 olabilmek i\u00e7in kendi imkanlar\u0131m\u0131z dahilinde maske yapmaya ba\u015flad\u0131k. G\u00fcnde en az 50 tane maske yap\u0131yorum. Vatanda\u015flar\u0131m\u0131zdan ra\u011fbet \u00e7ok. Bu maskeleri vatanda\u015flar\u0131m\u0131za \u00fccretsiz da\u011f\u0131t\u0131yoruz. \u0130n\u015fallah \u00fclkemiz olarak bu zor g\u00fcnleri en k\u0131sa s\u00fcrede atlat\u0131r\u0131z. \u0130nsanlara yard\u0131mc\u0131 olabildiysek ne mutlu bizlere\u201d diye konu\u015ftu.\u00a0\u00a0<br \/>\n\u00a0 \u00dccretsiz maske almaya gelen Tahsin \u00c7elik ise, \u201cT\u00fcm d\u00fcnyay\u0131 etkisi alt\u0131na olan korona vir\u00fcs nedeniyle zor g\u00fcnler ge\u00e7iriyoruz. Bu s\u00fcre\u00e7te birlik ve beraberli\u011fi \u00f6n planda tutmal\u0131y\u0131z. Bu at\u00f6lyede vatanda\u015flara \u00fccretsiz maske da\u011f\u0131tan Duman ailesine te\u015fekk\u00fcr ediyorum\u201d dedi.\u00a0 \u00a0<\/p>\n","protected":false},"excerpt":{"rendered":"<p>Cumhurba\u015fkan\u0131 Recep Tayyip Erdo\u011fan\u2019\u0131n \u201cBiz Bize Yeteriz T\u00fcrkiyem\u201d slogan\u0131yla ba\u015flatt\u0131\u011f\u0131 Milli Dayan\u0131\u015fma Kampanyas\u0131&#8217;na destek her ge\u00e7en g\u00fcn art\u0131yor. Mersin\u2019in Silifke il\u00e7esinde bir aile, kendi at\u00f6lyelerinde diktikleri maskeleri \u00fccretsiz da\u011f\u0131tarak kampanyaya &hellip; <a href=\"https:\/\/mersinekonomipolitikagazetesi.com\/?p=6460\" class=\"more-link\">Devam\u0131n\u0131 Oku&#8230;<\/a><\/p>\n","protected":false},"author":1,"featured_media":0,"comment_status":"open","ping_status":"open","sticky":false,"template":"","format":"standard","meta":[],"categories":[],"tags":[],"_links":{"self":[{"href":"https:\/\/mersinekonomipolitikagazetesi.com\/index.php?rest_route=\/wp\/v2\/posts\/6460"}],"collection":[{"href":"https:\/\/mersinekonomipolitikagazetesi.com\/index.php?rest_route=\/wp\/v2\/posts"}],"about":[{"href":"https:\/\/mersinekonomipolitikagazetesi.com\/index.php?rest_route=\/wp\/v2\/types\/post"}],"author":[{"embeddable":true,"href":"https:\/\/mersinekonomipolitikagazetesi.com\/index.php?rest_route=\/wp\/v2\/users\/1"}],"replies":[{"embeddable":true,"href":"https:\/\/mersinekonomipolitikagazetesi.com\/index.php?rest_route=%2Fwp%2Fv2%2Fcomments&post=6460"}],"version-history":[{"count":0,"href":"https:\/\/mersinekonomipolitikagazetesi.com\/index.php?rest_route=\/wp\/v2\/posts\/6460\/revisions"}],"wp:attachment":[{"href":"https:\/\/mersinekonomipolitikagazetesi.com\/index.php?rest_route=%2Fwp%2Fv2%2Fmedia&parent=6460"}],"wp:term":[{"taxonomy":"category","embeddable":true,"href":"https:\/\/mersinekonomipolitikagazetesi.com\/index.php?rest_route=%2Fwp%2Fv2%2Fcategories&post=6460"},{"taxonomy":"post_tag","embeddable":true,"href":"https:\/\/mersinekonomipolitikagazetesi.com\/index.php?rest_route=%2Fwp%2Fv2%2Ftags&post=6460"}],"curies":[{"name":"wp","href":"https:\/\/api.w.org\/{rel}","templated":true}]}}