{"id":6462,"date":"2020-11-04T18:26:58","date_gmt":"2020-11-04T15:26:58","guid":{"rendered":"http:\/\/mersinekonomipolitikagazetesi.com\/?p=6462"},"modified":"2020-11-04T18:26:58","modified_gmt":"2020-11-04T15:26:58","slug":"mersinde-kirmizi-isikta-saglik-paketi-uygulamasi","status":"publish","type":"post","link":"https:\/\/mersinekonomipolitikagazetesi.com\/?p=6462","title":{"rendered":"Mersin&#8217;de &#8216;k\u0131rm\u0131z\u0131 \u0131\u015f\u0131kta sa\u011fl\u0131k paketi&#8217; uygulamas\u0131"},"content":{"rendered":"<p>Mersin B\u00fcy\u00fck\u015fehir Belediyesince, korona vir\u00fcs salg\u0131n\u0131 s\u00fcrecinde evlerinden \u00e7\u0131kmak zorunda olan ara\u00e7 s\u00fcr\u00fcc\u00fcleri ile yayalara, trafik \u0131\u015f\u0131klar\u0131n\u0131n oldu\u011fu noktalarda sa\u011fl\u0131k paketi da\u011f\u0131t\u0131l\u0131yor.\u00a0 \u00a0<br \/>\n\u00a0 B\u00fcy\u00fck\u015fehir Belediyesi, korona vir\u00fcs salg\u0131n\u0131 ile m\u00fccadele ve tedbir \u00e7al\u0131\u015fmalar\u0131 kapsam\u0131nda ba\u015flatt\u0131\u011f\u0131 yeni uygulama ile 5 g\u00fcn boyunca kentin 2 farkl\u0131 noktas\u0131nda, ara\u00e7lar\u0131 ile k\u0131rm\u0131z\u0131 \u0131\u015f\u0131kta duran vatanda\u015flara ve yayalara sa\u011fl\u0131k paketi da\u011f\u0131t\u0131yor. 5 g\u00fcn boyunca devam edecek uygulama kapsam\u0131nda toplam 5 bin adet sa\u011fl\u0131k paketi da\u011f\u0131t\u0131lmas\u0131 hedefleniyor.\u00a0<br \/>\n\u00a0 Kentin farkl\u0131 noktalar\u0131na konu\u015flanan Kad\u0131n ve Aile Hizmetleri Dairesi Ba\u015fkanl\u0131\u011f\u0131 ekipleri i\u00e7erisinde 1 sabun, 1 dezenfektan, 2 adet maske ve bir de bilgilendirme bro\u015f\u00fcr\u00fc i\u00e7eren sa\u011fl\u0131k paketini k\u0131rm\u0131z\u0131 \u0131\u015f\u0131kta duran ara\u00e7 s\u00fcr\u00fcc\u00fclerine ve yayalara da\u011f\u0131t\u0131yor.\u00a0<br \/>\n\u00a0 5 g\u00fcnde 5 bin sa\u011fl\u0131k paketi vatanda\u015flara ula\u015facak\u00a0<br \/>\n\u00a0 5 g\u00fcn boyunca devam edecek olan uygulama kapsam\u0131nda ekipler her g\u00fcn farkl\u0131 iki noktada sabah\u0131n erken saatlerinde da\u011f\u0131t\u0131m ger\u00e7ekle\u015ftirecek. Uygulama ile 5 g\u00fcnde 5 bin adet sa\u011fl\u0131k paketinin vatanda\u015flara ula\u015ft\u0131r\u0131lmas\u0131 hedefleniyor.\u00a0<\/p>\n","protected":false},"excerpt":{"rendered":"<p>Mersin B\u00fcy\u00fck\u015fehir Belediyesince, korona vir\u00fcs salg\u0131n\u0131 s\u00fcrecinde evlerinden \u00e7\u0131kmak zorunda olan ara\u00e7 s\u00fcr\u00fcc\u00fcleri ile yayalara, trafik \u0131\u015f\u0131klar\u0131n\u0131n oldu\u011fu noktalarda sa\u011fl\u0131k paketi da\u011f\u0131t\u0131l\u0131yor.\u00a0 \u00a0 \u00a0 B\u00fcy\u00fck\u015fehir Belediyesi, korona vir\u00fcs salg\u0131n\u0131 ile &hellip; <a href=\"https:\/\/mersinekonomipolitikagazetesi.com\/?p=6462\" class=\"more-link\">Devam\u0131n\u0131 Oku&#8230;<\/a><\/p>\n","protected":false},"author":1,"featured_media":0,"comment_status":"open","ping_status":"open","sticky":false,"template":"","format":"standard","meta":[],"categories":[],"tags":[],"_links":{"self":[{"href":"https:\/\/mersinekonomipolitikagazetesi.com\/index.php?rest_route=\/wp\/v2\/posts\/6462"}],"collection":[{"href":"https:\/\/mersinekonomipolitikagazetesi.com\/index.php?rest_route=\/wp\/v2\/posts"}],"about":[{"href":"https:\/\/mersinekonomipolitikagazetesi.com\/index.php?rest_route=\/wp\/v2\/types\/post"}],"author":[{"embeddable":true,"href":"https:\/\/mersinekonomipolitikagazetesi.com\/index.php?rest_route=\/wp\/v2\/users\/1"}],"replies":[{"embeddable":true,"href":"https:\/\/mersinekonomipolitikagazetesi.com\/index.php?rest_route=%2Fwp%2Fv2%2Fcomments&post=6462"}],"version-history":[{"count":0,"href":"https:\/\/mersinekonomipolitikagazetesi.com\/index.php?rest_route=\/wp\/v2\/posts\/6462\/revisions"}],"wp:attachment":[{"href":"https:\/\/mersinekonomipolitikagazetesi.com\/index.php?rest_route=%2Fwp%2Fv2%2Fmedia&parent=6462"}],"wp:term":[{"taxonomy":"category","embeddable":true,"href":"https:\/\/mersinekonomipolitikagazetesi.com\/index.php?rest_route=%2Fwp%2Fv2%2Fcategories&post=6462"},{"taxonomy":"post_tag","embeddable":true,"href":"https:\/\/mersinekonomipolitikagazetesi.com\/index.php?rest_route=%2Fwp%2Fv2%2Ftags&post=6462"}],"curies":[{"name":"wp","href":"https:\/\/api.w.org\/{rel}","templated":true}]}}