{"id":6463,"date":"2020-11-04T18:26:58","date_gmt":"2020-11-04T15:26:58","guid":{"rendered":"http:\/\/mersinekonomipolitikagazetesi.com\/?p=6463"},"modified":"2020-11-04T18:26:58","modified_gmt":"2020-11-04T15:26:58","slug":"meunun-tarsusta-gerceklestirdigi-arkeolojik-arastirmalar-kitaplastirildi","status":"publish","type":"post","link":"https:\/\/mersinekonomipolitikagazetesi.com\/?p=6463","title":{"rendered":"ME\u00dc\u2019n\u00fcn Tarsus\u2019ta ger\u00e7ekle\u015ftirdi\u011fi arkeolojik ara\u015ft\u0131rmalar kitapla\u015ft\u0131r\u0131ld\u0131"},"content":{"rendered":"<p>Mersin \u00dcniversitesi (ME\u00dc) taraf\u0131ndan k\u00f6kl\u00fc bir tarihe sahip Tarsus il\u00e7esinde Fen Edebiyat Fak\u00fcltesi Arkeoloji B\u00f6l\u00fcm\u00fc \u00d6\u011fretim \u00dcyesi Do\u00e7. Dr. Deniz Kaplan\u2019\u0131n ba\u015fkanl\u0131\u011f\u0131nda ger\u00e7ekle\u015ftirilen arkeolojik ara\u015ft\u0131rmalar\u0131n \u00f6n sonu\u00e7lar\u0131, \u2018Tarsus Ara\u015ft\u0131rmalar\u0131 I\u2019 ba\u015fl\u0131\u011f\u0131yla kitapla\u015ft\u0131r\u0131ld\u0131.\u00a0<br \/>\n\u00a0 ME\u00dc\u2019den yap\u0131lan a\u00e7\u0131klamaya g\u00f6re, binlerce y\u0131ll\u0131k g\u00fc\u00e7l\u00fc ve k\u00f6kl\u00fc bir k\u00fclt\u00fcr birikimine sahip Tarsus\u2019un k\u00fclt\u00fcr miras\u0131n\u0131n ortaya \u00e7\u0131kart\u0131lmas\u0131na y\u00f6nelik bilimsel ara\u015ft\u0131rmalar s\u00fcr\u00fcyor. Bu \u00e7er\u00e7evede, \u00d6\u011fretim \u00dcyesi Do\u00e7. Dr. Deniz Kaplan\u2019\u0131n ba\u015fkanl\u0131\u011f\u0131nda ger\u00e7ekle\u015ftirilen Tarsus Hinterland\u0131 Arkeolojik Y\u00fczey Ara\u015ft\u0131rmalar\u0131n\u0131n 2016-2019 y\u0131llar\u0131n\u0131 kapsayan ara\u015ft\u0131rmalar\u0131n\u0131n \u00f6n sonu\u00e7lar\u0131, Tarsus Ara\u015ft\u0131rmalar\u0131 I ba\u015fl\u0131kl\u0131 bir kitap ile bilim d\u00fcnyas\u0131na sunuldu.\u00a0<br \/>\n\u00a0 Edit\u00f6rl\u00fc\u011f\u00fcn\u00fc Do\u00e7. Dr. Kaplan\u2019\u0131n yapt\u0131\u011f\u0131 \u201cTarsus Ara\u015ft\u0131rmalar\u0131\u201d ba\u015fl\u0131kl\u0131 dizin ile Tarsus hinterland\u0131nda ger\u00e7ekle\u015ftiren ve ger\u00e7ekle\u015ftirecek arkeolojik ara\u015ft\u0131rma sonu\u00e7lar\u0131n\u0131n payla\u015f\u0131lmas\u0131 ama\u00e7land\u0131. Bu kapsamda antik Tarsus\u2019un kent merkezi ile ilgili \u00e7al\u0131\u015fmalara ve bunun yan\u0131 s\u0131ra di\u011fer kentlerde ele ge\u00e7mi\u015f Tarsus ile ili\u015fkili buluntulara da \u00e7al\u0131\u015fmada yer verilmesi planland\u0131. Tarsus Ara\u015ft\u0131rmalar\u0131 I kitab\u0131 i\u00e7erisinde elde edilen verilerin de\u011ferlendirilmesi hususunda, konular\u0131nda uzman ve bu alanda \u00e7al\u0131\u015fan gen\u00e7 bilim insanlar\u0131n\u0131n katk\u0131 sundu\u011fu 11 adet makale yer al\u0131yor.\u00a0<br \/>\n\u00a0 \u00c7al\u0131\u015fma hakk\u0131nda bilgi veren Do\u00e7. Dr. Kaplan, kitapta yer alan makalelerin \u00f6zg\u00fcn sonu\u00e7lar bulundurdu\u011funu ifade etti. Kaplan, &#8220;\u00d6rne\u011fin Phryg k\u00f6kenli mimari \u00fcslubun Tarsus ve Kilikia\u2019daki ilk arkeolojik kan\u0131tlar\u0131, Tarsus\u2019un hinterland\u0131ndaki Erken Bizans D\u00f6nemi Dini Mimarisi ve Tarsus Yahudileri ilk kez bu kitap arac\u0131l\u0131\u011f\u0131yla bilim d\u00fcnyas\u0131na sunuldu. Bunun yan\u0131 s\u0131ra Tarsus Hinterland\u0131 Arkeolojik Y\u00fczey Ara\u015ft\u0131rmalar\u0131 kapsam\u0131nda ilk kez ke\u015ffi ger\u00e7ekle\u015ftirilen yerle\u015fimlerin \u00fcretim donan\u0131mlar\u0131, seramikleri, lahitleri ve amphora m\u00fch\u00fcrlerini kapsayan makaleler de mevcut. Ayr\u0131ca Tarsus M\u00fczesi taraf\u0131ndan Tarsus kent merkezindeki Vuslat Kent Meydan\u0131nda ger\u00e7ekle\u015ftirilen arkeolojik kaz\u0131lar\u0131n \u00f6n raporu, Tarsus Ara\u015ft\u0131rmalar\u0131 I kitab\u0131n\u0131n dikkat \u00e7eken makaleleri aras\u0131nda yer almaktad\u0131r&#8221; dedi.\u00a0<br \/>\n\u00a0 ME\u00dc Rekt\u00f6r\u00fc Prof. Dr. Ahmet \u00c7amsar\u0131\u2019ya, \u00e7al\u0131\u015fmada ihtiya\u00e7 duyulan teknik donan\u0131m deste\u011fini sa\u011flad\u0131\u011f\u0131 i\u00e7in, Mersin B\u00fcy\u00fck\u015fehir Belediye Ba\u015fkanl\u0131\u011f\u0131 ile di\u011fer sponsorlara da \u00e7al\u0131\u015fmalara destek verdikleri i\u00e7in te\u015fekk\u00fcr etti.\u00a0<\/p>\n","protected":false},"excerpt":{"rendered":"<p>Mersin \u00dcniversitesi (ME\u00dc) taraf\u0131ndan k\u00f6kl\u00fc bir tarihe sahip Tarsus il\u00e7esinde Fen Edebiyat Fak\u00fcltesi Arkeoloji B\u00f6l\u00fcm\u00fc \u00d6\u011fretim \u00dcyesi Do\u00e7. Dr. Deniz Kaplan\u2019\u0131n ba\u015fkanl\u0131\u011f\u0131nda ger\u00e7ekle\u015ftirilen arkeolojik ara\u015ft\u0131rmalar\u0131n \u00f6n sonu\u00e7lar\u0131, \u2018Tarsus Ara\u015ft\u0131rmalar\u0131 I\u2019 &hellip; <a href=\"https:\/\/mersinekonomipolitikagazetesi.com\/?p=6463\" class=\"more-link\">Devam\u0131n\u0131 Oku&#8230;<\/a><\/p>\n","protected":false},"author":1,"featured_media":0,"comment_status":"open","ping_status":"open","sticky":false,"template":"","format":"standard","meta":[],"categories":[],"tags":[],"_links":{"self":[{"href":"https:\/\/mersinekonomipolitikagazetesi.com\/index.php?rest_route=\/wp\/v2\/posts\/6463"}],"collection":[{"href":"https:\/\/mersinekonomipolitikagazetesi.com\/index.php?rest_route=\/wp\/v2\/posts"}],"about":[{"href":"https:\/\/mersinekonomipolitikagazetesi.com\/index.php?rest_route=\/wp\/v2\/types\/post"}],"author":[{"embeddable":true,"href":"https:\/\/mersinekonomipolitikagazetesi.com\/index.php?rest_route=\/wp\/v2\/users\/1"}],"replies":[{"embeddable":true,"href":"https:\/\/mersinekonomipolitikagazetesi.com\/index.php?rest_route=%2Fwp%2Fv2%2Fcomments&post=6463"}],"version-history":[{"count":0,"href":"https:\/\/mersinekonomipolitikagazetesi.com\/index.php?rest_route=\/wp\/v2\/posts\/6463\/revisions"}],"wp:attachment":[{"href":"https:\/\/mersinekonomipolitikagazetesi.com\/index.php?rest_route=%2Fwp%2Fv2%2Fmedia&parent=6463"}],"wp:term":[{"taxonomy":"category","embeddable":true,"href":"https:\/\/mersinekonomipolitikagazetesi.com\/index.php?rest_route=%2Fwp%2Fv2%2Fcategories&post=6463"},{"taxonomy":"post_tag","embeddable":true,"href":"https:\/\/mersinekonomipolitikagazetesi.com\/index.php?rest_route=%2Fwp%2Fv2%2Ftags&post=6463"}],"curies":[{"name":"wp","href":"https:\/\/api.w.org\/{rel}","templated":true}]}}