{"id":6475,"date":"2020-11-04T18:26:59","date_gmt":"2020-11-04T15:26:59","guid":{"rendered":"http:\/\/mersinekonomipolitikagazetesi.com\/?p=6475"},"modified":"2020-11-04T18:26:59","modified_gmt":"2020-11-04T15:26:59","slug":"mersin-evde-kalarak-buyuksehirler-icinde-en-az-vakaya-sahip-il-konumunda","status":"publish","type":"post","link":"https:\/\/mersinekonomipolitikagazetesi.com\/?p=6475","title":{"rendered":"Mersin evde kalarak b\u00fcy\u00fck\u015fehirler i\u00e7inde en az vakaya sahip il konumunda"},"content":{"rendered":"<p><span style=\"line-height: 1.6em;\">T\u00fcm d\u00fcnyay\u0131 etkisi alt\u0131na alan korona vir\u00fcs (Covid-19) nedeniyle Mersin&#8217;de sahiller tamamen bo\u015fal\u0131rken, kentin en i\u015flek caddeleri de b\u00fcy\u00fck oranda sessizli\u011fe b\u00fcr\u00fcnd\u00fc. Evde kal \u00e7a\u011fr\u0131lar\u0131na uyan Mersinliler, vaka say\u0131s\u0131n\u0131n da az olmas\u0131n\u0131 sa\u011flad\u0131. \u015eu anda b\u00fcy\u00fck\u015fehirler i\u00e7inde en az vakaya sahip il konumunda olan Mersin&#8217;de bir ki\u015fi hayat\u0131n\u0131 kaybetti.\u00a0<\/span><\/p>\n<p>\u00c7ividen-19 tedbirleri kapsam\u0131nda T\u00fcrkiye&#8217;de bir\u00e7ok tedbir al\u0131n\u0131rken, insanlar\u0131n zorunlu olmad\u0131k\u00e7a soka\u011fa \u00e7\u0131kmamas\u0131 isteniyor. \u0130\u00e7i\u015fleri Bakanl\u0131\u011f\u0131n\u0131n yay\u0131nlad\u0131\u011f\u0131 genelge ile Mersin&#8217;de sahiller tamamen bo\u015fal\u0131rken, polisler s\u00fcrekli devriye at\u0131yor. Ayr\u0131ca Adnan Menderes Bulvar\u0131 boyunca da park yasa\u011f\u0131 uygulan\u0131rken, hi\u00e7 kimsenin sahile giri\u015fine izin verilmiyor. Normal zamanda \u00f6zellikle ara\u00e7 trafi\u011fi y\u00f6n\u00fcnden \u00e7ok yo\u011fun olan bulvarlarda tek t\u00fck ara\u00e7 ge\u00e7erken, kentin meydanlar\u0131 da tamamen bo\u015fald\u0131. \u0130nsanlar\u0131n en i\u015flek kulland\u0131\u011f\u0131 \u0130stiklal, Atat\u00fcrk, Silifke ve Kuvayi Milliye caddeleri ile Kushimato ve Alanya sokaklar\u0131nda da insan yo\u011funlu\u011fu ciddi oranda azal\u0131rken, bir\u00e7ok esnaf da d\u00fckkan\u0131n\u0131 a\u00e7mamaya ba\u015flad\u0131. Kent b\u00fcy\u00fck oranda sessizli\u011fe b\u00fcr\u00fcn\u00fcrken, vatanda\u015flar\u0131n b\u00fcy\u00fck bir k\u0131sm\u0131 yetkililerin \u00e7a\u011fr\u0131s\u0131na uyuyor.\u00a0<\/p>\n<p>B\u00fcy\u00fck\u015fehirler aras\u0131nda en az vak&#8217;aya sahip kent\u00a0<br \/>\n&#8216;Evde Kal T\u00fcrkiye&#8217; \u00e7a\u011fr\u0131s\u0131na b\u00fcy\u00fck oranda uyan Mersinliler, bu sayede vaka say\u0131s\u0131n\u0131n artmas\u0131n\u0131n da \u00f6n\u00fcne ge\u00e7ti. Mersin bu anlamda iller aras\u0131nda alt s\u0131ralarda yer al\u0131rken, b\u00fcy\u00fck\u015fehirler i\u00e7inde ise en az vakaya sahip il konumunda. \u015eu anda kentte 30 vaka varken, vir\u00fcs kaynakl\u0131 1 ki\u015fi hayat\u0131n\u0131 kaybetti.\u00a0<br \/>\n\u00d6te yandan, sa\u011fl\u0131k tesisleriyle de vir\u00fcse kar\u015f\u0131 haz\u0131r olan kentte, \u00f6zellikle Mersin \u015eehir E\u011fitim ve Ara\u015ft\u0131rma Hastanesi bin 300 yatak kapasitesiyle salg\u0131nla m\u00fccadele ediyor. Vir\u00fcs kaynakl\u0131 gelen hastalar\u0131n ikinci bir ki\u015fiyle bulu\u015fturmadan do\u011frudan m\u00fcdahale edildi\u011fi hastanede, \u00fcst d\u00fczey \u00f6nlemler al\u0131nd\u0131. Vir\u00fcs\u00fcn yay\u0131lmamas\u0131 i\u00e7in bu hastalar\u0131n giri\u015fi hastaneye farkl\u0131 yerden yap\u0131l\u0131rken, o b\u00f6lgelere sa\u011fl\u0131kl\u0131 hi\u00e7bir vatanda\u015f al\u0131nm\u0131yor.\u00a0<br \/>\nVatanda\u015flar, zorunlu olmad\u0131k\u00e7\u0131 kimsenin d\u0131\u015far\u0131 \u00e7\u0131kmamas\u0131n\u0131, \u015fu anda vaka say\u0131s\u0131nda Mersin&#8217;in iyi durumda oldu\u011funu belirterek, kurallara herkesin uymas\u0131n\u0131 istediler.\u00a0<\/p>\n","protected":false},"excerpt":{"rendered":"<p>T\u00fcm d\u00fcnyay\u0131 etkisi alt\u0131na alan korona vir\u00fcs (Covid-19) nedeniyle Mersin&#8217;de sahiller tamamen bo\u015fal\u0131rken, kentin en i\u015flek caddeleri de b\u00fcy\u00fck oranda sessizli\u011fe b\u00fcr\u00fcnd\u00fc. Evde kal \u00e7a\u011fr\u0131lar\u0131na uyan Mersinliler, vaka say\u0131s\u0131n\u0131n da &hellip; <a href=\"https:\/\/mersinekonomipolitikagazetesi.com\/?p=6475\" class=\"more-link\">Devam\u0131n\u0131 Oku&#8230;<\/a><\/p>\n","protected":false},"author":1,"featured_media":0,"comment_status":"open","ping_status":"open","sticky":false,"template":"","format":"standard","meta":[],"categories":[],"tags":[],"_links":{"self":[{"href":"https:\/\/mersinekonomipolitikagazetesi.com\/index.php?rest_route=\/wp\/v2\/posts\/6475"}],"collection":[{"href":"https:\/\/mersinekonomipolitikagazetesi.com\/index.php?rest_route=\/wp\/v2\/posts"}],"about":[{"href":"https:\/\/mersinekonomipolitikagazetesi.com\/index.php?rest_route=\/wp\/v2\/types\/post"}],"author":[{"embeddable":true,"href":"https:\/\/mersinekonomipolitikagazetesi.com\/index.php?rest_route=\/wp\/v2\/users\/1"}],"replies":[{"embeddable":true,"href":"https:\/\/mersinekonomipolitikagazetesi.com\/index.php?rest_route=%2Fwp%2Fv2%2Fcomments&post=6475"}],"version-history":[{"count":0,"href":"https:\/\/mersinekonomipolitikagazetesi.com\/index.php?rest_route=\/wp\/v2\/posts\/6475\/revisions"}],"wp:attachment":[{"href":"https:\/\/mersinekonomipolitikagazetesi.com\/index.php?rest_route=%2Fwp%2Fv2%2Fmedia&parent=6475"}],"wp:term":[{"taxonomy":"category","embeddable":true,"href":"https:\/\/mersinekonomipolitikagazetesi.com\/index.php?rest_route=%2Fwp%2Fv2%2Fcategories&post=6475"},{"taxonomy":"post_tag","embeddable":true,"href":"https:\/\/mersinekonomipolitikagazetesi.com\/index.php?rest_route=%2Fwp%2Fv2%2Ftags&post=6475"}],"curies":[{"name":"wp","href":"https:\/\/api.w.org\/{rel}","templated":true}]}}