{"id":6476,"date":"2020-11-04T18:26:59","date_gmt":"2020-11-04T15:26:59","guid":{"rendered":"http:\/\/mersinekonomipolitikagazetesi.com\/?p=6476"},"modified":"2020-11-04T18:26:59","modified_gmt":"2020-11-04T15:26:59","slug":"buyuksehir-belediyesi-kriz-merkezinde-calisan-sayisi-50ye-cikarildi","status":"publish","type":"post","link":"https:\/\/mersinekonomipolitikagazetesi.com\/?p=6476","title":{"rendered":"B\u00fcy\u00fck\u015fehir Belediyesi Kriz Merkezi&#8217;nde \u00e7al\u0131\u015fan say\u0131s\u0131 50&#8217;ye \u00e7\u0131kar\u0131ld\u0131"},"content":{"rendered":"<p><span style=\"line-height: 1.6em;\">Korona vir\u00fcs (Kovid-19) salg\u0131n\u0131 ile etkin bir m\u00fccadeleye imza atan ve B\u00fcy\u00fck\u015fehir Belediyesi\u2019nin \u00f6nc\u00fcl\u00fc\u011f\u00fcnde olu\u015fturulan kriz merkezi, Mersin halk\u0131na daha iyi hizmet verebilmek ad\u0131na b\u00fcy\u00fct\u00fcld\u00fc. Personel say\u0131s\u0131 50\u2019ye y\u00fckseltilen merkezde, gelen \u00e7a\u011fr\u0131lar titizlikle kar\u015f\u0131lan\u0131rken, vatanda\u015flar\u0131n ihtiya\u00e7lar\u0131na en k\u0131sa s\u00fcrede yan\u0131t veriliyor.\u00a0<\/span><\/p>\n<p>Vatanda\u015flar, Mersin B\u00fcy\u00fck\u015fehir Belediyesi taraf\u0131ndan il d\u00fczeyinde korona vir\u00fcsle topyekun m\u00fccadele etmek amac\u0131yla kurulan kriz merkezine 0324 533 37 21 No\u2019lu numaradan ula\u015fabiliyor. Korona vir\u00fcs salg\u0131n\u0131 \u00f6zellikle ya\u015f alm\u0131\u015f vatanda\u015flara tehdit olu\u015fturdu\u011fu i\u00e7in \u0130\u00e7i\u015fleri Bakanl\u0131\u011f\u0131\u2019n\u0131n yay\u0131nlad\u0131\u011f\u0131 genelge ile 65 ya\u015f \u00fcst\u00fc vatanda\u015flara soka\u011fa \u00e7\u0131kma yasa\u011f\u0131 getirildi. Yasakla beraber yaln\u0131z ya\u015fayan ve bak\u0131ma muhta\u00e7 olan ya\u015fl\u0131lar\u0131n g\u00fcnl\u00fck ihtiya\u00e7lar\u0131n\u0131 kar\u015f\u0131lama noktas\u0131nda imdatlar\u0131na kriz merkezi yeti\u015fti. Kriz merkezi, soka\u011fa \u00e7\u0131kamayan ya\u015f alm\u0131\u015flar\u0131n ihtiya\u00e7 duyduklar\u0131 t\u00fcm hizmetleri bir telefonla ayaklar\u0131na kadar g\u00f6t\u00fcr\u00fcyor. Kriz merkezinin telefonuna ula\u015fan ya\u015f alm\u0131\u015flar\u0131n ve kronik hastal\u0131\u011f\u0131 bulunan vatanda\u015flar\u0131n g\u0131da, yemek ve eczaneden raporlu ila\u00e7 temini an\u0131nda kar\u015f\u0131lan\u0131yor. Merkez, \u015fu ana kadar 30 bin 36 g\u0131da ve yemek yard\u0131m\u0131 talebini kar\u015f\u0131lad\u0131. Eczaneye giderek ilac\u0131n\u0131 alamayan ya\u015f alm\u0131\u015f ve kronik rahats\u0131zl\u0131\u011f\u0131 olan 239 ki\u015finin raporlu ilac\u0131 merkez taraf\u0131ndan eczaneden temin ediliyor ve ard\u0131ndan vatanda\u015flara teslim ediliyor. Talepleri ilgili birimlere ve ekiplere an\u0131nda y\u00f6nlendiren merkez, t\u00fcm ihtiya\u00e7lar\u0131n ayn\u0131 g\u00fcn i\u00e7erisinde kar\u015f\u0131lanmas\u0131n\u0131 sa\u011fl\u0131yor.\u00a0<br \/>\nDezenfektan, maske, sabun ve bilgilendirme bro\u015f\u00fcr\u00fc bulunan ve toplu ta\u015f\u0131ma ara\u00e7lar\u0131n\u0131 kullanan yolculara da\u011f\u0131t\u0131lan sa\u011fl\u0131k paketleri de vatanda\u015flar\u0131n en \u00e7ok talep etti\u011fi ihtiya\u00e7lar aras\u0131nda yer ald\u0131. Sa\u011fl\u0131k paketi i\u00e7in merkeze bin 927 vatanda\u015f talepte bulundu. Sa\u011fl\u0131k \u00e7al\u0131\u015fanlar\u0131 taraf\u0131ndan analiz edildikten sonra aralar\u0131nda diyaliz, kronik obstr\u00fcktif akci\u011fer ve kanser hastas\u0131 olan 374 vatanda\u015fa sa\u011fl\u0131k paketi ula\u015ft\u0131r\u0131ld\u0131. Halk sa\u011fl\u0131\u011f\u0131 i\u00e7in 7 g\u00fcn 24 saat esas\u0131na g\u00f6re \u00e7al\u0131\u015fan ekipler, vatanda\u015flar\u0131n s\u0131kl\u0131kla kulland\u0131\u011f\u0131 alanlar\u0131 g\u00fcnl\u00fck olarak dezenfekte ediyor. Korona vir\u00fcse kar\u015f\u0131 aral\u0131ks\u0131z bir \u015fekilde m\u00fccadele eden ekipler, 17 bin 968 alan\u0131 dezenfekte etti. 350 alan\u0131n dezenfeksiyon \u00e7a\u011fr\u0131 talebi ise il\u00e7e belediyeleri koordineli olarak kar\u015f\u0131land\u0131.\u00a0<br \/>\nKriz merkezine gelen \u00e7a\u011fr\u0131lardan 5 bin 968\u2019ini vatanda\u015flar\u0131n korona vir\u00fcs salg\u0131n\u0131 ile merak etti\u011fi konular olu\u015fturdu. Korona vir\u00fcse kar\u015f\u0131 ki\u015fisel temizlik ve dezenfeksiyonun nas\u0131l yap\u0131lmas\u0131 gerekti\u011fini soran vatanda\u015flara \u00e7a\u011fr\u0131 kar\u015f\u0131lama personeli taraf\u0131ndan gerekli bilgiler aktar\u0131l\u0131yor. B\u00fcy\u00fck\u015fehir ayr\u0131ca merkeze gelen \u00e7a\u011fr\u0131 yo\u011funlu\u011funu da dikkate alarak vatanda\u015flar\u0131n ihtiya\u00e7lar\u0131na daha h\u0131zl\u0131 yan\u0131t verebilmek ad\u0131na yeni whatsapp hatlar\u0131 kurdu. \u0130htiya\u00e7lar\u0131n\u0131 whatsapp hatt\u0131 \u00fczerinden ula\u015ft\u0131rmak isteyen vatanda\u015flar 0531 571 46 37(38-39) numaralardan ve ya\u015fad\u0131klar\u0131 mahallelerin muhtarlar\u0131 \u00fczerinden ileti\u015fim kurabiliyor.\u00a0<br \/>\nBebe\u011fi sadece mama ile beslenebilen dar gelirli aileler merkeze ba\u015fvurdu\u011funda, bebeklerinin mamas\u0131 B\u00fcy\u00fck\u015fehir Belediyesi ekiplerince evlerine teslim ediliyor. Destekten yararlanan bebeklerin ailesine verilecek pakette ayr\u0131ca bebek bezi, \u0131slak mendil, bebek sabunu ve bebek \u015fampuan\u0131 da yer al\u0131yor. B\u00f6ylece, 6-12 ay aras\u0131 bebe\u011fi bulunan aileler hem bu zor g\u00fcnlerde ekonomik olarak rahatl\u0131yor hem de anne ve babalar\u0131n evden \u00e7\u0131kma gerek\u00e7elerinden biri daha ortadan kald\u0131r\u0131lm\u0131\u015f oluyor. Merkez b\u00fcnyesinde olu\u015fturulan 0530 844 23 33 numaral\u0131 whatsapp hatt\u0131na \u015fimdiye kadar 5 bin 596 aile mama talebinde bulundu.\u00a0<br \/>\nB\u00fcy\u00fck\u015fehir Belediyesi ayr\u0131ca aile sa\u011fl\u0131\u011f\u0131 merkezi \u00e7al\u0131\u015fanlar\u0131na, talepleri halinde \u00fccretsiz servis ve yemek hizmeti sunuyor. \u015eu ana kadar Akdeniz\u2019de 10, Mezitli\u2019de 4, Toroslar\u2019da 8 ve Yeni\u015fehir\u2019de 6 aile sa\u011fl\u0131\u011f\u0131 merkezi olmak \u00fczere toplamda 28 aile sa\u011fl\u0131\u011f\u0131 merkezindeki 261 sa\u011fl\u0131k \u00e7al\u0131\u015fan\u0131na \u00f6\u011fle yeme\u011fi hizmeti veriliyor.\u00a0<\/p>\n","protected":false},"excerpt":{"rendered":"<p>Korona vir\u00fcs (Kovid-19) salg\u0131n\u0131 ile etkin bir m\u00fccadeleye imza atan ve B\u00fcy\u00fck\u015fehir Belediyesi\u2019nin \u00f6nc\u00fcl\u00fc\u011f\u00fcnde olu\u015fturulan kriz merkezi, Mersin halk\u0131na daha iyi hizmet verebilmek ad\u0131na b\u00fcy\u00fct\u00fcld\u00fc. Personel say\u0131s\u0131 50\u2019ye y\u00fckseltilen merkezde, &hellip; <a href=\"https:\/\/mersinekonomipolitikagazetesi.com\/?p=6476\" class=\"more-link\">Devam\u0131n\u0131 Oku&#8230;<\/a><\/p>\n","protected":false},"author":1,"featured_media":0,"comment_status":"open","ping_status":"open","sticky":false,"template":"","format":"standard","meta":[],"categories":[],"tags":[],"_links":{"self":[{"href":"https:\/\/mersinekonomipolitikagazetesi.com\/index.php?rest_route=\/wp\/v2\/posts\/6476"}],"collection":[{"href":"https:\/\/mersinekonomipolitikagazetesi.com\/index.php?rest_route=\/wp\/v2\/posts"}],"about":[{"href":"https:\/\/mersinekonomipolitikagazetesi.com\/index.php?rest_route=\/wp\/v2\/types\/post"}],"author":[{"embeddable":true,"href":"https:\/\/mersinekonomipolitikagazetesi.com\/index.php?rest_route=\/wp\/v2\/users\/1"}],"replies":[{"embeddable":true,"href":"https:\/\/mersinekonomipolitikagazetesi.com\/index.php?rest_route=%2Fwp%2Fv2%2Fcomments&post=6476"}],"version-history":[{"count":0,"href":"https:\/\/mersinekonomipolitikagazetesi.com\/index.php?rest_route=\/wp\/v2\/posts\/6476\/revisions"}],"wp:attachment":[{"href":"https:\/\/mersinekonomipolitikagazetesi.com\/index.php?rest_route=%2Fwp%2Fv2%2Fmedia&parent=6476"}],"wp:term":[{"taxonomy":"category","embeddable":true,"href":"https:\/\/mersinekonomipolitikagazetesi.com\/index.php?rest_route=%2Fwp%2Fv2%2Fcategories&post=6476"},{"taxonomy":"post_tag","embeddable":true,"href":"https:\/\/mersinekonomipolitikagazetesi.com\/index.php?rest_route=%2Fwp%2Fv2%2Ftags&post=6476"}],"curies":[{"name":"wp","href":"https:\/\/api.w.org\/{rel}","templated":true}]}}