{"id":6477,"date":"2020-11-04T18:26:59","date_gmt":"2020-11-04T15:26:59","guid":{"rendered":"http:\/\/mersinekonomipolitikagazetesi.com\/?p=6477"},"modified":"2020-11-04T18:26:59","modified_gmt":"2020-11-04T15:26:59","slug":"vali-su-turk-polis-teskilatinin-175-kurulus-yil-donumunu-kutladi","status":"publish","type":"post","link":"https:\/\/mersinekonomipolitikagazetesi.com\/?p=6477","title":{"rendered":"Vali Su, T\u00fcrk Polis Te\u015fkilat\u0131n\u0131n 175. kurulu\u015f y\u0131l d\u00f6n\u00fcm\u00fcn\u00fc kutlad\u0131"},"content":{"rendered":"<p><span style=\"line-height: 1.6em;\">\u00a0Mersin Valisi Ali \u0130hsan Su, 10 Nisan T\u00fcrk Polis Te\u015fkilat\u0131n\u0131n 175. kurulu\u015f y\u0131l d\u00f6n\u00fcm\u00fcn\u00fc kutlad\u0131. Polis te\u015fkilat\u0131n\u0131n, korona vir\u00fcs salg\u0131n\u0131yla m\u00fccadelede b\u00fcy\u00fck bir \u00f6zveriyle \u00e7al\u0131\u015ft\u0131\u011f\u0131n\u0131 belirten Vali Su, bu m\u00fccadelenin t\u00fcm neferlerine \u015f\u00fckranlar\u0131n\u0131 sundu.\u00a0<\/span><\/p>\n<p>Vali Su, T\u00fcrk Polis Te\u015fkilat\u0131n\u0131n kurulu\u015f y\u0131l d\u00f6n\u00fcm\u00fc dolay\u0131s\u0131yla mesaj yay\u0131nlad\u0131. Mesaj\u0131nda, g\u00fcvenlik g\u00fc\u00e7lerinin \u00e7ok \u00f6nemli bir par\u00e7as\u0131 olan T\u00fcrk Polis Te\u015fkilat\u0131n\u0131n, milletin huzur ve emniyetinin sa\u011flanmas\u0131 i\u00e7in 175 y\u0131ld\u0131r canla-ba\u015fla hizmet verdi\u011fini vurgulayan Su, \u201cKuruldu\u011fu g\u00fcnden beri \u00fcstlendi\u011fi g\u00f6revi lay\u0131k\u0131yla yapmaya gayret g\u00f6steren polis te\u015fkilat\u0131m\u0131z, d\u00fcnya genelinde oldu\u011fu gibi \u00fclkemizde de devam eden Kovid-19 salg\u0131n\u0131 ile m\u00fccadelede sa\u011fl\u0131k g\u00f6revlilerimiz gibi b\u00fcy\u00fck bir \u00f6zveri ile \u00e7al\u0131\u015fmaya devam etmektedir. Gecesini g\u00fcnd\u00fcz\u00fcne katarak milletimizin ve \u00fclkemizin bu salg\u0131n\u0131 en az hasarla atlatmas\u0131na bu m\u00fccadelenin en \u00f6n saflar\u0131nda yer alarak yo\u011fun gayret g\u00f6steren ba\u015fta sa\u011fl\u0131k \u00e7al\u0131\u015fanlar\u0131m\u0131z ve emniyet g\u00fc\u00e7lerimiz olmak \u00fczere bu m\u00fccadelenin t\u00fcm neferlerine \u015f\u00fckranlar\u0131m\u0131 sunuyorum. T\u00fcrk Polis Te\u015fkilat\u0131m\u0131z\u0131n 175. kurulu\u015f y\u0131l d\u00f6n\u00fcm\u00fcn\u00fc kutluyor, bu kutlu \u00e7at\u0131 alt\u0131nda g\u00f6revlerini ifa ederken \u015fahadet mertebesine eri\u015fen t\u00fcm g\u00fcvenlik g\u00fc\u00e7lerimizi rahmetle, kahraman gazilerimizi minnetle an\u0131yor, g\u00f6revlerini b\u00fcy\u00fck fedakarl\u0131klarla yerine getirmeye devam eden t\u00fcm polislerimize sa\u011fl\u0131k, mutluluk ve ba\u015far\u0131lar diliyorum\u201d dedi.\u00a0<\/p>\n","protected":false},"excerpt":{"rendered":"<p>\u00a0Mersin Valisi Ali \u0130hsan Su, 10 Nisan T\u00fcrk Polis Te\u015fkilat\u0131n\u0131n 175. kurulu\u015f y\u0131l d\u00f6n\u00fcm\u00fcn\u00fc kutlad\u0131. Polis te\u015fkilat\u0131n\u0131n, korona vir\u00fcs salg\u0131n\u0131yla m\u00fccadelede b\u00fcy\u00fck bir \u00f6zveriyle \u00e7al\u0131\u015ft\u0131\u011f\u0131n\u0131 belirten Vali Su, bu m\u00fccadelenin &hellip; <a href=\"https:\/\/mersinekonomipolitikagazetesi.com\/?p=6477\" class=\"more-link\">Devam\u0131n\u0131 Oku&#8230;<\/a><\/p>\n","protected":false},"author":1,"featured_media":0,"comment_status":"open","ping_status":"open","sticky":false,"template":"","format":"standard","meta":[],"categories":[],"tags":[],"_links":{"self":[{"href":"https:\/\/mersinekonomipolitikagazetesi.com\/index.php?rest_route=\/wp\/v2\/posts\/6477"}],"collection":[{"href":"https:\/\/mersinekonomipolitikagazetesi.com\/index.php?rest_route=\/wp\/v2\/posts"}],"about":[{"href":"https:\/\/mersinekonomipolitikagazetesi.com\/index.php?rest_route=\/wp\/v2\/types\/post"}],"author":[{"embeddable":true,"href":"https:\/\/mersinekonomipolitikagazetesi.com\/index.php?rest_route=\/wp\/v2\/users\/1"}],"replies":[{"embeddable":true,"href":"https:\/\/mersinekonomipolitikagazetesi.com\/index.php?rest_route=%2Fwp%2Fv2%2Fcomments&post=6477"}],"version-history":[{"count":0,"href":"https:\/\/mersinekonomipolitikagazetesi.com\/index.php?rest_route=\/wp\/v2\/posts\/6477\/revisions"}],"wp:attachment":[{"href":"https:\/\/mersinekonomipolitikagazetesi.com\/index.php?rest_route=%2Fwp%2Fv2%2Fmedia&parent=6477"}],"wp:term":[{"taxonomy":"category","embeddable":true,"href":"https:\/\/mersinekonomipolitikagazetesi.com\/index.php?rest_route=%2Fwp%2Fv2%2Fcategories&post=6477"},{"taxonomy":"post_tag","embeddable":true,"href":"https:\/\/mersinekonomipolitikagazetesi.com\/index.php?rest_route=%2Fwp%2Fv2%2Ftags&post=6477"}],"curies":[{"name":"wp","href":"https:\/\/api.w.org\/{rel}","templated":true}]}}